{"id":314999,"date":"2017-03-03T00:10:12","date_gmt":"2017-03-03T06:10:12","guid":{"rendered":"http:\/\/www.diarioimagen.net\/?p=314999"},"modified":"2017-03-03T01:56:39","modified_gmt":"2017-03-03T07:56:39","slug":"mexico-y-eu-deben-trabajar-en-conjunto-se-necesitan-osorio-chong","status":"publish","type":"post","link":"https:\/\/www.diarioimagen.net\/?p=314999","title":{"rendered":"M\u00e9xico y EU deben trabajar en conjunto; se necesitan: Osorio Chong"},"content":{"rendered":"<p><a href=\"http:\/\/www.diarioimagen.net\/?attachment_id=315066\" rel=\"attachment wp-att-315066\"><img loading=\"lazy\" decoding=\"async\" class=\"aligncenter size-large wp-image-315066\" src=\"http:\/\/www.diarioimagen.net\/wp-content\/uploads\/2017\/03\/OSORIO-3070-460x259.jpg\" alt=\"\" width=\"460\" height=\"259\" srcset=\"https:\/\/www.diarioimagen.net\/wp-content\/uploads\/2017\/03\/OSORIO-3070-460x259.jpg 460w, https:\/\/www.diarioimagen.net\/wp-content\/uploads\/2017\/03\/OSORIO-3070-240x135.jpg 240w, https:\/\/www.diarioimagen.net\/wp-content\/uploads\/2017\/03\/OSORIO-3070-235x132.jpg 235w, https:\/\/www.diarioimagen.net\/wp-content\/uploads\/2017\/03\/OSORIO-3070-202x114.jpg 202w, https:\/\/www.diarioimagen.net\/wp-content\/uploads\/2017\/03\/OSORIO-3070-350x196.jpg 350w, https:\/\/www.diarioimagen.net\/wp-content\/uploads\/2017\/03\/OSORIO-3070-220x123.jpg 220w, https:\/\/www.diarioimagen.net\/wp-content\/uploads\/2017\/03\/OSORIO-3070-237x132.jpg 237w, https:\/\/www.diarioimagen.net\/wp-content\/uploads\/2017\/03\/OSORIO-3070.jpg 480w\" sizes=\"auto, (max-width: 460px) 100vw, 460px\" \/><\/a><\/p>\n<p>&nbsp;<\/p>\n<p>El secretario de Gobernaci\u00f3n, Miguel \u00c1ngel Osorio Chong, destac\u00f3 el trabajo conjunto, la coordinaci\u00f3n, entendimiento y buena vecindad, que existe entre M\u00e9xico y Estados Unidos en diversas \u00e1reas, m\u00e1s all\u00e1 de \u201cvernos como extra\u00f1os o como contrarios\u201d.<\/p>\n<p>En el municipio de Teotihuac\u00e1n, Estado de M\u00e9xico, donde entreg\u00f3 equipo a la Polic\u00eda Federal en materia de Protecci\u00f3n Civil, el funcionario federal dijo que ambas naciones se necesitan.<\/p>\n","protected":false},"excerpt":{"rendered":"<p>El secretario de Gobernaci\u00f3n, Miguel \u00c1ngel Osorio Chong, destac\u00f3 el trabajo conjunto, la coordinaci\u00f3n, entendimiento y buena vecindad, que existe entre M\u00e9xico y Estados Unidos en diversas \u00e1reas, m\u00e1s all\u00e1 de \u201cvernos como extra\u00f1os o como contrarios\u201d.<\/p>\n","protected":false},"author":3,"featured_media":315066,"comment_status":"open","ping_status":"open","sticky":false,"template":"","format":"standard","meta":{"_monsterinsights_skip_tracking":false,"_monsterinsights_sitenote_active":false,"_monsterinsights_sitenote_note":"","_monsterinsights_sitenote_category":0,"footnotes":""},"categories":[3],"tags":[177,44,3676],"class_list":["post-314999","post","type-post","status-publish","format-standard","has-post-thumbnail","hentry","category-nacional","tag-estados-unidos","tag-mexico","tag-miguel-angel-osorio-chong"],"_links":{"self":[{"href":"https:\/\/www.diarioimagen.net\/index.php?rest_route=\/wp\/v2\/posts\/314999","targetHints":{"allow":["GET"]}}],"collection":[{"href":"https:\/\/www.diarioimagen.net\/index.php?rest_route=\/wp\/v2\/posts"}],"about":[{"href":"https:\/\/www.diarioimagen.net\/index.php?rest_route=\/wp\/v2\/types\/post"}],"author":[{"embeddable":true,"href":"https:\/\/www.diarioimagen.net\/index.php?rest_route=\/wp\/v2\/users\/3"}],"replies":[{"embeddable":true,"href":"https:\/\/www.diarioimagen.net\/index.php?rest_route=%2Fwp%2Fv2%2Fcomments&post=314999"}],"version-history":[{"count":0,"href":"https:\/\/www.diarioimagen.net\/index.php?rest_route=\/wp\/v2\/posts\/314999\/revisions"}],"wp:featuredmedia":[{"embeddable":true,"href":"https:\/\/www.diarioimagen.net\/index.php?rest_route=\/wp\/v2\/media\/315066"}],"wp:attachment":[{"href":"https:\/\/www.diarioimagen.net\/index.php?rest_route=%2Fwp%2Fv2%2Fmedia&parent=314999"}],"wp:term":[{"taxonomy":"category","embeddable":true,"href":"https:\/\/www.diarioimagen.net\/index.php?rest_route=%2Fwp%2Fv2%2Fcategories&post=314999"},{"taxonomy":"post_tag","embeddable":true,"href":"https:\/\/www.diarioimagen.net\/index.php?rest_route=%2Fwp%2Fv2%2Ftags&post=314999"}],"curies":[{"name":"wp","href":"https:\/\/api.w.org\/{rel}","templated":true}]}}