{"id":315276,"date":"2017-03-06T00:11:16","date_gmt":"2017-03-06T06:11:16","guid":{"rendered":"http:\/\/www.diarioimagen.net\/?p=315276"},"modified":"2017-03-07T01:53:10","modified_gmt":"2017-03-07T07:53:10","slug":"pena-nieto-descalifica-a-sus-opositores","status":"publish","type":"post","link":"https:\/\/www.diarioimagen.net\/?p=315276","title":{"rendered":"Pe\u00f1a Nieto descalifica a sus opositores"},"content":{"rendered":"<h2>Tras la puerta del poder<\/h2>\n<h5>Roberto Vizca\u00edno<\/h5>\n<p>&nbsp;<\/p>\n<div id=\"attachment_315316\" style=\"width: 470px\" class=\"wp-caption aligncenter\"><a href=\"http:\/\/www.diarioimagen.net\/wp-content\/uploads\/2017\/03\/el-pri-no-pacta-maral-3071.jpg\"><img loading=\"lazy\" decoding=\"async\" aria-describedby=\"caption-attachment-315316\" class=\"size-large wp-image-315316\" src=\"http:\/\/www.diarioimagen.net\/wp-content\/uploads\/2017\/03\/el-pri-no-pacta-maral-3071-460x302.jpg\" alt=\"\" width=\"460\" height=\"302\" srcset=\"https:\/\/www.diarioimagen.net\/wp-content\/uploads\/2017\/03\/el-pri-no-pacta-maral-3071-460x302.jpg 460w, https:\/\/www.diarioimagen.net\/wp-content\/uploads\/2017\/03\/el-pri-no-pacta-maral-3071-240x158.jpg 240w, https:\/\/www.diarioimagen.net\/wp-content\/uploads\/2017\/03\/el-pri-no-pacta-maral-3071-768x504.jpg 768w, https:\/\/www.diarioimagen.net\/wp-content\/uploads\/2017\/03\/el-pri-no-pacta-maral-3071.jpg 1200w\" sizes=\"auto, (max-width: 460px) 100vw, 460px\" \/><\/a><p id=\"caption-attachment-315316\" class=\"wp-caption-text\">El PRI no pacta&#8230; | Maral<\/p><\/div>\n<p>&nbsp;<\/p>\n<p>El s\u00e1bado pasado el momento fue \u00fanico para Enrique Pe\u00f1a Nieto.<\/p>\n<p>Ah\u00ed, ante la c\u00fapula del pri\u00edsmo de este momento, en el inicio del fin de su mandato, el Presidente de la Rep\u00fablica regres\u00f3 a las bases del tricolor para dejar en claro que:<\/p>\n<p>&#8211; M\u00e9xico se jugar\u00e1 su futuro en las elecciones de 2017 y las del 2018. Al advertirlo, acept\u00f3 impl\u00edcitamente que el PRI puede perder no s\u00f3lo las gubernaturas y alcald\u00edas en juego en esos procesos, sino la Presidencia de la Rep\u00fablica.<\/p>\n<p>&#8211; Que es mentira el comentario que corre por las venas pol\u00edticas del pa\u00eds respecto de que, ante el crecimiento de Andr\u00e9s Manuel L\u00f3pez Obrador, ya habr\u00eda concertado la derrota del PRI en las presidenciales de 2018 en favor de un candidato de \u201cunidad\u201d de esencia panista, arreglo que se supone habr\u00eda hecho con Ricardo Anaya y Felipe Calder\u00f3n. \u00bfPactar para una derrota del PRI?, \u00a1Nunca!, afirm\u00f3.<\/p>\n<p>&#8211; Y en respuesta advirti\u00f3: Vamos por todos los cargos en 2017 y 2018. Est\u00e1 en nuestro ADN pri\u00edsta el competir para ganar, afirm\u00f3<\/p>\n<p>Y a sabiendas de que en su caso no se puede separar la figura del Presidente de la Rep\u00fablica con la del militante partidista, Enrique Pe\u00f1a Nieto analiz\u00f3 y calific\u00f3 a sus opositores a quienes coloc\u00f3 en el nivel de incapaces y oportunistas, vac\u00edos de propuestas y sin calidad para encabezar ni el poder ni el Estado en M\u00e9xico.<\/p>\n<p>As\u00ed lo mismo vapule\u00f3 al PAN que fustig\u00f3 a AMLO y desech\u00f3 al PRD.<\/p>\n<p>\u201cQued\u00f3 demostrado en enero de este a\u00f1o que la oposici\u00f3n sigue sin estar lista para ser gobierno. Sin distinci\u00f3n de colores, exhibieron su oportunismo pol\u00edtico, demandando subsidiar la gasolina. Evidenciaron su total desconocimiento de las finanzas p\u00fablicas del pa\u00eds, su falta de visi\u00f3n de Estado o simple y llanamente que est\u00e1n dispuestos a sacrificar la estabilidad econ\u00f3mica del pa\u00eds para ganarse un aplauso y un respaldo f\u00e1cil\u201d, enumer\u00f3 para encuadrar a cada uno.<\/p>\n<p>Por el contrario, afirm\u00f3, el PRI no es un partido que \u201cpatea el bote o nada de muertito (como lo hizo Ricardo Anaya con el PAN). No somos el partido que enga\u00f1a con ilusiones y promueve la divisi\u00f3n (como lo hizo y hace L\u00f3pez Obrador), no; el PRI es el partido de cambio con responsabilidad\u201d, continu\u00f3.<\/p>\n<p>Y, contra lo que afirman otros de su mismo partido, Pe\u00f1a Nieto acept\u00f3 que s\u00ed, que las elecciones de junio en Coahuila, Nayarit, Veracruz y el Estado de M\u00e9xico son\u00a0 la antesala de las elecciones de 2018, incluida la Presidencial.<\/p>\n<p>\u201cLo que se estar\u00e1 decidiendo en las urnas es el futuro de M\u00e9xico. Est\u00e1 en riesgo la educaci\u00f3n de calidad que merecen nuestros ni\u00f1os; que nuestros j\u00f3venes encuentren un empleo, como hoy lo est\u00e1n haciendo; est\u00e1 en riesgo la modernizaci\u00f3n de nuestro sector energ\u00e9tico y de telecomunicaciones\u201d, enfatiz\u00f3.<\/p>\n<p>Como acto sobresaliente dentro del festejo del 88 aniversario del PRI, Pe\u00f1a Nieto y Enrique Ochoa Reza entregaron a Manlio Fabio Beltrones la presea Plutarco El\u00edas Calles, el m\u00e1ximo reconocimiento que otorga este partido a sus militantes.<\/p>\n<p>El acto sirvi\u00f3 para dejar impresa la imagen de un reencuentro interno en el PRI, urgido de unidad con sus bases pol\u00edticas.<\/p>\n<p>La segunda visita de Pe\u00f1a Nieto a la sede nacional del PRI dentro de la presidencia de Ochoa Reza, estuvo enmarcada con la asistencia de los secretarios Miguel \u00c1ngel Osorio Chong, sin duda el puntero en la carrera pri\u00edsta por la candidatura presidencial; Aurelio Nu\u00f1o, de la SEP; Jos\u00e9 Antonio Meade, de la SHCP y Pedro Joaqu\u00edn Coldwell, de Energ\u00eda.<\/p>\n<p>Al lado de Pe\u00f1a estuvo el senador Emilio Gamboa y un poco m\u00e1s all\u00e1 el diputado federal C\u00e9sar Camacho.<\/p>\n<p>Entre los gobernadores tricolores se vio a Eruviel \u00c1vila, el Estado de M\u00e9xico;\u00a0 Omar Fayad, de Hidalgo; Rub\u00e9n Moreira, de Coahuila y el junior Alejandro Murat, de Oaxaca, entre otros.<\/p>\n<p>No asistieron el apestado Jos\u00e9 Murat ni el titular de Relaciones Exteriores, Luis Videgaray.<\/p>\n<p style=\"text-align: center;\"><strong>REESTRUCTURACI\u00d3N<\/strong><\/p>\n<p>En los d\u00edas previos el presidente del PRI Enrique Ochoa Reza ejecut\u00f3 con precisi\u00f3n una serie de nombramientos con los que hoy lunes el PRI muestra una recomposici\u00f3n a fondo:<\/p>\n<p>El m\u00e1s sobresaliente sin duda fue la muy anunciada inclusi\u00f3n de Claudia Ruiz Massieu, quien fue designada secretaria de Organizaci\u00f3n s\u00f3lo para que horas despu\u00e9s, por prelaci\u00f3n, pasara a ocupar la Secretar\u00eda General del partido, cargo que dej\u00f3 vacante la fulminante renuncia de Carolina Monroy del Mazo.<\/p>\n<p>En senador Arturo Zamora igual asumi\u00f3 la secretar\u00eda general de la CNOP en una jugada que dej\u00f3 fuera de ese cargo al sucio ex gobernador de Oaxaca, Jos\u00e9 Murat, a quien sin embargo se anunci\u00f3 ex traorficialmente como nuevo presidente de la Fundaci\u00f3n Colosio.<\/p>\n<p style=\"text-align: center;\"><strong>MURAT, EL APESTADO<\/strong><\/p>\n<p>Murat, quien estuvo a punto de ser expulsado del PRI por apoyar a un candidato de la oposici\u00f3n en Oaxaca, fue descartado para encabezar la CNOP ante la ola de inconformidad interna expresada ante Ochoa Reza.<\/p>\n<p>Hoy, esa misma ola ha crecido e involucrando a amplios e importantes sectores externos del PRI como el period\u00edstico, intelectual y acad\u00e9mico los cuales no comprenden c\u00f3mo Ochoa Reza podr\u00eda designar a Murat, \u201cEl Apestado\u201d, cuando fue este sujeto quien llev\u00f3 a Colosio al sitio donde lo asesinaron.<\/p>\n<p>Todos, dentro y fuera del tricolor saben que este nombramiento distorsionar\u00eda no s\u00f3lo el mensaje mismo del presidente Enrique Pe\u00f1a Nieto en el 88 aniversario del PRI y la reestructuraci\u00f3n emprendida en la c\u00fapula del partido por Ochoa Reza.<\/p>\n<p>Quedar\u00eda para la historia de Ochoa Reza el haber ligado su nombre y liderazgo a la inclusi\u00f3n de uno de los pol\u00edticos m\u00e1s deleznables del pa\u00eds.<\/p>\n<p>\u201cSer\u00eda la confirmaci\u00f3n de que el PRI con Ochoa Reza sigue siendo un partido corrupto\u2026\u00a0 que promueve a lo peor de la pol\u00edtica\u2026\u201d, afirm\u00f3 un viejo y apreciado dirigente.<\/p>\n<p>De seguir adelante la decisi\u00f3n de colocarlo en la Fundaci\u00f3n Colosio, Murat, \u201cEl Apestoso\u201d, ser\u00eda quien tuviera bajo su responsabilidad el desarrollo de las plataformas electorales de los candidatos pri\u00edstas en 2017 y 2018, incluido el presidencial.<\/p>\n<p>\u201c\u00bfPor qu\u00e9 insiste Ochoa Reza en ligar su futuro a una de las m\u00e1s oscuras historias del viejo pri\u00edsmo?&#8230; Ser\u00eda bueno que a Murat mejor lo premiara con un consulado en, por ejemplo, Mongolia o las islas Malvinas, donde no pueda transar a nadie\u2026 \u00a1S\u00ed\u2026 lo m\u00e1s lejos de M\u00e9xico!\u201d, afirm\u00f3 el mismo militante.<\/p>\n<p style=\"text-align: center;\"><strong>\u00bfMENSAJE ANTICIPADO?<\/strong><\/p>\n<p>Al amparo de toda una ola de informaciones pol\u00edticas, nacionales e internacionales, el presidente Enrique Pe\u00f1a Nieto design\u00f3 durante el fin de la semana a la diputada mexiquense Laura Barrera Fortoul, como Directora General del Sistema Nacional DIF en sustituci\u00f3n de Laura Vargas Carrillo.<\/p>\n<p>Ocurre que la directora saliente es la esposa del secretario de Gobernaci\u00f3n Miguel \u00c1ngel Osorio Chong.<\/p>\n<p>En este contexto de reacomodos y preparativos para las nuevas batallas la titularidad de Laura Vargas Carrillo en el DIF no encuadraba dentro de un posible destape de su marido como candidato a la Presidencia de la Rep\u00fablica, cosa que deber\u00e1 ocurrir hacia fines de este a\u00f1o.<\/p>\n<p>\u00bfSer\u00e1 un aviso?<\/p>\n<p><em><a href=\"mailto:rvizcainoa@gmail.com\" target=\"_blank\">rvizcainoa@gmail.com<\/a><\/em><br \/>\n<em><a href=\"http:\/\/www.endirecto.com.mx\/\" target=\"_blank\">www.endirecto.com.mx<\/a><\/em><br \/>\n<em><a href=\"https:\/\/twitter.com\/_rvizcaino\" target=\"_blank\">@_RVizcaino<\/a><\/em><br \/>\n<a href=\"https:\/\/www.facebook.com\/rvizcainoa\" target=\"_blank\">f<em>acebook.com\/rvizcainoa<\/em><\/a><\/p>\n","protected":false},"excerpt":{"rendered":"<p><span style=\"color: #005497;\"><strong>Roberto Vizca\u00edno<\/strong><\/span><br \/>\n<br \/>\nEl s\u00e1bado pasado el momento fue \u00fanico para Enrique Pe\u00f1a Nieto.<\/p>\n","protected":false},"author":3,"featured_media":315316,"comment_status":"open","ping_status":"open","sticky":false,"template":"","format":"standard","meta":{"_monsterinsights_skip_tracking":false,"_monsterinsights_sitenote_active":false,"_monsterinsights_sitenote_note":"","_monsterinsights_sitenote_category":0,"footnotes":""},"categories":[136],"tags":[43674,93,94],"class_list":["post-315276","post","type-post","status-publish","format-standard","has-post-thumbnail","hentry","category-roberto-vizcaino-opinion","tag-opinion","tag-roberto-vizcaino","tag-tras-la-puerta-del-poder"],"_links":{"self":[{"href":"https:\/\/www.diarioimagen.net\/index.php?rest_route=\/wp\/v2\/posts\/315276","targetHints":{"allow":["GET"]}}],"collection":[{"href":"https:\/\/www.diarioimagen.net\/index.php?rest_route=\/wp\/v2\/posts"}],"about":[{"href":"https:\/\/www.diarioimagen.net\/index.php?rest_route=\/wp\/v2\/types\/post"}],"author":[{"embeddable":true,"href":"https:\/\/www.diarioimagen.net\/index.php?rest_route=\/wp\/v2\/users\/3"}],"replies":[{"embeddable":true,"href":"https:\/\/www.diarioimagen.net\/index.php?rest_route=%2Fwp%2Fv2%2Fcomments&post=315276"}],"version-history":[{"count":0,"href":"https:\/\/www.diarioimagen.net\/index.php?rest_route=\/wp\/v2\/posts\/315276\/revisions"}],"wp:featuredmedia":[{"embeddable":true,"href":"https:\/\/www.diarioimagen.net\/index.php?rest_route=\/wp\/v2\/media\/315316"}],"wp:attachment":[{"href":"https:\/\/www.diarioimagen.net\/index.php?rest_route=%2Fwp%2Fv2%2Fmedia&parent=315276"}],"wp:term":[{"taxonomy":"category","embeddable":true,"href":"https:\/\/www.diarioimagen.net\/index.php?rest_route=%2Fwp%2Fv2%2Fcategories&post=315276"},{"taxonomy":"post_tag","embeddable":true,"href":"https:\/\/www.diarioimagen.net\/index.php?rest_route=%2Fwp%2Fv2%2Ftags&post=315276"}],"curies":[{"name":"wp","href":"https:\/\/api.w.org\/{rel}","templated":true}]}}