{"id":315338,"date":"2017-03-07T00:07:28","date_gmt":"2017-03-07T06:07:28","guid":{"rendered":"http:\/\/www.diarioimagen.net\/?p=315338"},"modified":"2017-03-08T00:21:25","modified_gmt":"2017-03-08T06:21:25","slug":"aumenta-en-edomex-la-cobertura-escolar-en-primaria-y-secundaria","status":"publish","type":"post","link":"https:\/\/www.diarioimagen.net\/?p=315338","title":{"rendered":"Aumenta la cobertura en primaria y secundaria: EAV"},"content":{"rendered":"<ul>\n<li><strong><em>Ang\u00e9lica Rivera de Pe\u00f1a reconoci\u00f3 los programas del GEM<\/em><\/strong><\/li>\n<\/ul>\n<p>&nbsp;<\/p>\n<div id=\"attachment_315339\" style=\"width: 470px\" class=\"wp-caption aligncenter\"><a href=\"http:\/\/www.diarioimagen.net\/?attachment_id=315339\" rel=\"attachment wp-att-315339\"><img loading=\"lazy\" decoding=\"async\" aria-describedby=\"caption-attachment-315339\" class=\"size-large wp-image-315339\" src=\"http:\/\/www.diarioimagen.net\/wp-content\/uploads\/2017\/03\/ERUVIEL7-portal-460x268.jpg\" alt=\"\" width=\"460\" height=\"268\" srcset=\"https:\/\/www.diarioimagen.net\/wp-content\/uploads\/2017\/03\/ERUVIEL7-portal-460x268.jpg 460w, https:\/\/www.diarioimagen.net\/wp-content\/uploads\/2017\/03\/ERUVIEL7-portal-240x140.jpg 240w, https:\/\/www.diarioimagen.net\/wp-content\/uploads\/2017\/03\/ERUVIEL7-portal.jpg 480w\" sizes=\"auto, (max-width: 460px) 100vw, 460px\" \/><\/a><p id=\"caption-attachment-315339\" class=\"wp-caption-text\">Eruviel \u00c1vila y la se\u00f1ora Ang\u00e9lica Rivera de Pe\u00f1a, presidenta del Consejo Ciudadano Consultivo del Sistema Nacional DIF, encabezaron las Acciones por la Educaci\u00f3n.<\/p><\/div>\n<p>&nbsp;<\/p>\n<p><strong>Metepec, Estado de M\u00e9xico<\/strong>.- El gobernador Eruviel \u00c1vila Villegas afirm\u00f3 que producto de los programas y acciones encaminadas a mejorar la ense\u00f1anza, en el Estado de M\u00e9xico ha disminuido el rezago educativo, ya que se ha logrado incrementar la cobertura escolar de nivel primaria en 100 por ciento, de secundaria en 98.5 por ciento; adem\u00e1s disminuy\u00f3 la reprobaci\u00f3n en primaria en 1.7 por ciento y en secundaria en 3.7 por ciento.<\/p>\n<p>\u201cDe acuerdo al Coneval, a un estudio que realiz\u00f3, el Estado de M\u00e9xico es una de las tres entidades federativas que m\u00e1s disminuy\u00f3 el rezago educativo; esto que quiere decir, que el trabajo vienen haciendo las maestras, los maestros, los padres de familia, los alumnos, los gobiernos federal, estatal, municipal, nos dicen que vamos por buena ruta, por buen camino, aunque todav\u00eda falta por hacer\u201d, se\u00f1al\u00f3 el mandatario mexiquense\u201d, expres\u00f3<\/p>\n<p>En el municipio de Metepec, al encabezar junto con Ang\u00e9lica Rivera de Pe\u00f1a, presidenta del Consejo Ciudadano Consultivo del Sistema Nacional DIF, las Acciones por la Educaci\u00f3n, el gobernador entreg\u00f3 becas a alumnos integrantes de las escoltas y a estudiantes de excelencia.<\/p>\n<p>Por su parte, la se\u00f1ora Ang\u00e9lica Rivera de Pe\u00f1a reconoci\u00f3 los programas que ha emprendido el gobierno del Estado de M\u00e9xico, que permiten alcanzar los resultados que destaca el Coneval, y felicit\u00f3 a los padres de familia por apoyar a sus hijos en materia educativa, lo cual har\u00e1 que tengan una mejor calidad de vida.<\/p>\n<p>\u201cEl Estado de M\u00e9xico tiene muchos programas y ustedes los saben, y son programas muy grandes para apoyar y ayudar a quien m\u00e1s lo necesita. Muchas felicidades gobernador por todos los programas en favor de las familias mexicanas; en el Estado de M\u00e9xico se gobierna con sensibilidad y se gobierna con el coraz\u00f3n\u201d, puntualiz\u00f3.<\/p>\n<p>El mandatario de Edomex y la se\u00f1ora Ang\u00e9lica Rivera de Pe\u00f1a hicieron entrega de becas, pelucas oncol\u00f3gicas para ni\u00f1as con c\u00e1ncer y seguros para jefas de familia.<\/p>\n","protected":false},"excerpt":{"rendered":"<p>El gobernador Eruviel \u00c1vila Villegas afirm\u00f3 que producto de los programas y acciones encaminadas a mejorar la ense\u00f1anza, en el Estado de M\u00e9xico ha disminuido el rezago educativo, ya que se ha logrado incrementar la cobertura escolar de nivel primaria en 100 por ciento, de secundaria en 98.5 por ciento; adem\u00e1s disminuy\u00f3 la reprobaci\u00f3n en primaria en 1.7 por ciento y en secundaria en 3.7 por ciento.<\/p>\n","protected":false},"author":5,"featured_media":315339,"comment_status":"open","ping_status":"open","sticky":false,"template":"","format":"standard","meta":{"_monsterinsights_skip_tracking":false,"_monsterinsights_sitenote_active":false,"_monsterinsights_sitenote_note":"","_monsterinsights_sitenote_category":0,"footnotes":""},"categories":[5],"tags":[2954,68,5828,43675,876,15765],"class_list":["post-315338","post","type-post","status-publish","format-standard","has-post-thumbnail","hentry","category-estado-de-mexico","tag-dif","tag-edomex","tag-eruviel-avila-villegas","tag-estado-de-mexico","tag-metepec","tag-secundaria"],"_links":{"self":[{"href":"https:\/\/www.diarioimagen.net\/index.php?rest_route=\/wp\/v2\/posts\/315338","targetHints":{"allow":["GET"]}}],"collection":[{"href":"https:\/\/www.diarioimagen.net\/index.php?rest_route=\/wp\/v2\/posts"}],"about":[{"href":"https:\/\/www.diarioimagen.net\/index.php?rest_route=\/wp\/v2\/types\/post"}],"author":[{"embeddable":true,"href":"https:\/\/www.diarioimagen.net\/index.php?rest_route=\/wp\/v2\/users\/5"}],"replies":[{"embeddable":true,"href":"https:\/\/www.diarioimagen.net\/index.php?rest_route=%2Fwp%2Fv2%2Fcomments&post=315338"}],"version-history":[{"count":0,"href":"https:\/\/www.diarioimagen.net\/index.php?rest_route=\/wp\/v2\/posts\/315338\/revisions"}],"wp:featuredmedia":[{"embeddable":true,"href":"https:\/\/www.diarioimagen.net\/index.php?rest_route=\/wp\/v2\/media\/315339"}],"wp:attachment":[{"href":"https:\/\/www.diarioimagen.net\/index.php?rest_route=%2Fwp%2Fv2%2Fmedia&parent=315338"}],"wp:term":[{"taxonomy":"category","embeddable":true,"href":"https:\/\/www.diarioimagen.net\/index.php?rest_route=%2Fwp%2Fv2%2Fcategories&post=315338"},{"taxonomy":"post_tag","embeddable":true,"href":"https:\/\/www.diarioimagen.net\/index.php?rest_route=%2Fwp%2Fv2%2Ftags&post=315338"}],"curies":[{"name":"wp","href":"https:\/\/api.w.org\/{rel}","templated":true}]}}