{"id":315412,"date":"2017-03-07T00:06:27","date_gmt":"2017-03-07T06:06:27","guid":{"rendered":"http:\/\/www.diarioimagen.net\/?p=315412"},"modified":"2017-03-07T02:21:20","modified_gmt":"2017-03-07T08:21:20","slug":"reciben-tlalnepantlenses-recursos-del-programa-de-empleo-temporal","status":"publish","type":"post","link":"https:\/\/www.diarioimagen.net\/?p=315412","title":{"rendered":"Reciben tlalnepantlenses recursos del programa de empleo temporal"},"content":{"rendered":"<ul>\n<li><strong><em>Entregados por la Semarnat<\/em><\/strong><\/li>\n<\/ul>\n<p>&nbsp;<\/p>\n<div id=\"attachment_315497\" style=\"width: 470px\" class=\"wp-caption aligncenter\"><a href=\"http:\/\/www.diarioimagen.net\/?attachment_id=315497\" rel=\"attachment wp-att-315497\"><img loading=\"lazy\" decoding=\"async\" aria-describedby=\"caption-attachment-315497\" class=\"size-large wp-image-315497\" src=\"http:\/\/www.diarioimagen.net\/wp-content\/uploads\/2017\/03\/TLALNEPANTLA-3072-460x259.jpg\" alt=\"\" width=\"460\" height=\"259\" srcset=\"https:\/\/www.diarioimagen.net\/wp-content\/uploads\/2017\/03\/TLALNEPANTLA-3072-460x259.jpg 460w, https:\/\/www.diarioimagen.net\/wp-content\/uploads\/2017\/03\/TLALNEPANTLA-3072-240x135.jpg 240w, https:\/\/www.diarioimagen.net\/wp-content\/uploads\/2017\/03\/TLALNEPANTLA-3072-235x132.jpg 235w, https:\/\/www.diarioimagen.net\/wp-content\/uploads\/2017\/03\/TLALNEPANTLA-3072-202x114.jpg 202w, https:\/\/www.diarioimagen.net\/wp-content\/uploads\/2017\/03\/TLALNEPANTLA-3072-350x196.jpg 350w, https:\/\/www.diarioimagen.net\/wp-content\/uploads\/2017\/03\/TLALNEPANTLA-3072-220x123.jpg 220w, https:\/\/www.diarioimagen.net\/wp-content\/uploads\/2017\/03\/TLALNEPANTLA-3072-237x132.jpg 237w, https:\/\/www.diarioimagen.net\/wp-content\/uploads\/2017\/03\/TLALNEPANTLA-3072.jpg 480w\" sizes=\"auto, (max-width: 460px) 100vw, 460px\" \/><\/a><p id=\"caption-attachment-315497\" class=\"wp-caption-text\">La presidenta municipal, Denisse Ugalde Alegr\u00eda, destac\u00f3 trascendencia del Programa de \u00a0Empleo Temporal de la Semarnat.<\/p><\/div>\n<p>&nbsp;<\/p>\n<p><strong>Tlalnepantla, Estado de M\u00e9xico<\/strong>.- La alcaldesa Denisse Ugalde Alegr\u00eda atestigu\u00f3 la entrega de recursos del Programa de Empleo Temporal que la Semarnat otorg\u00f3 a 352 tlalnepantlenses, quienes llevar\u00e1n a cabo la conservaci\u00f3n de ocho espacios p\u00fablicos del municipio, entre parques y \u00a0deportivos.<\/p>\n<p>Ante el secretario de Medio Ambiente y Recursos Naturales, Rafael Pacchiano Alam\u00e1n, la presidenta municipal destac\u00f3 la trascendencia de este programa federal, ya que adem\u00e1s de procurar el cuidado de \u00e1reas verdes, incentiva la participaci\u00f3n de la ciudadan\u00eda, al laborar en la rehabilitaci\u00f3n de sus espacios y recibir una remuneraci\u00f3n por dicho trabajo.<\/p>\n<p>Detall\u00f3 que los recursos asignados para este programa ascienden a un mill\u00f3n 69 mil 440 pesos, de los cuales, 216 mil son destinados para la adquisici\u00f3n de herramientas y materiales y el resto para solventar el pago de los 352 tlalnepantlenses que prestar\u00e1n su mano de obra para efectuar la limpieza, recolecci\u00f3n y separaci\u00f3n de residuos s\u00f3lidos.<\/p>\n<p>Ugalde Alegr\u00eda reiter\u00f3 que en Tlalnepantla se tiene un gran compromiso con el cuidado del medio ambiente, de ah\u00ed que esta iniciativa federal reforzar\u00e1 las acciones que el gobierno local lleva a cabo en esta materia.<\/p>\n<p>En su oportunidad, Rafael Pacchiano Alam\u00e1n resalt\u00f3 que para el presidente de la Rep\u00fablica, \u00a0Enrique Pe\u00f1a Nieto,\u00a0es de gran importancia la protecci\u00f3n de los recursos naturales, de ah\u00ed que se impulsen estas acciones de conservaci\u00f3n y limpieza de zonas forestales.<\/p>\n<p>Puntualiz\u00f3 que durante el 2016, el Estado de M\u00e9xico recibi\u00f3 83 millones de pesos para la preservaci\u00f3n del medio ambiente y para este a\u00f1o se registra un incremento en dicho presupuesto, el cual ascender\u00e1 a los 95 millones.<\/p>\n<p>Sobre este programa, el director de Desarrollo Social, Juan Carlos P\u00e9rez Saavedra, inform\u00f3 que los ocho proyectos productivos y de conservaci\u00f3n del medio ambiente trabajar\u00e1n en la limpieza, recolecci\u00f3n y separaci\u00f3n de residuos s\u00f3lidos de dos deportivos y seis parques.<\/p>\n<p>&nbsp;<\/p>\n","protected":false},"excerpt":{"rendered":"<p>a alcaldesa Denisse Ugalde Alegr\u00eda atestigu\u00f3 la entrega de recursos del Programa de Empleo Temporal que la Semarnat otorg\u00f3 a 352 tlalnepantlenses, quienes llevar\u00e1n a cabo la conservaci\u00f3n de ocho espacios p\u00fablicos del municipio, entre parques y  deportivos.<\/p>\n","protected":false},"author":3,"featured_media":315497,"comment_status":"open","ping_status":"open","sticky":false,"template":"","format":"standard","meta":{"_monsterinsights_skip_tracking":false,"_monsterinsights_sitenote_active":false,"_monsterinsights_sitenote_note":"","_monsterinsights_sitenote_category":0,"footnotes":""},"categories":[35155],"tags":[45490,28938,43675,169],"class_list":["post-315412","post","type-post","status-publish","format-standard","has-post-thumbnail","hentry","category-estado-de-mexico-estado-de-mexico","tag-denisse-ugalde-alegria","tag-empleo-temporal","tag-estado-de-mexico","tag-tlalnepantla"],"_links":{"self":[{"href":"https:\/\/www.diarioimagen.net\/index.php?rest_route=\/wp\/v2\/posts\/315412","targetHints":{"allow":["GET"]}}],"collection":[{"href":"https:\/\/www.diarioimagen.net\/index.php?rest_route=\/wp\/v2\/posts"}],"about":[{"href":"https:\/\/www.diarioimagen.net\/index.php?rest_route=\/wp\/v2\/types\/post"}],"author":[{"embeddable":true,"href":"https:\/\/www.diarioimagen.net\/index.php?rest_route=\/wp\/v2\/users\/3"}],"replies":[{"embeddable":true,"href":"https:\/\/www.diarioimagen.net\/index.php?rest_route=%2Fwp%2Fv2%2Fcomments&post=315412"}],"version-history":[{"count":0,"href":"https:\/\/www.diarioimagen.net\/index.php?rest_route=\/wp\/v2\/posts\/315412\/revisions"}],"wp:featuredmedia":[{"embeddable":true,"href":"https:\/\/www.diarioimagen.net\/index.php?rest_route=\/wp\/v2\/media\/315497"}],"wp:attachment":[{"href":"https:\/\/www.diarioimagen.net\/index.php?rest_route=%2Fwp%2Fv2%2Fmedia&parent=315412"}],"wp:term":[{"taxonomy":"category","embeddable":true,"href":"https:\/\/www.diarioimagen.net\/index.php?rest_route=%2Fwp%2Fv2%2Fcategories&post=315412"},{"taxonomy":"post_tag","embeddable":true,"href":"https:\/\/www.diarioimagen.net\/index.php?rest_route=%2Fwp%2Fv2%2Ftags&post=315412"}],"curies":[{"name":"wp","href":"https:\/\/api.w.org\/{rel}","templated":true}]}}