{"id":315416,"date":"2017-03-07T00:04:04","date_gmt":"2017-03-07T06:04:04","guid":{"rendered":"http:\/\/www.diarioimagen.net\/?p=315416"},"modified":"2017-03-07T02:23:40","modified_gmt":"2017-03-07T08:23:40","slug":"dan-el-banderazo-de-salida-a-otros-40-autobuses-en-nicolas-romero","status":"publish","type":"post","link":"https:\/\/www.diarioimagen.net\/?p=315416","title":{"rendered":"Dan el banderazo de salida a otros 40 autobuses en Nicol\u00e1s Romero"},"content":{"rendered":"<ul>\n<li><strong><em>Transporte comprometido con el gobierno<\/em><\/strong><\/li>\n<\/ul>\n<p>&nbsp;<\/p>\n<div id=\"attachment_315502\" style=\"width: 470px\" class=\"wp-caption aligncenter\"><a href=\"http:\/\/www.diarioimagen.net\/?attachment_id=315502\" rel=\"attachment wp-att-315502\"><img loading=\"lazy\" decoding=\"async\" aria-describedby=\"caption-attachment-315502\" class=\"size-large wp-image-315502\" src=\"http:\/\/www.diarioimagen.net\/wp-content\/uploads\/2017\/03\/NICOLAS-3072-460x259.jpg\" alt=\"\" width=\"460\" height=\"259\" srcset=\"https:\/\/www.diarioimagen.net\/wp-content\/uploads\/2017\/03\/NICOLAS-3072-460x259.jpg 460w, https:\/\/www.diarioimagen.net\/wp-content\/uploads\/2017\/03\/NICOLAS-3072-240x135.jpg 240w, https:\/\/www.diarioimagen.net\/wp-content\/uploads\/2017\/03\/NICOLAS-3072-235x132.jpg 235w, https:\/\/www.diarioimagen.net\/wp-content\/uploads\/2017\/03\/NICOLAS-3072-202x114.jpg 202w, https:\/\/www.diarioimagen.net\/wp-content\/uploads\/2017\/03\/NICOLAS-3072-350x196.jpg 350w, https:\/\/www.diarioimagen.net\/wp-content\/uploads\/2017\/03\/NICOLAS-3072-220x123.jpg 220w, https:\/\/www.diarioimagen.net\/wp-content\/uploads\/2017\/03\/NICOLAS-3072-237x132.jpg 237w, https:\/\/www.diarioimagen.net\/wp-content\/uploads\/2017\/03\/NICOLAS-3072.jpg 480w\" sizes=\"auto, (max-width: 460px) 100vw, 460px\" \/><\/a><p id=\"caption-attachment-315502\" class=\"wp-caption-text\">El Secretario de Movilidad del Gobierno del Estado de M\u00e9xico, Edmundo Ranero, asisti\u00f3 a la segunda sesi\u00f3n del consejo municipal.<\/p><\/div>\n<p>&nbsp;<\/p>\n<p><strong>Nicol\u00e1s Romero, Estado de M\u00e9xico<\/strong>.- Ante la concentraci\u00f3n en el sal\u00f3n Bicentenario ubicado en el palacio municipal, los transportistas, en conjunto con Angelina Carre\u00f1o, recibieron a Edmundo Ranero, secretario de Movilidad en el gobierno del Estado de M\u00e9xico, el cual acudi\u00f3 a esta ciuxdad a la segunda sesi\u00f3n del consejo municipal.<\/p>\n<p>Acto en donde rindieron protesta los nuevos integrantes de dicho organismo para trabajar de la mano en pro de los habitantes del municipio.<\/p>\n<p>Al t\u00e9rmino de dicha sesi\u00f3n, en un recorrido; se dio el banderazo de salida a 40 unidades nuevas de la empresa Autobuses R\u00e1pidos del Valle de M\u00e9xico que brindar\u00e1n el servicio a los habitantes de Nicol\u00e1s Romero y municipios vecinos. Estos veh\u00edculos cuentan con GPS y c\u00e1maras de video vigilancia ofreciendo una mejor seguridad a los usuarios.<\/p>\n<p>Por otro lado, los funcionarios estatales y municipales visitaron la empresa \u201cTrasportistas Unidos del Valle de M\u00e9xico clave 10 S.A de C.V (Ruta 10), la cual ha sido pionera en el consumo de gas natural, mediante la carburaci\u00f3n de unidades m\u00f3viles que abastecen a m\u00e1s de 250 unidades de forma diaria. Lo que permite a los empresarios consumir combustible m\u00e1s econ\u00f3mico y con el ahorro del 50%, destinar en autom\u00e1tico diariamente al financiamiento de su parque vehicular.<\/p>\n<p>Angelina Carre\u00f1o reconoci\u00f3 el trabajo de los empresarios los cuales siempre han estado trabajando de la mano con el ayuntamiento y reafirm\u00f3 el compromiso por hacer lo conducente para generar las condiciones \u00f3ptimas que permitan crecer en el rubro de transporte con la disponibilidad que ofrece el gobernador del estado en voz del secretario de Movilidad.<\/p>\n<p>&nbsp;<\/p>\n","protected":false},"excerpt":{"rendered":"<p>Ante la concentraci\u00f3n en el sal\u00f3n Bicentenario ubicado en el palacio municipal, los transportistas, en conjunto con Angelina Carre\u00f1o, recibieron a Edmundo Ranero, secretario de Movilidad en el gobierno del Estado de M\u00e9xico, el cual acudi\u00f3 a esta ciuxdad a la segunda sesi\u00f3n del consejo municipal.<\/p>\n","protected":false},"author":3,"featured_media":315502,"comment_status":"open","ping_status":"open","sticky":false,"template":"","format":"standard","meta":{"_monsterinsights_skip_tracking":false,"_monsterinsights_sitenote_active":false,"_monsterinsights_sitenote_note":"","_monsterinsights_sitenote_category":0,"footnotes":""},"categories":[35155],"tags":[47248,22588,43675,752],"class_list":["post-315416","post","type-post","status-publish","format-standard","has-post-thumbnail","hentry","category-estado-de-mexico-estado-de-mexico","tag-angelina-carreno-mijares","tag-banderazo","tag-estado-de-mexico","tag-nicolas-romero"],"_links":{"self":[{"href":"https:\/\/www.diarioimagen.net\/index.php?rest_route=\/wp\/v2\/posts\/315416","targetHints":{"allow":["GET"]}}],"collection":[{"href":"https:\/\/www.diarioimagen.net\/index.php?rest_route=\/wp\/v2\/posts"}],"about":[{"href":"https:\/\/www.diarioimagen.net\/index.php?rest_route=\/wp\/v2\/types\/post"}],"author":[{"embeddable":true,"href":"https:\/\/www.diarioimagen.net\/index.php?rest_route=\/wp\/v2\/users\/3"}],"replies":[{"embeddable":true,"href":"https:\/\/www.diarioimagen.net\/index.php?rest_route=%2Fwp%2Fv2%2Fcomments&post=315416"}],"version-history":[{"count":0,"href":"https:\/\/www.diarioimagen.net\/index.php?rest_route=\/wp\/v2\/posts\/315416\/revisions"}],"wp:featuredmedia":[{"embeddable":true,"href":"https:\/\/www.diarioimagen.net\/index.php?rest_route=\/wp\/v2\/media\/315502"}],"wp:attachment":[{"href":"https:\/\/www.diarioimagen.net\/index.php?rest_route=%2Fwp%2Fv2%2Fmedia&parent=315416"}],"wp:term":[{"taxonomy":"category","embeddable":true,"href":"https:\/\/www.diarioimagen.net\/index.php?rest_route=%2Fwp%2Fv2%2Fcategories&post=315416"},{"taxonomy":"post_tag","embeddable":true,"href":"https:\/\/www.diarioimagen.net\/index.php?rest_route=%2Fwp%2Fv2%2Ftags&post=315416"}],"curies":[{"name":"wp","href":"https:\/\/api.w.org\/{rel}","templated":true}]}}