{"id":315420,"date":"2017-03-07T00:02:49","date_gmt":"2017-03-07T06:02:49","guid":{"rendered":"http:\/\/www.diarioimagen.net\/?p=315420"},"modified":"2017-03-07T02:30:54","modified_gmt":"2017-03-07T08:30:54","slug":"inaugura-adan-barron-obras-de-pavimentacion","status":"publish","type":"post","link":"https:\/\/www.diarioimagen.net\/?p=315420","title":{"rendered":"Inaugura Ad\u00e1n Barr\u00f3n obras de pavimentaci\u00f3n"},"content":{"rendered":"<p><a href=\"http:\/\/www.diarioimagen.net\/?attachment_id=315509\" rel=\"attachment wp-att-315509\"><img loading=\"lazy\" decoding=\"async\" class=\"aligncenter size-large wp-image-315509\" src=\"http:\/\/www.diarioimagen.net\/wp-content\/uploads\/2017\/03\/TULTITLAN-3072-460x307.jpg\" alt=\"\" width=\"460\" height=\"307\" srcset=\"https:\/\/www.diarioimagen.net\/wp-content\/uploads\/2017\/03\/TULTITLAN-3072-460x307.jpg 460w, https:\/\/www.diarioimagen.net\/wp-content\/uploads\/2017\/03\/TULTITLAN-3072-240x160.jpg 240w, https:\/\/www.diarioimagen.net\/wp-content\/uploads\/2017\/03\/TULTITLAN-3072.jpg 700w\" sizes=\"auto, (max-width: 460px) 100vw, 460px\" \/><\/a><\/p>\n<p>&nbsp;<\/p>\n<p><strong>Tultitl\u00e1n, Estado de M\u00e9xico.- <\/strong>Cumpliendo con las acciones para mejorar la infraestructura vial y elevar la calidad de vida de los tultitlenses, el gobierno que encabeza Jorge Ad\u00e1n Barr\u00f3n Elizalde en conjunto con la Direcci\u00f3n General de Obras P\u00fablicas y vecinos, llevaron a cabo la pavimentaci\u00f3n de las calles Cerrada Ramos Mill\u00e1n y la Ignacio Comonfort, ubicadas en Barrio San Juan, en el centro de la demarcaci\u00f3n.<\/p>\n<p>Durante \u00a0la entrega de\u00a0 los trabajos de la calle Ignacio Comonfort, el Ejecutivo local resalt\u00f3 la importancia de la obra.<\/p>\n","protected":false},"excerpt":{"rendered":"<p>Cumpliendo con las acciones para mejorar la infraestructura vial y elevar la calidad de vida de los tultitlenses, el gobierno que encabeza Jorge Ad\u00e1n Barr\u00f3n Elizalde en conjunto con la Direcci\u00f3n General de Obras P\u00fablicas y vecinos, llevaron a cabo la pavimentaci\u00f3n de las calles Cerrada Ramos Mill\u00e1n y la Ignacio Comonfort, ubicadas en Barrio San Juan, en el centro de la demarcaci\u00f3n.<\/p>\n","protected":false},"author":3,"featured_media":315509,"comment_status":"open","ping_status":"open","sticky":false,"template":"","format":"standard","meta":{"_monsterinsights_skip_tracking":false,"_monsterinsights_sitenote_active":false,"_monsterinsights_sitenote_note":"","_monsterinsights_sitenote_category":0,"footnotes":""},"categories":[35155],"tags":[43675,26038,578],"class_list":["post-315420","post","type-post","status-publish","format-standard","has-post-thumbnail","hentry","category-estado-de-mexico-estado-de-mexico","tag-estado-de-mexico","tag-pavimentacion","tag-tultitlan"],"_links":{"self":[{"href":"https:\/\/www.diarioimagen.net\/index.php?rest_route=\/wp\/v2\/posts\/315420","targetHints":{"allow":["GET"]}}],"collection":[{"href":"https:\/\/www.diarioimagen.net\/index.php?rest_route=\/wp\/v2\/posts"}],"about":[{"href":"https:\/\/www.diarioimagen.net\/index.php?rest_route=\/wp\/v2\/types\/post"}],"author":[{"embeddable":true,"href":"https:\/\/www.diarioimagen.net\/index.php?rest_route=\/wp\/v2\/users\/3"}],"replies":[{"embeddable":true,"href":"https:\/\/www.diarioimagen.net\/index.php?rest_route=%2Fwp%2Fv2%2Fcomments&post=315420"}],"version-history":[{"count":0,"href":"https:\/\/www.diarioimagen.net\/index.php?rest_route=\/wp\/v2\/posts\/315420\/revisions"}],"wp:featuredmedia":[{"embeddable":true,"href":"https:\/\/www.diarioimagen.net\/index.php?rest_route=\/wp\/v2\/media\/315509"}],"wp:attachment":[{"href":"https:\/\/www.diarioimagen.net\/index.php?rest_route=%2Fwp%2Fv2%2Fmedia&parent=315420"}],"wp:term":[{"taxonomy":"category","embeddable":true,"href":"https:\/\/www.diarioimagen.net\/index.php?rest_route=%2Fwp%2Fv2%2Fcategories&post=315420"},{"taxonomy":"post_tag","embeddable":true,"href":"https:\/\/www.diarioimagen.net\/index.php?rest_route=%2Fwp%2Fv2%2Ftags&post=315420"}],"curies":[{"name":"wp","href":"https:\/\/api.w.org\/{rel}","templated":true}]}}