{"id":315643,"date":"2017-03-08T00:02:47","date_gmt":"2017-03-08T06:02:47","guid":{"rendered":"http:\/\/www.diarioimagen.net\/?p=315643"},"modified":"2017-03-08T03:58:40","modified_gmt":"2017-03-08T09:58:40","slug":"compareceran-hoy-en-la-legislatura-secretarios-de-gobierno-y-de-finanzas","status":"publish","type":"post","link":"https:\/\/www.diarioimagen.net\/?p=315643","title":{"rendered":"Comparecer\u00e1n hoy en la Legislatura secretarios de Gobierno y de Finanzas"},"content":{"rendered":"<ul>\n<li><strong><em>Sobre observaciones de la ASF a Cuenta P\u00fablica 2015<\/em><\/strong><\/li>\n<\/ul>\n<p>&nbsp;<\/p>\n<div id=\"attachment_315705\" style=\"width: 232px\" class=\"wp-caption alignleft\"><a href=\"http:\/\/www.diarioimagen.net\/?attachment_id=315705\" rel=\"attachment wp-att-315705\"><img loading=\"lazy\" decoding=\"async\" aria-describedby=\"caption-attachment-315705\" class=\" wp-image-315705\" src=\"http:\/\/www.diarioimagen.net\/wp-content\/uploads\/2017\/03\/LEGISLATURA-3073-307x460.jpg\" alt=\"\" width=\"222\" height=\"333\" srcset=\"https:\/\/www.diarioimagen.net\/wp-content\/uploads\/2017\/03\/LEGISLATURA-3073-307x460.jpg 307w, https:\/\/www.diarioimagen.net\/wp-content\/uploads\/2017\/03\/LEGISLATURA-3073-160x240.jpg 160w, https:\/\/www.diarioimagen.net\/wp-content\/uploads\/2017\/03\/LEGISLATURA-3073.jpg 334w\" sizes=\"auto, (max-width: 222px) 100vw, 222px\" \/><\/a><p id=\"caption-attachment-315705\" class=\"wp-caption-text\">El diputado Cruz Roa S\u00e1nchez inform\u00f3 que este mi\u00e9rcoles se deshogar\u00e1 la comparecencia de los secretarios general de Gobierno, Jos\u00e9 Manzur Quiroga, y de Finanzas, Joaqu\u00edn Castillo Torres.<\/p><\/div>\n<p>Las Comisiones Unidas de Planeaci\u00f3n y Gasto P\u00fablico y de Finanzas P\u00fablicas desahogar\u00e1n, este mi\u00e9rcoles 8 de marzo, la comparecencia de los secretarios general de Gobierno, Jos\u00e9 Manzur Quiroga, y de Finanzas, Joaqu\u00edn Castillo Torres, sobre las observaciones de la Auditor\u00eda Superior de la Federaci\u00f3n (ASF) a la Cuenta P\u00fablica estatal 2015, inform\u00f3 el diputado Cruz Roa S\u00e1nchez, presidente de la Junta de Coordinaci\u00f3n Pol\u00edtica de la 59 Legislatura mexiquense.<\/p>\n<p>Indic\u00f3 que esta reuni\u00f3n de trabajo, que se realizar\u00e1 en el Sal\u00f3n Benito Ju\u00e1rez de la sede legislativa, es en respuesta a la solicitud, realizada a trav\u00e9s del oficio SGG\/0271\/2017 que le turnaron los propios comparecientes, para que expliquen los procedimientos que lleva a cabo el gobierno de la entidad para solventar las observaciones hechas por la ASF, as\u00ed como los plazos y mecanismos de comprobaci\u00f3n que marca la ley.<\/p>\n<p>Cruz Roa explic\u00f3 que, a trav\u00e9s de los oficios correspondientes, se convoc\u00f3 a los dos funcionarios, haci\u00e9ndolo tambi\u00e9n del conocimiento del gobernador Eruviel \u00c1vila Villegas, con fundamento en el art\u00edculo 65 fracci\u00f3n III de la Ley Org\u00e1nica del Poder Legislativo de la entidad y el 17 de su Reglamento.<\/p>\n<p>Cabe se\u00f1alar, que en su solicitud para comparecer ante los diputados locales mexiquenses, Jos\u00e9 Manzur y Joaqu\u00edn Castillo expusieron que la reuni\u00f3n tiene el prop\u00f3sito de explicarles detalladamente a las y los legisladores, \u201clos procedimientos que realiza el Gobierno del Estado de M\u00e9xico para solventar las observaciones detectadas por la ASF\u201d.<\/p>\n<p>Lo anterior, agregan, con el fin de dar certeza al Congreso y a la poblaci\u00f3n, del honesto y transparente manejo de recursos p\u00fablicos que siempre ha caracterizado a la Administraci\u00f3n P\u00fablica Estatal y que ha sido reconocido ampliamente, explica el documento.<\/p>\n<p>&nbsp;<\/p>\n","protected":false},"excerpt":{"rendered":"<p>Las Comisiones Unidas de Planeaci\u00f3n y Gasto P\u00fablico y de Finanzas P\u00fablicas desahogar\u00e1n, este mi\u00e9rcoles 8 de marzo, la comparecencia de los secretarios general de Gobierno, Jos\u00e9 Manzur Quiroga, y de Finanzas, Joaqu\u00edn Castillo Torres, sobre las observaciones de la Auditor\u00eda Superior de la Federaci\u00f3n (ASF) a la Cuenta P\u00fablica estatal 2015, inform\u00f3 el diputado Cruz Roa S\u00e1nchez, presidente de la Junta de Coordinaci\u00f3n Pol\u00edtica de la 59 Legislatura mexiquense.<\/p>\n","protected":false},"author":3,"featured_media":315705,"comment_status":"open","ping_status":"open","sticky":false,"template":"","format":"standard","meta":{"_monsterinsights_skip_tracking":false,"_monsterinsights_sitenote_active":false,"_monsterinsights_sitenote_note":"","_monsterinsights_sitenote_category":0,"footnotes":""},"categories":[35155],"tags":[8986,43675],"class_list":["post-315643","post","type-post","status-publish","format-standard","has-post-thumbnail","hentry","category-estado-de-mexico-estado-de-mexico","tag-asf","tag-estado-de-mexico"],"_links":{"self":[{"href":"https:\/\/www.diarioimagen.net\/index.php?rest_route=\/wp\/v2\/posts\/315643","targetHints":{"allow":["GET"]}}],"collection":[{"href":"https:\/\/www.diarioimagen.net\/index.php?rest_route=\/wp\/v2\/posts"}],"about":[{"href":"https:\/\/www.diarioimagen.net\/index.php?rest_route=\/wp\/v2\/types\/post"}],"author":[{"embeddable":true,"href":"https:\/\/www.diarioimagen.net\/index.php?rest_route=\/wp\/v2\/users\/3"}],"replies":[{"embeddable":true,"href":"https:\/\/www.diarioimagen.net\/index.php?rest_route=%2Fwp%2Fv2%2Fcomments&post=315643"}],"version-history":[{"count":0,"href":"https:\/\/www.diarioimagen.net\/index.php?rest_route=\/wp\/v2\/posts\/315643\/revisions"}],"wp:featuredmedia":[{"embeddable":true,"href":"https:\/\/www.diarioimagen.net\/index.php?rest_route=\/wp\/v2\/media\/315705"}],"wp:attachment":[{"href":"https:\/\/www.diarioimagen.net\/index.php?rest_route=%2Fwp%2Fv2%2Fmedia&parent=315643"}],"wp:term":[{"taxonomy":"category","embeddable":true,"href":"https:\/\/www.diarioimagen.net\/index.php?rest_route=%2Fwp%2Fv2%2Fcategories&post=315643"},{"taxonomy":"post_tag","embeddable":true,"href":"https:\/\/www.diarioimagen.net\/index.php?rest_route=%2Fwp%2Fv2%2Ftags&post=315643"}],"curies":[{"name":"wp","href":"https:\/\/api.w.org\/{rel}","templated":true}]}}