{"id":315795,"date":"2017-03-09T00:09:29","date_gmt":"2017-03-09T06:09:29","guid":{"rendered":"http:\/\/www.diarioimagen.net\/?p=315795"},"modified":"2017-03-09T03:22:11","modified_gmt":"2017-03-09T09:22:11","slug":"cancelan-senadores-equipos-de-fotomulta","status":"publish","type":"post","link":"https:\/\/www.diarioimagen.net\/?p=315795","title":{"rendered":"<em>Cancelan<\/em> senadores equipos de fotomulta"},"content":{"rendered":"<ul>\n<li><strong><em>\u201cAtraco a los automovilistas\u201d<\/em><\/strong><\/li>\n<\/ul>\n<p>&nbsp;<\/p>\n<div id=\"attachment_315897\" style=\"width: 470px\" class=\"wp-caption aligncenter\"><a href=\"http:\/\/www.diarioimagen.net\/?attachment_id=315897\" rel=\"attachment wp-att-315897\"><img loading=\"lazy\" decoding=\"async\" aria-describedby=\"caption-attachment-315897\" class=\"size-large wp-image-315897\" src=\"http:\/\/www.diarioimagen.net\/wp-content\/uploads\/2017\/03\/fotomulta-3074-460x259.jpg\" alt=\"\" width=\"460\" height=\"259\" srcset=\"https:\/\/www.diarioimagen.net\/wp-content\/uploads\/2017\/03\/fotomulta-3074-460x259.jpg 460w, https:\/\/www.diarioimagen.net\/wp-content\/uploads\/2017\/03\/fotomulta-3074-240x135.jpg 240w, https:\/\/www.diarioimagen.net\/wp-content\/uploads\/2017\/03\/fotomulta-3074-235x132.jpg 235w, https:\/\/www.diarioimagen.net\/wp-content\/uploads\/2017\/03\/fotomulta-3074-202x114.jpg 202w, https:\/\/www.diarioimagen.net\/wp-content\/uploads\/2017\/03\/fotomulta-3074-350x196.jpg 350w, https:\/\/www.diarioimagen.net\/wp-content\/uploads\/2017\/03\/fotomulta-3074-220x123.jpg 220w, https:\/\/www.diarioimagen.net\/wp-content\/uploads\/2017\/03\/fotomulta-3074-237x132.jpg 237w, https:\/\/www.diarioimagen.net\/wp-content\/uploads\/2017\/03\/fotomulta-3074.jpg 480w\" sizes=\"auto, (max-width: 460px) 100vw, 460px\" \/><\/a><p id=\"caption-attachment-315897\" class=\"wp-caption-text\">Los senadores Mario Delgado y Mariana G\u00f3mez del Campo cancelaron varios equipos de fotomultas.<\/p><\/div>\n<p>&nbsp;<\/p>\n<p>Entre gritos de apoyo de los automovilistas, los senadores Mario Delgado, de Morena, y Mariana G\u00f3mez del Campo, del PAN, cancelaron varios equipos de fotomultas en la Ciudad de M\u00e9xico.<\/p>\n<p>En Tacuba, en Marina Nacional y Carrillo Puerto, una c\u00e1mara de fotomultas fue clausurada con pegotes por los legisladores integrantes de la Comisi\u00f3n para el Desarrollo Metropolitano.<\/p>\n<p>Despu\u00e9s, entre gritos de apoyo, los legisladores fueron a clausurar otro equipo en Eje 2 y Eje Central.<\/p>\n<p>\u201cBasta ya con este atraco a la poblaci\u00f3n, queremos que se detengan las fotomultas\u201d, dijo el senador al pie de la m\u00e1quina, que algunos vecinos acusaron de activarse sin motivo.<\/p>\n<p>Los legisladores exigieron la cancelaci\u00f3n de este tipo de multas operadas por la empresa a Autotraffic, a quien el jefe degobierno, Miguel \u00c1ngel Mancera, le dej\u00f3 el 46 por ciento de las ganancias.<\/p>\n<p>\u201cEn 2016 se recaudaron m\u00e1s de 267 millones de pesos, de los cuales la empresa que se dedica, seg\u00fan esto, a administrar y operar estos sistemas se va a llevar m\u00e1s de 122 millones de pesos\u201d, acus\u00f3 Delgado.<\/p>\n<p>Luego de que el lunes un juez federal declarara inconstitucional las fotomultas, al considerar que deja en la indefensi\u00f3n y sin derecho de audiencia a los ciudadanos, adem\u00e1s de que la recaudaci\u00f3n se va a un particular, los senadores consideraron que es un buen momento para cancelarlas por completo.<\/p>\n<p>\u201cDebe terminar el abuso que est\u00e1 en contra de la ciudad, porque lo que les interesa es sacar dinero; esto no tiene nada que ver con educar a la gente en prevenci\u00f3n, porque en este momento no hay ni una sola campa\u00f1a de prevenci\u00f3n\u201d, dijo G\u00f3mez del Campo.<\/p>\n<p>La panista record\u00f3 la falta de claridad en la operaci\u00f3n de las c\u00e1maras, pues el contrato completo ha sido negado incluso mediante la ley de transparencia y a la fecha se ignora de cu\u00e1nto es el verdadero costo de su operaci\u00f3n y las ganancias de Autotraffic.<\/p>\n<p>\u201cLas c\u00e1maras de las fotomultas son un negociazo para los privados hay que #EducarNoMultar\u201d, escribi\u00f3 @mario_delgado1.<\/p>\n<p>\u201c\u00a1No m\u00e1s abusos! Entre enero de 2016 y enero 2017, se impusieron 936 mil #FotoMultas. #CDMXsinFotoMultas\u201d, puso @marianagc.<\/p>\n<p>Los legisladores promueven en sus cuentas de Twitter el hashtag #CDMXSinFotoMultas.<\/p>\n<p>&nbsp;<\/p>\n","protected":false},"excerpt":{"rendered":"<p>Entre gritos de apoyo de los automovilistas, los senadores Mario Delgado, de Morena, y Mariana G\u00f3mez del Campo, del PAN, cancelaron varios equipos de fotomultas en la Ciudad de M\u00e9xico.<\/p>\n","protected":false},"author":3,"featured_media":315897,"comment_status":"open","ping_status":"open","sticky":false,"template":"","format":"standard","meta":{"_monsterinsights_skip_tracking":false,"_monsterinsights_sitenote_active":false,"_monsterinsights_sitenote_note":"","_monsterinsights_sitenote_category":0,"footnotes":""},"categories":[6],"tags":[6919,204,47548],"class_list":["post-315795","post","type-post","status-publish","format-standard","has-post-thumbnail","hentry","category-cd-de-mexico","tag-camara-de-senadores","tag-ciudad-de-mexico","tag-fotomultas"],"_links":{"self":[{"href":"https:\/\/www.diarioimagen.net\/index.php?rest_route=\/wp\/v2\/posts\/315795","targetHints":{"allow":["GET"]}}],"collection":[{"href":"https:\/\/www.diarioimagen.net\/index.php?rest_route=\/wp\/v2\/posts"}],"about":[{"href":"https:\/\/www.diarioimagen.net\/index.php?rest_route=\/wp\/v2\/types\/post"}],"author":[{"embeddable":true,"href":"https:\/\/www.diarioimagen.net\/index.php?rest_route=\/wp\/v2\/users\/3"}],"replies":[{"embeddable":true,"href":"https:\/\/www.diarioimagen.net\/index.php?rest_route=%2Fwp%2Fv2%2Fcomments&post=315795"}],"version-history":[{"count":0,"href":"https:\/\/www.diarioimagen.net\/index.php?rest_route=\/wp\/v2\/posts\/315795\/revisions"}],"wp:featuredmedia":[{"embeddable":true,"href":"https:\/\/www.diarioimagen.net\/index.php?rest_route=\/wp\/v2\/media\/315897"}],"wp:attachment":[{"href":"https:\/\/www.diarioimagen.net\/index.php?rest_route=%2Fwp%2Fv2%2Fmedia&parent=315795"}],"wp:term":[{"taxonomy":"category","embeddable":true,"href":"https:\/\/www.diarioimagen.net\/index.php?rest_route=%2Fwp%2Fv2%2Fcategories&post=315795"},{"taxonomy":"post_tag","embeddable":true,"href":"https:\/\/www.diarioimagen.net\/index.php?rest_route=%2Fwp%2Fv2%2Ftags&post=315795"}],"curies":[{"name":"wp","href":"https:\/\/api.w.org\/{rel}","templated":true}]}}