{"id":315797,"date":"2017-03-09T00:07:07","date_gmt":"2017-03-09T06:07:07","guid":{"rendered":"http:\/\/www.diarioimagen.net\/?p=315797"},"modified":"2017-03-10T01:02:57","modified_gmt":"2017-03-10T07:02:57","slug":"anuncian-5-mil-mdp-para-modernizar-el-transporte-publico","status":"publish","type":"post","link":"https:\/\/www.diarioimagen.net\/?p=315797","title":{"rendered":"Anuncian 5 mil mdp para modernizar el transporte p\u00fablico"},"content":{"rendered":"<ul>\n<li><strong><em>Arranca Programa Integral de Financiamiento<\/em><\/strong><\/li>\n<\/ul>\n<p>&nbsp;<\/p>\n<div id=\"attachment_315906\" style=\"width: 470px\" class=\"wp-caption aligncenter\"><a href=\"http:\/\/www.diarioimagen.net\/?attachment_id=315906\" rel=\"attachment wp-att-315906\"><img loading=\"lazy\" decoding=\"async\" aria-describedby=\"caption-attachment-315906\" class=\"size-large wp-image-315906\" src=\"http:\/\/www.diarioimagen.net\/wp-content\/uploads\/2017\/03\/transporte-3074-460x259.jpg\" alt=\"\" width=\"460\" height=\"259\" srcset=\"https:\/\/www.diarioimagen.net\/wp-content\/uploads\/2017\/03\/transporte-3074-460x259.jpg 460w, https:\/\/www.diarioimagen.net\/wp-content\/uploads\/2017\/03\/transporte-3074-240x135.jpg 240w, https:\/\/www.diarioimagen.net\/wp-content\/uploads\/2017\/03\/transporte-3074-235x132.jpg 235w, https:\/\/www.diarioimagen.net\/wp-content\/uploads\/2017\/03\/transporte-3074-202x114.jpg 202w, https:\/\/www.diarioimagen.net\/wp-content\/uploads\/2017\/03\/transporte-3074-350x196.jpg 350w, https:\/\/www.diarioimagen.net\/wp-content\/uploads\/2017\/03\/transporte-3074-220x123.jpg 220w, https:\/\/www.diarioimagen.net\/wp-content\/uploads\/2017\/03\/transporte-3074-237x132.jpg 237w, https:\/\/www.diarioimagen.net\/wp-content\/uploads\/2017\/03\/transporte-3074.jpg 480w\" sizes=\"auto, (max-width: 460px) 100vw, 460px\" \/><\/a><p id=\"caption-attachment-315906\" class=\"wp-caption-text\">Arranc\u00f3 la primera etapa del Programa Integral de Financiamiento para la renovaci\u00f3n del transporte p\u00fablico en el pa\u00eds.<\/p><\/div>\n<p>&nbsp;<\/p>\n<p>Con una inversi\u00f3n inicial de 5 mil millones de pesos, arranc\u00f3 la primera etapa del Programa Integral de Financiamiento para la renovaci\u00f3n del transporte p\u00fablico, que adem\u00e1s de buscar la modernizaci\u00f3n de las unidades, busca la utilizaci\u00f3n de combustibles m\u00e1s baratos y amigables con el medio ambiente, inform\u00f3 la Secretar\u00eda de Hacienda y Cr\u00e9dito P\u00fablico (SHCP).<\/p>\n<p>En la presentaci\u00f3n del programa, el secretario de Hacienda, Jos\u00e9 Antonio Meade, indic\u00f3 que la primera etapa comprende la renovaci\u00f3n de m\u00e1s de 10 mil 500 unidades e inicia en Puebla, pero habr\u00e1 de considerar al Estado de M\u00e9xico, Hidalgo, Morelos, San Luis, Tlaxcala, Ciudad de M\u00e9xico y Zacatecas.<\/p>\n<p>\u201cUn programa que en la medida que vaya teniendo \u00e9xito podr\u00e1 ir creciendo conforme se vayan sumando m\u00e1s estados y m\u00e1s transportistas\u201d, puntualiz\u00f3.<\/p>\n<p>Posterior a su participaci\u00f3n en la presentaci\u00f3n del programa, el secretario de Hacienda coment\u00f3 que en un su primera reuni\u00f3n con el secretario del Tesoro de Estados Unidos, Steven Mnuchin, qued\u00f3 clara la importancia que tiene el vecino del norte para M\u00e9xico, y M\u00e9xico para \u00e9l.<\/p>\n<p>\u201cTenemos una agenda amplia de temas, destacable entre ellos el salvaguardar la integridad del sistema financiero norteamericano, a trav\u00e9s de acciones compartidas y refrendando el compromiso, el secretario del Tesoro norteamericano, de que trabajemos por un M\u00e9xico que tenga una econom\u00eda s\u00f3lida y por una regi\u00f3n norteamericana que se a competitiva y din\u00e1mica, que genere prosperidad y empleos de los dos lados de la frontera\u201d.<\/p>\n<p>En materia de incertidumbre, Meade indic\u00f3 que, en general, M\u00e9xico enfrenta retos muy importantes, \u201cpero hemos venido buscando fortalecer nuestras propias circunstancias y hemos visto unas mejores semanas estas \u00faltimas que las cuales que vimos al principio\u201d.<\/p>\n<p>Abund\u00f3 que \u201cesperamos que en la medida en que sigamos pudiendo aportar por la v\u00eda del di\u00e1logo, por un lado, e internamente por la v\u00eda de las acciones que podamos realizar, para fortalecer los procesos de inversi\u00f3n de generaci\u00f3n de empleo. Hemos visto datos muy alentadores en enero y febrero, tanto de generaci\u00f3n de empleos, de ingresos p\u00fablicos, as\u00ed como de dinamismo de la econom\u00eda, y todo eso sentimos que contribuye a generar un mejor entorno\u201d.<\/p>\n<p>&nbsp;<\/p>\n","protected":false},"excerpt":{"rendered":"<p>Con una inversi\u00f3n inicial de 5 mil millones de pesos, arranc\u00f3 la primera etapa del Programa Integral de Financiamiento para la renovaci\u00f3n del transporte p\u00fablico, que adem\u00e1s de buscar la modernizaci\u00f3n de las unidades, busca la utilizaci\u00f3n de combustibles m\u00e1s baratos y amigables con el medio ambiente, inform\u00f3 la Secretar\u00eda de Hacienda y Cr\u00e9dito P\u00fablico (SHCP).<\/p>\n","protected":false},"author":3,"featured_media":315906,"comment_status":"open","ping_status":"open","sticky":false,"template":"","format":"standard","meta":{"_monsterinsights_skip_tracking":false,"_monsterinsights_sitenote_active":false,"_monsterinsights_sitenote_note":"","_monsterinsights_sitenote_category":0,"footnotes":""},"categories":[8],"tags":[43673,1102],"class_list":["post-315797","post","type-post","status-publish","format-standard","has-post-thumbnail","hentry","category-finanzas","tag-nacional","tag-shcp"],"_links":{"self":[{"href":"https:\/\/www.diarioimagen.net\/index.php?rest_route=\/wp\/v2\/posts\/315797","targetHints":{"allow":["GET"]}}],"collection":[{"href":"https:\/\/www.diarioimagen.net\/index.php?rest_route=\/wp\/v2\/posts"}],"about":[{"href":"https:\/\/www.diarioimagen.net\/index.php?rest_route=\/wp\/v2\/types\/post"}],"author":[{"embeddable":true,"href":"https:\/\/www.diarioimagen.net\/index.php?rest_route=\/wp\/v2\/users\/3"}],"replies":[{"embeddable":true,"href":"https:\/\/www.diarioimagen.net\/index.php?rest_route=%2Fwp%2Fv2%2Fcomments&post=315797"}],"version-history":[{"count":0,"href":"https:\/\/www.diarioimagen.net\/index.php?rest_route=\/wp\/v2\/posts\/315797\/revisions"}],"wp:featuredmedia":[{"embeddable":true,"href":"https:\/\/www.diarioimagen.net\/index.php?rest_route=\/wp\/v2\/media\/315906"}],"wp:attachment":[{"href":"https:\/\/www.diarioimagen.net\/index.php?rest_route=%2Fwp%2Fv2%2Fmedia&parent=315797"}],"wp:term":[{"taxonomy":"category","embeddable":true,"href":"https:\/\/www.diarioimagen.net\/index.php?rest_route=%2Fwp%2Fv2%2Fcategories&post=315797"},{"taxonomy":"post_tag","embeddable":true,"href":"https:\/\/www.diarioimagen.net\/index.php?rest_route=%2Fwp%2Fv2%2Ftags&post=315797"}],"curies":[{"name":"wp","href":"https:\/\/api.w.org\/{rel}","templated":true}]}}