{"id":315831,"date":"2017-03-09T00:03:31","date_gmt":"2017-03-09T06:03:31","guid":{"rendered":"http:\/\/www.diarioimagen.net\/?p=315831"},"modified":"2017-03-10T01:02:33","modified_gmt":"2017-03-10T07:02:33","slug":"meade-mexico-y-eu-acuerdan-trabajar-por-region-competitiva","status":"publish","type":"post","link":"https:\/\/www.diarioimagen.net\/?p=315831","title":{"rendered":"Meade: M\u00e9xico y EU acuerdan trabajar por regi\u00f3n competitiva"},"content":{"rendered":"<p><a href=\"http:\/\/www.diarioimagen.net\/?attachment_id=315911\" rel=\"attachment wp-att-315911\"><img loading=\"lazy\" decoding=\"async\" class=\"aligncenter size-large wp-image-315911\" src=\"http:\/\/www.diarioimagen.net\/wp-content\/uploads\/2017\/03\/MEADE-3074-460x285.jpg\" alt=\"\" width=\"460\" height=\"285\" srcset=\"https:\/\/www.diarioimagen.net\/wp-content\/uploads\/2017\/03\/MEADE-3074-460x285.jpg 460w, https:\/\/www.diarioimagen.net\/wp-content\/uploads\/2017\/03\/MEADE-3074-240x148.jpg 240w, https:\/\/www.diarioimagen.net\/wp-content\/uploads\/2017\/03\/MEADE-3074.jpg 700w\" sizes=\"auto, (max-width: 460px) 100vw, 460px\" \/><\/a><\/p>\n<p>&nbsp;<\/p>\n<p>El titular de la Secretar\u00eda de Hacienda y Cr\u00e9dito P\u00fablico, Jos\u00e9 Antonio Meade, dijo que durante su reuni\u00f3n con el secretario del Tesoro de Estados Unidos, Steven Mnuchin, se refrend\u00f3 el compromiso de trabajar por un M\u00e9xico con econom\u00eda s\u00f3lida y en favor de una regi\u00f3n norteamericana competitiva y din\u00e1mica, que refleje prosperidad y empleo de los dos lados de la frontera.<\/p>\n<p>El funcionario federal destac\u00f3 que adem\u00e1s en el encuentro qued\u00f3 clara la importancia que tiene M\u00e9xico para Estados Unidos y viceversa.<\/p>\n<p>\u201cFue una buena reuni\u00f3n, un buen encuentro. Tenemos una agenda amplia de temas destacables entre ellos, el salvaguardar la integridad del sistema financiero norteamericano a trav\u00e9s de acciones compartidas\u201d, se\u00f1al\u00f3 Meade Kuribre\u00f1a en entrevista al t\u00e9rmino de la presentaci\u00f3n del \u201cPrograma Integral. Financiamiento para renovaci\u00f3n de transporte p\u00fablico\u201d en la ciudad de Puebla.<\/p>\n","protected":false},"excerpt":{"rendered":"<p>El titular de la Secretar\u00eda de Hacienda y Cr\u00e9dito P\u00fablico, Jos\u00e9 Antonio Meade, dijo que durante su reuni\u00f3n con el secretario del Tesoro de Estados Unidos, Steven Mnuchin, se refrend\u00f3 el compromiso de trabajar por un M\u00e9xico con econom\u00eda s\u00f3lida y en favor de una regi\u00f3n norteamericana competitiva y din\u00e1mica, que refleje prosperidad y empleo de los dos lados de la frontera.<\/p>\n","protected":false},"author":3,"featured_media":315911,"comment_status":"open","ping_status":"open","sticky":false,"template":"","format":"standard","meta":{"_monsterinsights_skip_tracking":false,"_monsterinsights_sitenote_active":false,"_monsterinsights_sitenote_note":"","_monsterinsights_sitenote_category":0,"footnotes":""},"categories":[3],"tags":[4225,26429,43679],"class_list":["post-315831","post","type-post","status-publish","format-standard","has-post-thumbnail","hentry","category-nacional","tag-estado-unidos","tag-jose-antonio-meade-kuribrena","tag-mundo"],"_links":{"self":[{"href":"https:\/\/www.diarioimagen.net\/index.php?rest_route=\/wp\/v2\/posts\/315831","targetHints":{"allow":["GET"]}}],"collection":[{"href":"https:\/\/www.diarioimagen.net\/index.php?rest_route=\/wp\/v2\/posts"}],"about":[{"href":"https:\/\/www.diarioimagen.net\/index.php?rest_route=\/wp\/v2\/types\/post"}],"author":[{"embeddable":true,"href":"https:\/\/www.diarioimagen.net\/index.php?rest_route=\/wp\/v2\/users\/3"}],"replies":[{"embeddable":true,"href":"https:\/\/www.diarioimagen.net\/index.php?rest_route=%2Fwp%2Fv2%2Fcomments&post=315831"}],"version-history":[{"count":0,"href":"https:\/\/www.diarioimagen.net\/index.php?rest_route=\/wp\/v2\/posts\/315831\/revisions"}],"wp:featuredmedia":[{"embeddable":true,"href":"https:\/\/www.diarioimagen.net\/index.php?rest_route=\/wp\/v2\/media\/315911"}],"wp:attachment":[{"href":"https:\/\/www.diarioimagen.net\/index.php?rest_route=%2Fwp%2Fv2%2Fmedia&parent=315831"}],"wp:term":[{"taxonomy":"category","embeddable":true,"href":"https:\/\/www.diarioimagen.net\/index.php?rest_route=%2Fwp%2Fv2%2Fcategories&post=315831"},{"taxonomy":"post_tag","embeddable":true,"href":"https:\/\/www.diarioimagen.net\/index.php?rest_route=%2Fwp%2Fv2%2Ftags&post=315831"}],"curies":[{"name":"wp","href":"https:\/\/api.w.org\/{rel}","templated":true}]}}