{"id":316168,"date":"2017-03-13T00:08:47","date_gmt":"2017-03-13T06:08:47","guid":{"rendered":"http:\/\/www.diarioimagen.net\/?p=316168"},"modified":"2017-03-12T22:50:50","modified_gmt":"2017-03-13T04:50:50","slug":"fortalece-edomex-estructura-academica-herrera-anzaldo","status":"publish","type":"post","link":"https:\/\/www.diarioimagen.net\/?p=316168","title":{"rendered":"Destacan beneficios del telef\u00e9rico"},"content":{"rendered":"<h2>Arco Norte<\/h2>\n<h5>Jos\u00e9 Luis Monta\u00f1ez Aguilar<\/h5>\n<p>&nbsp;<\/p>\n<div id=\"attachment_316169\" style=\"width: 470px\" class=\"wp-caption aligncenter\"><a href=\"http:\/\/www.diarioimagen.net\/?attachment_id=316169\" rel=\"attachment wp-att-316169\"><img loading=\"lazy\" decoding=\"async\" aria-describedby=\"caption-attachment-316169\" class=\"size-large wp-image-316169\" src=\"http:\/\/www.diarioimagen.net\/wp-content\/uploads\/2017\/03\/EDUCACION13-portal-460x268.jpg\" alt=\"\" width=\"460\" height=\"268\" srcset=\"https:\/\/www.diarioimagen.net\/wp-content\/uploads\/2017\/03\/EDUCACION13-portal-460x268.jpg 460w, https:\/\/www.diarioimagen.net\/wp-content\/uploads\/2017\/03\/EDUCACION13-portal-240x140.jpg 240w, https:\/\/www.diarioimagen.net\/wp-content\/uploads\/2017\/03\/EDUCACION13-portal.jpg 480w\" sizes=\"auto, (max-width: 460px) 100vw, 460px\" \/><\/a><p id=\"caption-attachment-316169\" class=\"wp-caption-text\">Ana Lilia Herrera Anzaldo asegur\u00f3 que la administraci\u00f3n del gobernador Eruviel \u00c1vila Villegas trascender\u00e1 como el gobierno de la educaci\u00f3n.<\/p><\/div>\n<p>&nbsp;<\/p>\n<p>El gobernador Eruviel \u00c1vila realiz\u00f3 una visita a las instalaciones del Mexicable para supervisar su operaci\u00f3n, adem\u00e1s de platicar con los usuarios. A trav\u00e9s de una transmisi\u00f3n por Facebook Live, Eruviel \u00c1vila destac\u00f3 las bondades de este sistema, el cual es ecol\u00f3gico, ya que utiliza energ\u00eda el\u00e9ctrica y solar, al evitar la emisi\u00f3n de m\u00e1s de 17 mil toneladas de di\u00f3xido de carbono.<\/p>\n<p>Por otra parte, salud\u00f3 a los usuarios del transporte y al personal que opera en las estaciones, y atendi\u00f3 sus peticiones. Tambi\u00e9n inform\u00f3 sobre una jornada de salud m\u00e9dica afuera de las instalaciones de la Estaci\u00f3n 1, Santa Clara, del Mexicable, en donde los usuarios pudieron vacunarse, realizarse chequeos de toma de presi\u00f3n y glucosa.<\/p>\n<p>Cabe se\u00f1alar que de lunes a viernes, el Mexicable transporta aproximadamente 18 mil personas diarias, mientras que los fines de semana m\u00e1s de 25 mil personas usan este sistema, no s\u00f3lo con fines de transporte, sino tambi\u00e9n tur\u00edstico, para apreciar los 52 murales de arte urbano localizados a lo largo de la ruta de casi cinco kil\u00f3metros, que fueron dise\u00f1ados por graffiteros nacionales y extranjeros como parte del programa #LaCalleEsTuya.<\/p>\n<p style=\"text-align: center;\"><strong>Fortalece Edomex estructura acad\u00e9mica: Herrera Anzaldo <\/strong><\/p>\n<p>A fin de fortalecer la estructura acad\u00e9mica de escuelas preparatorias y Centros de Bachillerato Tecnol\u00f3gico (CBT), la secretaria de Educaci\u00f3n, Ana Lilia Herrera Anzaldo, entreg\u00f3 oficios de asignaci\u00f3n de funciones para pedagogos y orientadores t\u00e9cnicos, que se realiz\u00f3 tomando en cuenta su antig\u00fcedad en el servicio, perfil profesional, as\u00ed como la experiencia acad\u00e9mica y administrativa de los docentes.<\/p>\n<p>La secretaria asegur\u00f3 que la administraci\u00f3n de Eruviel \u00c1vila Villegas\u00a0 trascender\u00e1 como el gobierno de la Educaci\u00f3n, en gran medida por el talento, capacidad, entusiasmo y compromiso que acreditan todos los d\u00edas las maestras y maestros con su trabajo; asimismo, inform\u00f3 que la convocatoria para nuevo ingreso docente iniciar\u00e1 este lunes 13 de marzo.<\/p>\n<p>En el evento, en donde se entregaron 399 oficios de asignaci\u00f3n, Herrera Anzaldo se\u00f1al\u00f3 que el magisterio del Estado de M\u00e9xico, adem\u00e1s de ocupar el primer lugar nacional de participaci\u00f3n en la Evaluaci\u00f3n al Desempe\u00f1o, tiene a 5 de los 10 mejores docentes del pa\u00eds.<\/p>\n<p>Abraham Saron\u00e9 Campos, secretario General del Sindicato de Maestros al Servicio del Estado de M\u00e9xico, reconoci\u00f3 el esfuerzo que se hace en la entidad para cubrir el servicio en educaci\u00f3n media superior, que contribuye a evitar la deserci\u00f3n; asimismo dijo que el documento que recibieron\u00a0 representa una oportunidad para trascender profesionalmente.<\/p>\n<p><em><a href=\"mailto:montanezaguilar@gmail.com\" target=\"_blank\">montanezaguilar@gmail.com<\/a><\/em><\/p>\n","protected":false},"excerpt":{"rendered":"<p><span style=\"color: #005497;\">Jos\u00e9 Luis Monta\u00f1ez Aguilar<\/span><br \/>\n<br \/>\nEl gobernador Eruviel \u00c1vila realiz\u00f3 una visita a las instalaciones del Mexicable para supervisar su operaci\u00f3n, adem\u00e1s de platicar con los usuarios. A trav\u00e9s de una transmisi\u00f3n por Facebook Live, Eruviel \u00c1vila destac\u00f3 las bondades de este sistema, el cual es ecol\u00f3gico, ya que utiliza energ\u00eda el\u00e9ctrica y solar, al evitar la emisi\u00f3n de m\u00e1s de 17 mil toneladas de di\u00f3xido de carbono.<\/p>\n","protected":false},"author":5,"featured_media":316169,"comment_status":"open","ping_status":"open","sticky":false,"template":"","format":"standard","meta":{"_monsterinsights_skip_tracking":false,"_monsterinsights_sitenote_active":false,"_monsterinsights_sitenote_note":"","_monsterinsights_sitenote_category":0,"footnotes":""},"categories":[5],"tags":[5828],"class_list":["post-316168","post","type-post","status-publish","format-standard","has-post-thumbnail","hentry","category-estado-de-mexico","tag-eruviel-avila-villegas"],"_links":{"self":[{"href":"https:\/\/www.diarioimagen.net\/index.php?rest_route=\/wp\/v2\/posts\/316168","targetHints":{"allow":["GET"]}}],"collection":[{"href":"https:\/\/www.diarioimagen.net\/index.php?rest_route=\/wp\/v2\/posts"}],"about":[{"href":"https:\/\/www.diarioimagen.net\/index.php?rest_route=\/wp\/v2\/types\/post"}],"author":[{"embeddable":true,"href":"https:\/\/www.diarioimagen.net\/index.php?rest_route=\/wp\/v2\/users\/5"}],"replies":[{"embeddable":true,"href":"https:\/\/www.diarioimagen.net\/index.php?rest_route=%2Fwp%2Fv2%2Fcomments&post=316168"}],"version-history":[{"count":0,"href":"https:\/\/www.diarioimagen.net\/index.php?rest_route=\/wp\/v2\/posts\/316168\/revisions"}],"wp:featuredmedia":[{"embeddable":true,"href":"https:\/\/www.diarioimagen.net\/index.php?rest_route=\/wp\/v2\/media\/316169"}],"wp:attachment":[{"href":"https:\/\/www.diarioimagen.net\/index.php?rest_route=%2Fwp%2Fv2%2Fmedia&parent=316168"}],"wp:term":[{"taxonomy":"category","embeddable":true,"href":"https:\/\/www.diarioimagen.net\/index.php?rest_route=%2Fwp%2Fv2%2Fcategories&post=316168"},{"taxonomy":"post_tag","embeddable":true,"href":"https:\/\/www.diarioimagen.net\/index.php?rest_route=%2Fwp%2Fv2%2Ftags&post=316168"}],"curies":[{"name":"wp","href":"https:\/\/api.w.org\/{rel}","templated":true}]}}