{"id":316171,"date":"2017-03-13T00:07:39","date_gmt":"2017-03-13T06:07:39","guid":{"rendered":"http:\/\/www.diarioimagen.net\/?p=316171"},"modified":"2017-03-14T01:04:45","modified_gmt":"2017-03-14T07:04:45","slug":"supervisa-eruviel-avila-servicio-que-ofrece-el-mexicable","status":"publish","type":"post","link":"https:\/\/www.diarioimagen.net\/?p=316171","title":{"rendered":"Supervisa Eruviel \u00c1vila el servicio del Mexicable"},"content":{"rendered":"<ul>\n<li><strong><em>El gobernador mexiquense dialog\u00f3 con vecinos y usuarios<\/em><\/strong><\/li>\n<\/ul>\n<p>&nbsp;<\/p>\n<div id=\"attachment_316178\" style=\"width: 470px\" class=\"wp-caption aligncenter\"><a href=\"http:\/\/www.diarioimagen.net\/?attachment_id=316178\" rel=\"attachment wp-att-316178\"><img loading=\"lazy\" decoding=\"async\" aria-describedby=\"caption-attachment-316178\" class=\"size-large wp-image-316178\" src=\"http:\/\/www.diarioimagen.net\/wp-content\/uploads\/2017\/03\/ERUVIEL13-portal-460x268.jpg\" alt=\"\" width=\"460\" height=\"268\" srcset=\"https:\/\/www.diarioimagen.net\/wp-content\/uploads\/2017\/03\/ERUVIEL13-portal-460x268.jpg 460w, https:\/\/www.diarioimagen.net\/wp-content\/uploads\/2017\/03\/ERUVIEL13-portal-240x140.jpg 240w, https:\/\/www.diarioimagen.net\/wp-content\/uploads\/2017\/03\/ERUVIEL13-portal.jpg 480w\" sizes=\"auto, (max-width: 460px) 100vw, 460px\" \/><\/a><p id=\"caption-attachment-316178\" class=\"wp-caption-text\">Acude Eruviel \u00c1vila a San Andr\u00e9s de la Ca\u00f1ada a saludar a los vecinos y verificar el funcionamiento del telef\u00e9rico.<\/p><\/div>\n<p>&nbsp;<\/p>\n<p><strong>Ecatepec, Estado de M\u00e9xico<\/strong>.- A casi seis meses de haber sido inaugurado el Mexicable, primer telef\u00e9rico de Am\u00e9rica del Norte que funciona como transporte p\u00fablico, el gobernador Eruviel \u00c1vila Villegas realiz\u00f3 una visita a las instalaciones con el prop\u00f3sito de supervisar su operaci\u00f3n y platic\u00f3 con los usuarios.<\/p>\n<p>\u201cLa gente saldr\u00e1 de la estaci\u00f3n uno del Mexicable y podr\u00e1 subirse aqu\u00ed al Mexib\u00fas, este Mexib\u00fas los llevar\u00e1 hasta Indios Verdes, esto es parte de un sistema de comunicaci\u00f3n de movilidad, que adem\u00e1s es de bajo costo y sea ecol\u00f3gico, ese es el objetivo\u201d, puntualiz\u00f3.<\/p>\n<p>A trav\u00e9s de una transmisi\u00f3n v\u00eda Facebook Live, el gobernador mexiquense destac\u00f3 las bondades de este sistema, el cual es ecol\u00f3gico, ya que utiliza energ\u00eda el\u00e9ctrica y solar, por lo que su nivel de emisiones es bajo, adem\u00e1s de que evita la emisi\u00f3n de m\u00e1s de 17 mil toneladas de di\u00f3xido de carbono.<\/p>\n<p>Eruviel \u00c1vila tambi\u00e9n salud\u00f3 a los usuarios del transporte y al personal que opera en las estaciones, y atendi\u00f3 sus peticiones.<\/p>\n<p>Acompa\u00f1ado del secretario de Salud estatal, Cesar G\u00f3mez Monge, y del secretario de Infraestructura, Francisco Gonz\u00e1lez Zozaya, el mandatario estatal verific\u00f3 tambi\u00e9n los servicios que se ofrecieron en una jornada de salud m\u00e9dica afuera de las instalaciones de la Estaci\u00f3n 1, Santa Clara, del Mexicable, en donde los usuarios pudieron vacunarse, realizarse chequeos de toma de presi\u00f3n y glucosa.<\/p>\n<p>Posteriormente, el titular del Ejecutivo estatal abord\u00f3 el Mexicable en la estaci\u00f3n 1 Santa Clara, transbord\u00f3 en la estaci\u00f3n 4 Tablas del Pozo, y lleg\u00f3 hasta la estaci\u00f3n 7, La Ca\u00f1ada, en donde convers\u00f3 con los operadores del transporte y los usuarios, quienes adem\u00e1s de realizarle peticiones, le contaron historias de \u00e9xito respecto a c\u00f3mo se han beneficiado con el innovador transporte, que ha reducido sus tiempo de traslado de casi una hora a 17 minutos,\u00a0 lo que les permite estar m\u00e1s tiempo con sus familias.<\/p>\n","protected":false},"excerpt":{"rendered":"<p>A casi seis meses de haber sido inaugurado el Mexicable, primer telef\u00e9rico de Am\u00e9rica del Norte que funciona como transporte p\u00fablico, el gobernador Eruviel \u00c1vila Villegas realiz\u00f3 una visita a las instalaciones con el prop\u00f3sito de supervisar su operaci\u00f3n y platic\u00f3 con los usuarios.<\/p>\n","protected":false},"author":5,"featured_media":316178,"comment_status":"open","ping_status":"open","sticky":false,"template":"","format":"standard","meta":{"_monsterinsights_skip_tracking":false,"_monsterinsights_sitenote_active":false,"_monsterinsights_sitenote_note":"","_monsterinsights_sitenote_category":0,"footnotes":""},"categories":[5],"tags":[2171,27346,454,43675,12094,48362],"class_list":["post-316171","post","type-post","status-publish","format-standard","has-post-thumbnail","hentry","category-estado-de-mexico","tag-america-del-norte","tag-cesar-gomez-monge","tag-ecatepec","tag-estado-de-mexico","tag-indios-verdes","tag-mexicable"],"_links":{"self":[{"href":"https:\/\/www.diarioimagen.net\/index.php?rest_route=\/wp\/v2\/posts\/316171","targetHints":{"allow":["GET"]}}],"collection":[{"href":"https:\/\/www.diarioimagen.net\/index.php?rest_route=\/wp\/v2\/posts"}],"about":[{"href":"https:\/\/www.diarioimagen.net\/index.php?rest_route=\/wp\/v2\/types\/post"}],"author":[{"embeddable":true,"href":"https:\/\/www.diarioimagen.net\/index.php?rest_route=\/wp\/v2\/users\/5"}],"replies":[{"embeddable":true,"href":"https:\/\/www.diarioimagen.net\/index.php?rest_route=%2Fwp%2Fv2%2Fcomments&post=316171"}],"version-history":[{"count":0,"href":"https:\/\/www.diarioimagen.net\/index.php?rest_route=\/wp\/v2\/posts\/316171\/revisions"}],"wp:featuredmedia":[{"embeddable":true,"href":"https:\/\/www.diarioimagen.net\/index.php?rest_route=\/wp\/v2\/media\/316178"}],"wp:attachment":[{"href":"https:\/\/www.diarioimagen.net\/index.php?rest_route=%2Fwp%2Fv2%2Fmedia&parent=316171"}],"wp:term":[{"taxonomy":"category","embeddable":true,"href":"https:\/\/www.diarioimagen.net\/index.php?rest_route=%2Fwp%2Fv2%2Fcategories&post=316171"},{"taxonomy":"post_tag","embeddable":true,"href":"https:\/\/www.diarioimagen.net\/index.php?rest_route=%2Fwp%2Fv2%2Ftags&post=316171"}],"curies":[{"name":"wp","href":"https:\/\/api.w.org\/{rel}","templated":true}]}}