{"id":316187,"date":"2017-03-13T00:01:25","date_gmt":"2017-03-13T06:01:25","guid":{"rendered":"http:\/\/www.diarioimagen.net\/?p=316187"},"modified":"2017-03-14T01:03:46","modified_gmt":"2017-03-14T07:03:46","slug":"una-delicia-historica-la-segunda-edicion-del-festival-mexico-con-las-manos","status":"publish","type":"post","link":"https:\/\/www.diarioimagen.net\/?p=316187","title":{"rendered":"Una delicia hist\u00f3rica, la segunda edici\u00f3n del festival \u201cM\u00e9xico con las manos\u201d"},"content":{"rendered":"<ul>\n<li><strong>\u201c<em>Trump\u00a0se lo decimos a tiempo, la comida mexicana es muy sabrosa, no ponga ese muro y respete sobre todo los derechos humanos de nuestros paisanos\u201d, dijo Eruviel \u00c1vila Villegas, gobernador del Estado de M\u00e9xico<\/em><\/strong><\/li>\n<\/ul>\n<h6>Arturo Arellano<\/h6>\n<p><em>\u00a0<\/em><\/p>\n<div id=\"attachment_316188\" style=\"width: 470px\" class=\"wp-caption aligncenter\"><a href=\"http:\/\/www.diarioimagen.net\/?attachment_id=316188\" rel=\"attachment wp-att-316188\"><img loading=\"lazy\" decoding=\"async\" aria-describedby=\"caption-attachment-316188\" class=\"size-large wp-image-316188\" src=\"http:\/\/www.diarioimagen.net\/wp-content\/uploads\/2017\/03\/festival-1-PORTAL-460x349.jpg\" alt=\"\" width=\"460\" height=\"349\" srcset=\"https:\/\/www.diarioimagen.net\/wp-content\/uploads\/2017\/03\/festival-1-PORTAL-460x349.jpg 460w, https:\/\/www.diarioimagen.net\/wp-content\/uploads\/2017\/03\/festival-1-PORTAL-240x182.jpg 240w, https:\/\/www.diarioimagen.net\/wp-content\/uploads\/2017\/03\/festival-1-PORTAL.jpg 700w\" sizes=\"auto, (max-width: 460px) 100vw, 460px\" \/><\/a><p id=\"caption-attachment-316188\" class=\"wp-caption-text\">\u201cMe llena de un gran placer poder ser parte de la promoci\u00f3n de este tipo de eventos que fomentan la cultura, nuestras tradiciones, a trav\u00e9s de la gastronom\u00eda, de nuestra rica comida, de este tipo de eventos en donde tambi\u00e9n los estados del pa\u00eds nos hermanamos\u201d, expres\u00f3 el gobernador mexiquense Eruviel \u00c1vila Villegas. <em>(Fotos: Arturo Arellano)<\/em><\/p><\/div>\n<p>&nbsp;<\/p>\n<p>Con gran \u00e9xito se realiz\u00f3 la segunda edici\u00f3n del Festival Gastron\u00f3mico \u201cM\u00e9xico con las manos\u201d, que re\u00fane a muchos de los m\u00e1s experimentados cocineros de los distintos rincones del pa\u00eds. Todo con el inter\u00e9s de ofrecer en un solo espacio las delicias de nuestra comida mexicana. La sede fue el nuevo Centro de Convenciones de Toluca, donde adem\u00e1s de los cocineros, se dio cita el gobernador del Estado de Mexico, Eruviel \u00c1vila Villegas, que cort\u00f3 el list\u00f3n de inauguraci\u00f3n, por supuesto tampoco se fue con las ganas de degustar algunos de los platillos disponibles en los stands de los diferentes estados de la Rep\u00fablica Mexicana.<\/p>\n<p>La secretaria de Turismo mexiquense, Rosalinda Ben\u00edtez Gonz\u00e1lez, celebr\u00f3 que la gastronom\u00eda mexicana ha sido declarada desde hace casi 10 a\u00f1os como patrimonio mundial por la UNESCO \u201cHablar de gastronom\u00eda mexicana es hablar de deliciosos aromas, sabores, intensos colores y extraordinarias texturas que estimulan todos nuestro sentidos, pero tambi\u00e9n es hablar de pr\u00e1cticas ancestrales, heredadas de generaci\u00f3n en generaci\u00f3n, todas de gran dedicaci\u00f3n, entrega y esmero de tradiciones puras de nuestros pueblos originarios, que han dado pie a una comida llena de mestizaje y variedad\u201d.<\/p>\n<p>El gobernador del Estado de M\u00e9xico, Eruviel \u00c1vila Villegas, manifest\u00f3: \u201cme llena de un gran placer poder ser parte de la promoci\u00f3n de este tipo de eventos que fomentan la cultura, nuestras tradiciones a trav\u00e9s de la gastronom\u00eda, de nuestra rica comida, de este tipo de eventos en donde tambi\u00e9n los estados del pa\u00eds nos hermanamos. La gastronom\u00eda es algo que debemos destacar, creo que, M\u00e9xico es rico por sus playas, bosques, lagos, su gente, la tradici\u00f3n que mantenemos y tambi\u00e9n por sus artesan\u00edas y su comida. Esto es algo que debemos reconocer\u201d.<\/p>\n<p>Destac\u00f3 que \u201ceste tipo de eventos fomentan la convivencia familiar, ya estoy visualizando familias, con los hijos, comiendo sabroso, sano. Y adem\u00e1s se impulsa el turismo porque de aqu\u00ed se pueden ir a un pueblo m\u00e1gico, Valle de Bravo, Malinalco o al mismo Cosmovitral que est\u00e1 muy cerca. Se impulsa el conocimiento tambi\u00e9n del Estado de M\u00e9xico que es muy grande\u201d.<\/p>\n<p>\u00c1vila Villegas lanz\u00f3 un mensaje al presidente de los Estados Unidos, Donald Trump: \u201ccelebro que el l\u00edder de los republicanos en el Senado de Estados Unidos, Mitch McConnell, descart\u00f3 la idea de que M\u00e9xico pague el muro en la frontera sur de Estados Unidos, debido a que era poco efectivo y caro, a esta postura se han sumado otros legisladores. Se\u00f1or Trump, se lo decimos a tiempo, se lo van a perder, la comida mexicana es muy sabrosa, no ponga ese muro, respete sobre todo los derechos humanos de nuestros paisanos en Estados Unidos de Norteam\u00e9rica\u201d.<\/p>\n<p>Asegur\u00f3 que la gastronom\u00eda representa una parte muy importate de los ingresos del pa\u00eds \u201cla preparaci\u00f3n de alimentos genera cerca de cinco millones de empleos, beneficia m\u00e1s de ochenta ramas de la econom\u00eda, los m\u00e1s de 500 mil restaurantes registrados representan el 2% del producto interno bruto nacional. Un turista gasta, invierte una tercera parte de sus ingresos en toda una experiencia cultural que implica por supuesto platillos t\u00edpicos mexicanos, por eso vamos a seguir con este tipo de actividades, promoviendo esta riqueza gastron\u00f3mica\u201d.<\/p>\n<p>Eruviel \u00c1vila recorri\u00f3 los stands probando platillos y declar\u00e1ndose taquero cien por ciento. Degust\u00f3 de pozol, \u201ccochito\u201d, tacos de cerdo en salsa verde, mole, tortas ahogadas, esquites, atole, entre otras delicias. El gobernador convivi\u00f3 con los exponentes y cocineros accediendo a fotograf\u00edas y motiv\u00e1ndolos a seguir con la gran labor que realizan por el bien y el crecimiento del pa\u00eds. Hubo adem\u00e1s las tradicionales marquesitas de Yucat\u00e1n, mole oaxaque\u00f1o, dulces tradicionales de la Ciudad de M\u00e9xico, atole de ma\u00edz de elote de Morelos, carnitas de Michoac\u00e1n, barbacoa de Hidalgo, pozol de Veracruz, entre otras delicias de nuestra gastronom\u00eda callejera.<\/p>\n<p>&nbsp;<\/p>\n<div id=\"attachment_316190\" style=\"width: 470px\" class=\"wp-caption aligncenter\"><a href=\"http:\/\/www.diarioimagen.net\/?attachment_id=316190\" rel=\"attachment wp-att-316190\"><img loading=\"lazy\" decoding=\"async\" aria-describedby=\"caption-attachment-316190\" class=\"size-large wp-image-316190\" src=\"http:\/\/www.diarioimagen.net\/wp-content\/uploads\/2017\/03\/festival-2-PORTAL-460x308.jpg\" alt=\"\" width=\"460\" height=\"308\" srcset=\"https:\/\/www.diarioimagen.net\/wp-content\/uploads\/2017\/03\/festival-2-PORTAL-460x308.jpg 460w, https:\/\/www.diarioimagen.net\/wp-content\/uploads\/2017\/03\/festival-2-PORTAL-240x161.jpg 240w, https:\/\/www.diarioimagen.net\/wp-content\/uploads\/2017\/03\/festival-2-PORTAL.jpg 700w\" sizes=\"auto, (max-width: 460px) 100vw, 460px\" \/><\/a><p id=\"caption-attachment-316190\" class=\"wp-caption-text\">Eruviel \u00c1vila asegur\u00f3 que la gastronom\u00eda representa una parte muy importante de los ingresos del pa\u00eds.<\/p><\/div>\n<p>&nbsp;<\/p>\n<div id=\"attachment_316191\" style=\"width: 470px\" class=\"wp-caption aligncenter\"><a href=\"http:\/\/www.diarioimagen.net\/?attachment_id=316191\" rel=\"attachment wp-att-316191\"><img loading=\"lazy\" decoding=\"async\" aria-describedby=\"caption-attachment-316191\" class=\"size-large wp-image-316191\" src=\"http:\/\/www.diarioimagen.net\/wp-content\/uploads\/2017\/03\/festival-3-PORTAL-460x308.jpg\" alt=\"\" width=\"460\" height=\"308\" srcset=\"https:\/\/www.diarioimagen.net\/wp-content\/uploads\/2017\/03\/festival-3-PORTAL-460x308.jpg 460w, https:\/\/www.diarioimagen.net\/wp-content\/uploads\/2017\/03\/festival-3-PORTAL-240x161.jpg 240w, https:\/\/www.diarioimagen.net\/wp-content\/uploads\/2017\/03\/festival-3-PORTAL.jpg 700w\" sizes=\"auto, (max-width: 460px) 100vw, 460px\" \/><\/a><p id=\"caption-attachment-316191\" class=\"wp-caption-text\">La preparaci\u00f3n de alimentos genera cerca de cinco millones de empleos, beneficia m\u00e1s de ochenta ramas de la econom\u00eda, los m\u00e1s de 500 mil restaurantes registrados representan el 2% del producto interno bruto nacional.<\/p><\/div>\n<p>&nbsp;<\/p>\n<div id=\"attachment_316192\" style=\"width: 470px\" class=\"wp-caption aligncenter\"><a href=\"http:\/\/www.diarioimagen.net\/?attachment_id=316192\" rel=\"attachment wp-att-316192\"><img loading=\"lazy\" decoding=\"async\" aria-describedby=\"caption-attachment-316192\" class=\"size-large wp-image-316192\" src=\"http:\/\/www.diarioimagen.net\/wp-content\/uploads\/2017\/03\/festival-4-POORTAL-460x308.jpg\" alt=\"\" width=\"460\" height=\"308\" srcset=\"https:\/\/www.diarioimagen.net\/wp-content\/uploads\/2017\/03\/festival-4-POORTAL-460x308.jpg 460w, https:\/\/www.diarioimagen.net\/wp-content\/uploads\/2017\/03\/festival-4-POORTAL-240x161.jpg 240w, https:\/\/www.diarioimagen.net\/wp-content\/uploads\/2017\/03\/festival-4-POORTAL.jpg 700w\" sizes=\"auto, (max-width: 460px) 100vw, 460px\" \/><\/a><p id=\"caption-attachment-316192\" class=\"wp-caption-text\">El gobernador del Estado de M\u00e9xico, Eruviel \u00c1vila Villegas, recorri\u00f3 los stands probando platillos y declar\u00e1ndose taquero cien por ciento<\/p><\/div>\n<p>&nbsp;<\/p>\n<p>&nbsp;<\/p>\n","protected":false},"excerpt":{"rendered":"<p>Con gran \u00e9xito se realiz\u00f3 la segunda edici\u00f3n del Festival Gastron\u00f3mico \u201cM\u00e9xico con las manos\u201d, que re\u00fane a muchos de los m\u00e1s experimentados cocineros de los distintos rincones del pa\u00eds. Todo con el inter\u00e9s de ofrecer en un solo espacio las delicias de nuestra comida mexicana. <\/p>\n","protected":false},"author":5,"featured_media":316189,"comment_status":"open","ping_status":"open","sticky":false,"template":"","format":"standard","meta":{"_monsterinsights_skip_tracking":false,"_monsterinsights_sitenote_active":false,"_monsterinsights_sitenote_note":"","_monsterinsights_sitenote_category":0,"footnotes":""},"categories":[5],"tags":[57261,5828,43682,58613],"class_list":["post-316187","post","type-post","status-publish","format-standard","has-post-thumbnail","hentry","category-estado-de-mexico","tag-centro-de-convenciones-de-toluca","tag-eruviel-avila-villegas","tag-espectaculos","tag-mexico-con-las-manos"],"_links":{"self":[{"href":"https:\/\/www.diarioimagen.net\/index.php?rest_route=\/wp\/v2\/posts\/316187","targetHints":{"allow":["GET"]}}],"collection":[{"href":"https:\/\/www.diarioimagen.net\/index.php?rest_route=\/wp\/v2\/posts"}],"about":[{"href":"https:\/\/www.diarioimagen.net\/index.php?rest_route=\/wp\/v2\/types\/post"}],"author":[{"embeddable":true,"href":"https:\/\/www.diarioimagen.net\/index.php?rest_route=\/wp\/v2\/users\/5"}],"replies":[{"embeddable":true,"href":"https:\/\/www.diarioimagen.net\/index.php?rest_route=%2Fwp%2Fv2%2Fcomments&post=316187"}],"version-history":[{"count":0,"href":"https:\/\/www.diarioimagen.net\/index.php?rest_route=\/wp\/v2\/posts\/316187\/revisions"}],"wp:featuredmedia":[{"embeddable":true,"href":"https:\/\/www.diarioimagen.net\/index.php?rest_route=\/wp\/v2\/media\/316189"}],"wp:attachment":[{"href":"https:\/\/www.diarioimagen.net\/index.php?rest_route=%2Fwp%2Fv2%2Fmedia&parent=316187"}],"wp:term":[{"taxonomy":"category","embeddable":true,"href":"https:\/\/www.diarioimagen.net\/index.php?rest_route=%2Fwp%2Fv2%2Fcategories&post=316187"},{"taxonomy":"post_tag","embeddable":true,"href":"https:\/\/www.diarioimagen.net\/index.php?rest_route=%2Fwp%2Fv2%2Ftags&post=316187"}],"curies":[{"name":"wp","href":"https:\/\/api.w.org\/{rel}","templated":true}]}}