{"id":316247,"date":"2017-03-13T00:07:39","date_gmt":"2017-03-13T06:07:39","guid":{"rendered":"http:\/\/www.diarioimagen.net\/?p=316247"},"modified":"2017-03-13T02:33:09","modified_gmt":"2017-03-13T08:33:09","slug":"hay-que-estar-unidos-para-defender-a-migrantes-alejandra-del-moral","status":"publish","type":"post","link":"https:\/\/www.diarioimagen.net\/?p=316247","title":{"rendered":"Hay que estar unidos para defender a migrantes: Alejandra del Moral"},"content":{"rendered":"<ul>\n<li><strong><em>Presidenta del CDE del PRI en Edomex<\/em><\/strong><\/li>\n<\/ul>\n<p>&nbsp;<\/p>\n<div id=\"attachment_316345\" style=\"width: 470px\" class=\"wp-caption aligncenter\"><a href=\"http:\/\/www.diarioimagen.net\/?attachment_id=316345\" rel=\"attachment wp-att-316345\"><img loading=\"lazy\" decoding=\"async\" aria-describedby=\"caption-attachment-316345\" class=\"size-large wp-image-316345\" src=\"http:\/\/www.diarioimagen.net\/wp-content\/uploads\/2017\/03\/CDE-PRI-3076-460x259.jpg\" alt=\"\" width=\"460\" height=\"259\" srcset=\"https:\/\/www.diarioimagen.net\/wp-content\/uploads\/2017\/03\/CDE-PRI-3076-460x259.jpg 460w, https:\/\/www.diarioimagen.net\/wp-content\/uploads\/2017\/03\/CDE-PRI-3076-240x135.jpg 240w, https:\/\/www.diarioimagen.net\/wp-content\/uploads\/2017\/03\/CDE-PRI-3076-235x132.jpg 235w, https:\/\/www.diarioimagen.net\/wp-content\/uploads\/2017\/03\/CDE-PRI-3076-202x114.jpg 202w, https:\/\/www.diarioimagen.net\/wp-content\/uploads\/2017\/03\/CDE-PRI-3076-350x196.jpg 350w, https:\/\/www.diarioimagen.net\/wp-content\/uploads\/2017\/03\/CDE-PRI-3076-220x123.jpg 220w, https:\/\/www.diarioimagen.net\/wp-content\/uploads\/2017\/03\/CDE-PRI-3076-237x132.jpg 237w, https:\/\/www.diarioimagen.net\/wp-content\/uploads\/2017\/03\/CDE-PRI-3076.jpg 480w\" sizes=\"auto, (max-width: 460px) 100vw, 460px\" \/><\/a><p id=\"caption-attachment-316345\" class=\"wp-caption-text\">La dirigente del PRI, Alejandra del Moral Vela, hizo un llamado para valorar el trabajo y defender los derechos de los paisanos.<\/p><\/div>\n<p>&nbsp;<\/p>\n<p><strong>Tejupilco, Estado de M\u00e9xico<\/strong>.- Hoy m\u00e1s que nunca los mexiquenses debemos estar unidos para defender con pasi\u00f3n a nuestros migrantes que viven y trabajan en Estados Unidos, se\u00f1al\u00f3 Alejandra del Moral Vela, presidenta del Comit\u00e9 Directivo Estatal del PRI en la entidad.<\/p>\n<p>Al tomar protesta al Consejo de Migrantes de la Regi\u00f3n XIV Tejupilco, la dirigente\u00a0de este instituto pol\u00edtico hizo un llamado para valorar el trabajo y defender los derechos de los paisanos que se encuentran en el extranjero, quienes con su esfuerzo diario promueven una mejor calidad de vida para sus familias en el Estado de M\u00e9xico.<\/p>\n<p>La presidenta del PRI estatal adelant\u00f3 que Alfredo del Mazo Maza ser\u00e1 tambi\u00e9n el principal aliado de este sector mexiquense y confi\u00f3 que durante su campa\u00f1a escuche sus demandas, pero sobre todo siga impulsando pol\u00edticas p\u00fablicas para la protecci\u00f3n de\u00a0 los derechos de los connacionales que se encuentran en otro pa\u00eds, de manera especial en Estados Unidos.<\/p>\n<p>Como padre de familia, sostuvo, Alfredo del Mazo es un hombre sensible ante la situaci\u00f3n de quienes tienen que dejar su casa para buscar oportunidades, por eso no tengo duda que habr\u00e1 de hacer suyas sus causas y seguir\u00e1 trabajando para atender a sus familiares, dijo.<\/p>\n<p>Del Moral Vela sostuvo que el PRI es un partido de hechos, comprometido con las causas del Estado de M\u00e9xico y de su gente, dentro y fuera de sus fronteras, pues haber emigrado y estar fuera de casa no significa que los mexiquenses no puedan ser escuchados y atendidos.<\/p>\n<p>La dirigente del pri\u00edsmo estatal refrend\u00f3 el compromiso del partido con este sector y sus familias, por lo que reconoci\u00f3 el trabajo que se ha realizado en toda la entidad para abrir espacios de atenci\u00f3n y gesti\u00f3n para los migrantes mexiquenses.<\/p>\n<p>A trav\u00e9s de este comit\u00e9 de atenci\u00f3n, el Partido Revolucionario Institucional tendr\u00e1 un enlace permanente con los migrantes y sus familias que viven en\u00a0 los municipios de Tejupilco, Tlatlaya, Luvianos y Amatepec, en donde se brindar\u00e1 asesor\u00eda legal para defender sus derechos en el extranjero y para acercar mejores oportunidades a quienes se han quedado en territorio estatal.<\/p>\n<p>&nbsp;<\/p>\n","protected":false},"excerpt":{"rendered":"<p>Hoy m\u00e1s que nunca los mexiquenses debemos estar unidos para defender con pasi\u00f3n a nuestros migrantes que viven y trabajan en Estados Unidos, se\u00f1al\u00f3 Alejandra del Moral Vela, presidenta del Comit\u00e9 Directivo Estatal del PRI en la entidad.<\/p>\n","protected":false},"author":3,"featured_media":316345,"comment_status":"open","ping_status":"open","sticky":false,"template":"","format":"standard","meta":{"_monsterinsights_skip_tracking":false,"_monsterinsights_sitenote_active":false,"_monsterinsights_sitenote_note":"","_monsterinsights_sitenote_category":0,"footnotes":""},"categories":[35155],"tags":[58665,43675,6987],"class_list":["post-316247","post","type-post","status-publish","format-standard","has-post-thumbnail","hentry","category-estado-de-mexico-estado-de-mexico","tag-defender","tag-estado-de-mexico","tag-tejupilco"],"_links":{"self":[{"href":"https:\/\/www.diarioimagen.net\/index.php?rest_route=\/wp\/v2\/posts\/316247","targetHints":{"allow":["GET"]}}],"collection":[{"href":"https:\/\/www.diarioimagen.net\/index.php?rest_route=\/wp\/v2\/posts"}],"about":[{"href":"https:\/\/www.diarioimagen.net\/index.php?rest_route=\/wp\/v2\/types\/post"}],"author":[{"embeddable":true,"href":"https:\/\/www.diarioimagen.net\/index.php?rest_route=\/wp\/v2\/users\/3"}],"replies":[{"embeddable":true,"href":"https:\/\/www.diarioimagen.net\/index.php?rest_route=%2Fwp%2Fv2%2Fcomments&post=316247"}],"version-history":[{"count":0,"href":"https:\/\/www.diarioimagen.net\/index.php?rest_route=\/wp\/v2\/posts\/316247\/revisions"}],"wp:featuredmedia":[{"embeddable":true,"href":"https:\/\/www.diarioimagen.net\/index.php?rest_route=\/wp\/v2\/media\/316345"}],"wp:attachment":[{"href":"https:\/\/www.diarioimagen.net\/index.php?rest_route=%2Fwp%2Fv2%2Fmedia&parent=316247"}],"wp:term":[{"taxonomy":"category","embeddable":true,"href":"https:\/\/www.diarioimagen.net\/index.php?rest_route=%2Fwp%2Fv2%2Fcategories&post=316247"},{"taxonomy":"post_tag","embeddable":true,"href":"https:\/\/www.diarioimagen.net\/index.php?rest_route=%2Fwp%2Fv2%2Ftags&post=316247"}],"curies":[{"name":"wp","href":"https:\/\/api.w.org\/{rel}","templated":true}]}}