{"id":316249,"date":"2017-03-13T00:06:19","date_gmt":"2017-03-13T06:06:19","guid":{"rendered":"http:\/\/www.diarioimagen.net\/?p=316249"},"modified":"2017-03-13T02:26:40","modified_gmt":"2017-03-13T08:26:40","slug":"rinden-homenaje-al-ex-dirigente-de-suteym-jose-fernando-palomares","status":"publish","type":"post","link":"https:\/\/www.diarioimagen.net\/?p=316249","title":{"rendered":"Rinden homenaje al ex dirigente de SUTEyM, Jos\u00e9 Fernando Palomares"},"content":{"rendered":"<ul>\n<li><strong><em>En el auditorio \u201cBicentenario\u201d, en Naucalpan<\/em><\/strong><\/li>\n<\/ul>\n<p>&nbsp;<\/p>\n<div id=\"attachment_316333\" style=\"width: 470px\" class=\"wp-caption aligncenter\"><a href=\"http:\/\/www.diarioimagen.net\/?attachment_id=316333\" rel=\"attachment wp-att-316333\"><img loading=\"lazy\" decoding=\"async\" aria-describedby=\"caption-attachment-316333\" class=\"size-large wp-image-316333\" src=\"http:\/\/www.diarioimagen.net\/wp-content\/uploads\/2017\/03\/NAUCALPAN-3076-460x259.jpg\" alt=\"\" width=\"460\" height=\"259\" srcset=\"https:\/\/www.diarioimagen.net\/wp-content\/uploads\/2017\/03\/NAUCALPAN-3076-460x259.jpg 460w, https:\/\/www.diarioimagen.net\/wp-content\/uploads\/2017\/03\/NAUCALPAN-3076-240x135.jpg 240w, https:\/\/www.diarioimagen.net\/wp-content\/uploads\/2017\/03\/NAUCALPAN-3076-235x132.jpg 235w, https:\/\/www.diarioimagen.net\/wp-content\/uploads\/2017\/03\/NAUCALPAN-3076-202x114.jpg 202w, https:\/\/www.diarioimagen.net\/wp-content\/uploads\/2017\/03\/NAUCALPAN-3076-350x196.jpg 350w, https:\/\/www.diarioimagen.net\/wp-content\/uploads\/2017\/03\/NAUCALPAN-3076-220x123.jpg 220w, https:\/\/www.diarioimagen.net\/wp-content\/uploads\/2017\/03\/NAUCALPAN-3076-237x132.jpg 237w, https:\/\/www.diarioimagen.net\/wp-content\/uploads\/2017\/03\/NAUCALPAN-3076.jpg 480w\" sizes=\"auto, (max-width: 460px) 100vw, 460px\" \/><\/a><p id=\"caption-attachment-316333\" class=\"wp-caption-text\">Familiares, amigos,\u00a0l\u00edderes sociales,\u00a0militantes y simpatizantes del PRI rindieron homenaje al ex dirigente de SUTEyM, Jos\u00e9 Fernando Palomares.<\/p><\/div>\n<p>&nbsp;<\/p>\n<p><strong>Naucalpan, Estado de M\u00e9xico<\/strong>.- Jos\u00e9 Fernando Palomares Parra fue un hombre ejemplar. Un amigo en toda la extensi\u00f3n de la palabra. Un padre e hijo \u00a0extraordinario. Un l\u00edder sindical excepcional (que \u00a0si empre luch\u00f3 por el bienestar de sus compa\u00f1eros suteymistas de Naucalpan) \u00a0pero sobre todo, se le recordar\u00e1 por ser un gran ser humano.<\/p>\n<p>Coincidieron en se\u00f1alar lo anterior familiares, ami gos, \u00a0l\u00edderes sociales, \u00a0militantes y simpatizantes del Revolucionario Institucional que se dieron cita en el auditorio \u201cBicentenario\u201d que sirvi\u00f3 de marco para realizar un justo homenaje a \u201cFer\u201d. como todo mundo lo conoc\u00eda.<\/p>\n<p>Dentro del programa \u201cUn Legado que nos Une\u201d que realiza el Comit\u00e9 Municipal del Partido Revolucionario Institucional (PRI) que encabeza Cuitl\u00e1huac Anda Mendoza, se invit\u00f3 a los naucalpenses a rendirle Homenaje P\u00f3stumo al M\u00e9rito Partidista, en memoria de Jos\u00e9 Fernando Palomares Parra.<\/p>\n<p>\u201cEl mejor legado que nos pudo dejar Fernando Palomares, es el deseo de seguir continuando, el prop\u00f3sito de lograr una mejor calidad de vida para la base laboral y sus familias\u201d, se\u00f1al\u00f3, David Parra S\u00e1nchez, l\u00edder social y t\u00edo del homenajeado.<\/p>\n<p>Ante miles de asistentes, Parra S\u00e1nchez, \u00a0destac\u00f3 los momentos de lucha, al interior de la organizaci\u00f3n en defensa de las causas justas, las conquistas laborales alcanzadas al frente del gremio, el cari\u00f1o, la pasi\u00f3n y ese anhelo de lograr el respeto de los servidores p\u00fablicos.<\/p>\n<p>&nbsp;<\/p>\n","protected":false},"excerpt":{"rendered":"<p>Jos\u00e9 Fernando Palomares Parra fue un hombre ejemplar. Un amigo en toda la extensi\u00f3n de la palabra. Un padre e hijo  extraordinario. Un l\u00edder sindical excepcional (que  si empre luch\u00f3 por el bienestar de sus compa\u00f1eros suteymistas de Naucalpan)  pero sobre todo, se le recordar\u00e1 por ser un gran ser humano.<\/p>\n","protected":false},"author":3,"featured_media":316333,"comment_status":"open","ping_status":"open","sticky":false,"template":"","format":"standard","meta":{"_monsterinsights_skip_tracking":false,"_monsterinsights_sitenote_active":false,"_monsterinsights_sitenote_note":"","_monsterinsights_sitenote_category":0,"footnotes":""},"categories":[35155],"tags":[43675,970,2572],"class_list":["post-316249","post","type-post","status-publish","format-standard","has-post-thumbnail","hentry","category-estado-de-mexico-estado-de-mexico","tag-estado-de-mexico","tag-naucalpan","tag-suteym"],"_links":{"self":[{"href":"https:\/\/www.diarioimagen.net\/index.php?rest_route=\/wp\/v2\/posts\/316249","targetHints":{"allow":["GET"]}}],"collection":[{"href":"https:\/\/www.diarioimagen.net\/index.php?rest_route=\/wp\/v2\/posts"}],"about":[{"href":"https:\/\/www.diarioimagen.net\/index.php?rest_route=\/wp\/v2\/types\/post"}],"author":[{"embeddable":true,"href":"https:\/\/www.diarioimagen.net\/index.php?rest_route=\/wp\/v2\/users\/3"}],"replies":[{"embeddable":true,"href":"https:\/\/www.diarioimagen.net\/index.php?rest_route=%2Fwp%2Fv2%2Fcomments&post=316249"}],"version-history":[{"count":0,"href":"https:\/\/www.diarioimagen.net\/index.php?rest_route=\/wp\/v2\/posts\/316249\/revisions"}],"wp:featuredmedia":[{"embeddable":true,"href":"https:\/\/www.diarioimagen.net\/index.php?rest_route=\/wp\/v2\/media\/316333"}],"wp:attachment":[{"href":"https:\/\/www.diarioimagen.net\/index.php?rest_route=%2Fwp%2Fv2%2Fmedia&parent=316249"}],"wp:term":[{"taxonomy":"category","embeddable":true,"href":"https:\/\/www.diarioimagen.net\/index.php?rest_route=%2Fwp%2Fv2%2Fcategories&post=316249"},{"taxonomy":"post_tag","embeddable":true,"href":"https:\/\/www.diarioimagen.net\/index.php?rest_route=%2Fwp%2Fv2%2Ftags&post=316249"}],"curies":[{"name":"wp","href":"https:\/\/api.w.org\/{rel}","templated":true}]}}