{"id":316251,"date":"2017-03-13T00:05:50","date_gmt":"2017-03-13T06:05:50","guid":{"rendered":"http:\/\/www.diarioimagen.net\/?p=316251"},"modified":"2017-03-13T02:27:40","modified_gmt":"2017-03-13T08:27:40","slug":"denisse-ugalde-premia-a-ganadores-del-primer-concurso-de-computacion","status":"publish","type":"post","link":"https:\/\/www.diarioimagen.net\/?p=316251","title":{"rendered":"Denisse Ugalde premia a ganadores del primer concurso de computaci\u00f3n"},"content":{"rendered":"<p><a href=\"http:\/\/www.diarioimagen.net\/?attachment_id=316336\" rel=\"attachment wp-att-316336\"><img loading=\"lazy\" decoding=\"async\" class=\"aligncenter size-large wp-image-316336\" src=\"http:\/\/www.diarioimagen.net\/wp-content\/uploads\/2017\/03\/TLALNEPANTLA-3076-460x259.jpg\" alt=\"\" width=\"460\" height=\"259\" srcset=\"https:\/\/www.diarioimagen.net\/wp-content\/uploads\/2017\/03\/TLALNEPANTLA-3076-460x259.jpg 460w, https:\/\/www.diarioimagen.net\/wp-content\/uploads\/2017\/03\/TLALNEPANTLA-3076-240x135.jpg 240w, https:\/\/www.diarioimagen.net\/wp-content\/uploads\/2017\/03\/TLALNEPANTLA-3076-235x132.jpg 235w, https:\/\/www.diarioimagen.net\/wp-content\/uploads\/2017\/03\/TLALNEPANTLA-3076-202x114.jpg 202w, https:\/\/www.diarioimagen.net\/wp-content\/uploads\/2017\/03\/TLALNEPANTLA-3076-350x196.jpg 350w, https:\/\/www.diarioimagen.net\/wp-content\/uploads\/2017\/03\/TLALNEPANTLA-3076-220x123.jpg 220w, https:\/\/www.diarioimagen.net\/wp-content\/uploads\/2017\/03\/TLALNEPANTLA-3076-237x132.jpg 237w, https:\/\/www.diarioimagen.net\/wp-content\/uploads\/2017\/03\/TLALNEPANTLA-3076.jpg 480w\" sizes=\"auto, (max-width: 460px) 100vw, 460px\" \/><\/a><\/p>\n<p>&nbsp;<\/p>\n<p><strong>Tlalnepantla, Estado de M\u00e9xico.- <\/strong>Al premiar a los nueve ganadores del primer concurso de computaci\u00f3n, la alcaldesa Denisse Ugalde Alegr\u00eda afirm\u00f3 que en Tlalnepantla se llevan a cabo acciones importantes en materia de educaci\u00f3n para impulsar la competitividad, la participaci\u00f3n y el talento de\u00a0 los ni\u00f1os y ni\u00f1as del municipio. \u201cSabemos que lo que hoy hagamos y emprendamos a su favor marcar\u00e1 su futuro; por ello, se imparte computaci\u00f3n en las 41 escuelas primarias, de las 53 de tiempo completo que se tienen, lo que equivale a 23 mil 771 clases, con una inversi\u00f3n de casi un mill\u00f3n de pesos\u201d.<\/p>\n","protected":false},"excerpt":{"rendered":"<p>Al premiar a los nueve ganadores del primer concurso de computaci\u00f3n, la alcaldesa Denisse Ugalde Alegr\u00eda afirm\u00f3 que en Tlalnepantla se llevan a cabo acciones importantes en materia de educaci\u00f3n para impulsar la competitividad, la participaci\u00f3n y el talento de  los ni\u00f1os y ni\u00f1as del municipio. \u201cSabemos que lo que hoy hagamos y emprendamos a su favor marcar\u00e1 su futuro; por ello, se imparte computaci\u00f3n en las 41 escuelas primarias, de las 53 de tiempo completo que se tienen, lo que equivale a 23 mil 771 clases, con una inversi\u00f3n de casi un mill\u00f3n de pesos\u201d.<\/p>\n","protected":false},"author":3,"featured_media":316336,"comment_status":"open","ping_status":"open","sticky":false,"template":"","format":"standard","meta":{"_monsterinsights_skip_tracking":false,"_monsterinsights_sitenote_active":false,"_monsterinsights_sitenote_note":"","_monsterinsights_sitenote_category":0,"footnotes":""},"categories":[35155],"tags":[35276,43675,169],"class_list":["post-316251","post","type-post","status-publish","format-standard","has-post-thumbnail","hentry","category-estado-de-mexico-estado-de-mexico","tag-concurso","tag-estado-de-mexico","tag-tlalnepantla"],"_links":{"self":[{"href":"https:\/\/www.diarioimagen.net\/index.php?rest_route=\/wp\/v2\/posts\/316251","targetHints":{"allow":["GET"]}}],"collection":[{"href":"https:\/\/www.diarioimagen.net\/index.php?rest_route=\/wp\/v2\/posts"}],"about":[{"href":"https:\/\/www.diarioimagen.net\/index.php?rest_route=\/wp\/v2\/types\/post"}],"author":[{"embeddable":true,"href":"https:\/\/www.diarioimagen.net\/index.php?rest_route=\/wp\/v2\/users\/3"}],"replies":[{"embeddable":true,"href":"https:\/\/www.diarioimagen.net\/index.php?rest_route=%2Fwp%2Fv2%2Fcomments&post=316251"}],"version-history":[{"count":0,"href":"https:\/\/www.diarioimagen.net\/index.php?rest_route=\/wp\/v2\/posts\/316251\/revisions"}],"wp:featuredmedia":[{"embeddable":true,"href":"https:\/\/www.diarioimagen.net\/index.php?rest_route=\/wp\/v2\/media\/316336"}],"wp:attachment":[{"href":"https:\/\/www.diarioimagen.net\/index.php?rest_route=%2Fwp%2Fv2%2Fmedia&parent=316251"}],"wp:term":[{"taxonomy":"category","embeddable":true,"href":"https:\/\/www.diarioimagen.net\/index.php?rest_route=%2Fwp%2Fv2%2Fcategories&post=316251"},{"taxonomy":"post_tag","embeddable":true,"href":"https:\/\/www.diarioimagen.net\/index.php?rest_route=%2Fwp%2Fv2%2Ftags&post=316251"}],"curies":[{"name":"wp","href":"https:\/\/api.w.org\/{rel}","templated":true}]}}