{"id":316255,"date":"2017-03-13T00:03:43","date_gmt":"2017-03-13T06:03:43","guid":{"rendered":"http:\/\/www.diarioimagen.net\/?p=316255"},"modified":"2017-03-13T02:30:45","modified_gmt":"2017-03-13T08:30:45","slug":"entrega-secretaria-de-salud-federal-534-apoyos-funcionales-en-metepec","status":"publish","type":"post","link":"https:\/\/www.diarioimagen.net\/?p=316255","title":{"rendered":"Entrega Secretar\u00eda de Salud federal 534 apoyos funcionales en Metepec"},"content":{"rendered":"<ul>\n<li><strong><em>A trav\u00e9s del Patrimonio para la Beneficencia P\u00fablica<\/em><\/strong><\/li>\n<\/ul>\n<p>&nbsp;<\/p>\n<div id=\"attachment_316341\" style=\"width: 307px\" class=\"wp-caption alignleft\"><a href=\"http:\/\/www.diarioimagen.net\/?attachment_id=316341\" rel=\"attachment wp-att-316341\"><img loading=\"lazy\" decoding=\"async\" aria-describedby=\"caption-attachment-316341\" class=\" wp-image-316341\" src=\"http:\/\/www.diarioimagen.net\/wp-content\/uploads\/2017\/03\/METEPEC-3076-240x240.jpg\" alt=\"\" width=\"297\" height=\"297\" srcset=\"https:\/\/www.diarioimagen.net\/wp-content\/uploads\/2017\/03\/METEPEC-3076-240x240.jpg 240w, https:\/\/www.diarioimagen.net\/wp-content\/uploads\/2017\/03\/METEPEC-3076-150x150.jpg 150w, https:\/\/www.diarioimagen.net\/wp-content\/uploads\/2017\/03\/METEPEC-3076-460x460.jpg 460w, https:\/\/www.diarioimagen.net\/wp-content\/uploads\/2017\/03\/METEPEC-3076-50x50.jpg 50w, https:\/\/www.diarioimagen.net\/wp-content\/uploads\/2017\/03\/METEPEC-3076-75x75.jpg 75w, https:\/\/www.diarioimagen.net\/wp-content\/uploads\/2017\/03\/METEPEC-3076-70x70.jpg 70w, https:\/\/www.diarioimagen.net\/wp-content\/uploads\/2017\/03\/METEPEC-3076.jpg 701w\" sizes=\"auto, (max-width: 297px) 100vw, 297px\" \/><\/a><p id=\"caption-attachment-316341\" class=\"wp-caption-text\">Se entregaron en Metepec 534 apoyos funcionales para igual n\u00famero de mexiquenses provenientes de diversos municipios de la regi\u00f3n centro.<\/p><\/div>\n<p><strong>Metepec, Estado de M\u00e9xico<\/strong>.- La Secretar\u00eda de Salud del gobierno federal a trav\u00e9s del Patrimonio para la Beneficencia P\u00fablica, entreg\u00f3 en Metepec 534 apoyos funcionales para igual n\u00famero de mexiquenses provenientes de diversos municipios de la regi\u00f3n centro de la entidad.<\/p>\n<p>El acto que congreg\u00f3 a cientos de beneficiados, producto de la gesti\u00f3n del gobierno del Estado de M\u00e9xico ante la instancia nacional de Salud, estuvo presidido por la directora general del Patrimonio para la Beneficencia P\u00fablica, Mar\u00eda del Socorro Garc\u00eda Quiroz; el secretario de Salud en la entidad, C\u00e9sar Nomar G\u00f3mez Monge,\u00a0y el alcalde de Metepec, David L\u00f3pez C\u00e1rdenas, quienes coincidieron en se\u00f1alar que los grandes resultados son producto de la uni\u00f3n de esfuerzos y la firme convicci\u00f3n de asistir a quien lo requiere.<\/p>\n<p>En total, fueron entregadas 47 sillas de ruedas, 9 muletas, 32 andaderas, 37 bastones, 217 lentes y 192 auxiliares auditivos.<\/p>\n<p>&nbsp;<\/p>\n","protected":false},"excerpt":{"rendered":"<p>La Secretar\u00eda de Salud del gobierno federal a trav\u00e9s del Patrimonio para la Beneficencia P\u00fablica, entreg\u00f3 en Metepec 534 apoyos funcionales para igual n\u00famero de mexiquenses provenientes de diversos municipios de la regi\u00f3n centro de la entidad.<\/p>\n","protected":false},"author":3,"featured_media":316341,"comment_status":"open","ping_status":"open","sticky":false,"template":"","format":"standard","meta":{"_monsterinsights_skip_tracking":false,"_monsterinsights_sitenote_active":false,"_monsterinsights_sitenote_note":"","_monsterinsights_sitenote_category":0,"footnotes":""},"categories":[35155],"tags":[43675,876,432],"class_list":["post-316255","post","type-post","status-publish","format-standard","has-post-thumbnail","hentry","category-estado-de-mexico-estado-de-mexico","tag-estado-de-mexico","tag-metepec","tag-secretaria-de-salud"],"_links":{"self":[{"href":"https:\/\/www.diarioimagen.net\/index.php?rest_route=\/wp\/v2\/posts\/316255","targetHints":{"allow":["GET"]}}],"collection":[{"href":"https:\/\/www.diarioimagen.net\/index.php?rest_route=\/wp\/v2\/posts"}],"about":[{"href":"https:\/\/www.diarioimagen.net\/index.php?rest_route=\/wp\/v2\/types\/post"}],"author":[{"embeddable":true,"href":"https:\/\/www.diarioimagen.net\/index.php?rest_route=\/wp\/v2\/users\/3"}],"replies":[{"embeddable":true,"href":"https:\/\/www.diarioimagen.net\/index.php?rest_route=%2Fwp%2Fv2%2Fcomments&post=316255"}],"version-history":[{"count":0,"href":"https:\/\/www.diarioimagen.net\/index.php?rest_route=\/wp\/v2\/posts\/316255\/revisions"}],"wp:featuredmedia":[{"embeddable":true,"href":"https:\/\/www.diarioimagen.net\/index.php?rest_route=\/wp\/v2\/media\/316341"}],"wp:attachment":[{"href":"https:\/\/www.diarioimagen.net\/index.php?rest_route=%2Fwp%2Fv2%2Fmedia&parent=316255"}],"wp:term":[{"taxonomy":"category","embeddable":true,"href":"https:\/\/www.diarioimagen.net\/index.php?rest_route=%2Fwp%2Fv2%2Fcategories&post=316255"},{"taxonomy":"post_tag","embeddable":true,"href":"https:\/\/www.diarioimagen.net\/index.php?rest_route=%2Fwp%2Fv2%2Ftags&post=316255"}],"curies":[{"name":"wp","href":"https:\/\/api.w.org\/{rel}","templated":true}]}}