{"id":316296,"date":"2017-03-13T00:10:51","date_gmt":"2017-03-13T06:10:51","guid":{"rendered":"http:\/\/www.diarioimagen.net\/?p=316296"},"modified":"2017-03-13T03:02:00","modified_gmt":"2017-03-13T09:02:00","slug":"arremeten-contra-la-cdmx","status":"publish","type":"post","link":"https:\/\/www.diarioimagen.net\/?p=316296","title":{"rendered":"Arremeten contra la CDMX"},"content":{"rendered":"<h2>\u00cdndice pol\u00edtico<\/h2>\n<h5>Francisco Rodr\u00edguez<\/h5>\n<p>&nbsp;<\/p>\n<div id=\"attachment_316389\" style=\"width: 470px\" class=\"wp-caption aligncenter\"><a href=\"http:\/\/www.diarioimagen.net\/?attachment_id=316389\" rel=\"attachment wp-att-316389\"><img loading=\"lazy\" decoding=\"async\" aria-describedby=\"caption-attachment-316389\" class=\"wp-image-316389 size-large\" src=\"http:\/\/www.diarioimagen.net\/wp-content\/uploads\/2017\/03\/ninitis-aguda-LUIS-XAVIER-3076-460x353.jpg\" alt=\"\" width=\"460\" height=\"353\" srcset=\"https:\/\/www.diarioimagen.net\/wp-content\/uploads\/2017\/03\/ninitis-aguda-LUIS-XAVIER-3076-460x353.jpg 460w, https:\/\/www.diarioimagen.net\/wp-content\/uploads\/2017\/03\/ninitis-aguda-LUIS-XAVIER-3076-240x184.jpg 240w, https:\/\/www.diarioimagen.net\/wp-content\/uploads\/2017\/03\/ninitis-aguda-LUIS-XAVIER-3076-768x589.jpg 768w, https:\/\/www.diarioimagen.net\/wp-content\/uploads\/2017\/03\/ninitis-aguda-LUIS-XAVIER-3076.jpg 1200w\" sizes=\"auto, (max-width: 460px) 100vw, 460px\" \/><\/a><p id=\"caption-attachment-316389\" class=\"wp-caption-text\">Ninitis aguda&#8230; | Luis Xavier<\/p><\/div>\n<p>&nbsp;<\/p>\n<p>El enfrentamiento del sistema \u201cpol\u00edtico\u201d mexiquense a las nuevas ideas, a las posiciones de los grupos que han luchado por la expresi\u00f3n de las \u00fanicas alternativas posibles, es peligrosa y antipatri\u00f3tica. En lugar de temerle a todo lo viejo que les ha hecho el mayor da\u00f1o posible, se enfrentan a las nuevas posiciones, sin tomarse la molestia de entenderlas.<\/p>\n<p>Se niegan a reconocer que los \u00fanicos respaldos a los que a\u00fan pueden aspirar se encuentran en las franjas y sectores abandonados a su suerte por el sistema, las que todav\u00eda esperan alg\u00fan grado de reacci\u00f3n de su dizque gobierno, para asirse a alguna esperanza en los modos establecidos. Empero, rechazan sobrevivir, s\u00f3lo quieren la permanencia desde sus posiciones de ventaja. Buscan y provocan con sus modos y maneras la explosi\u00f3n social. \u00bfQui\u00e9n le ha dado permiso a EPN para destrozar las expectativas, las reivindicaciones sociales y pol\u00edticas de los capitalinos de avanzada? \u00bfQui\u00e9n lo encandil\u00f3 a que vaya en contra de la realidad? \u00bfA poco cree que su aprobaci\u00f3n del 2% de la poblaci\u00f3n le da ese permiso?<\/p>\n<p>Es la hora en la que nadie se explica d\u00f3nde est\u00e1 ese personaje aprovechado que los empuja a librar batallas para las que no tienen respaldo, base social ni equipamiento. Est\u00e1n perdidos desde antes de que empiece la pelea. Todos saben que su baja aceptaci\u00f3n los sentenciar\u00e1 a tener que asimilar lo que est\u00e1 pasando a su alrededor.<\/p>\n<p>Vale m\u00e1s que acepten su posici\u00f3n entre las preferencias ciudadanas y que vayan empezando a reconocer que ya no representan a nadie y se sometan a una evaluaci\u00f3n p\u00fablica temprana, antes de que su pellejo est\u00e9 en peligro pol\u00edtico, en las manos de cualquier beneficiado, nacional o extranjero.<\/p>\n<p>Aceptaron desde un principio exponer los argumentos de sus parlamentarios notables y experimentados, encabezados por C\u00e9sar Camacho, en una Asamblea Constituyente que estaba obligada, por el momento hist\u00f3rico que se atraviesa, a generar los planteamientos jur\u00eddicos que exige una nueva sociedad, que ya no cree en nadie.<\/p>\n<p>A pesar de que, dentro de los debates de la Asamblea Constituyente de la nueva Carta Magna de la Ciudad de M\u00e9xico, los pri\u00edstas y algunos acompa\u00f1antes pusieron en juego todas las ma\u00f1as de los procedimientos y pr\u00e1cticas para el debate caduco, no obstante que utilizaron todas las ausencias del qu\u00f3rum, a pesar de que retrasaron todos los tiempos, fueron vencidos en la arena p\u00fablica de ese parlamento ciudadano.<\/p>\n<p>Estuvieron finalmente de acuerdo, con la l\u00ednea de sus jefes pol\u00edticos, en aprobar todo el contenido de ese nuevo documento, esencial para lograr el efecto vinculante y obligatorio de programas, leyes y pol\u00edticas sociales que, por si no lo saben, tienen 20 a\u00f1os aplic\u00e1ndose en la capital de la Rep\u00fablica.<\/p>\n<p>\u200eDisfrutaron, junto con las fuerzas pol\u00edticas que hicieron posible producir ese texto constitucional, de la primera aprobaci\u00f3n, del primer gesto favorable que tienen en el electorado de esta urbe, que de ninguna manera acepta un trato pol\u00edtico que no est\u00e9 a la altura de sus expectativas y de su nivel de informaci\u00f3n, lograda despu\u00e9s de incontables avatares autoritarios, de represiones hist\u00f3ricas sin cuento.<\/p>\n<p style=\"text-align: center;\"><strong>La izquierda mayoritaria fue tolerante con la minor\u00eda del PRI<\/strong><\/p>\n<p>A pesar de que cada uno de ellos fueron palomeados, de manera plurinominal, por padrinos poderosos, supieron imponerse a esas circunstancias y creo que por primera vez en su accidentada vida pol\u00edtica gozaron de un aire fresco de libertad en su rostro. Tiene demasiados a\u00f1os que no lo hab\u00edan sentido.<\/p>\n<p>Como minor\u00eda en la CDMX, los pri\u00edstas gozaron de todas las libertades de una asamblea mayoritariamente contraria en sus preferencias pol\u00edticas e ideol\u00f3gicas, que supo expresarles respeto y gratitud a lo largo de los meses del debate.\u200e Fueron parte de un trozo de la historia de esta ciudad, tan maltratada por ignorantes, d\u00e9spotas y autoritarios, prescindibles y nefastos.<\/p>\n<p>\u200eSe expresaron sin cortapisas, a pesar de que varios de sus pares en la asamblea protestaran, porque en el debate se les concedi\u00f3 un peso electoral que no hab\u00edan demostrado en ninguna urna de las que se instalaron en esta ciudad para sufragar por ellos. Alegaban los asamble\u00edstas mayoritarios que hab\u00edan llegado por la v\u00eda del sufragio puro y duro que no pod\u00edan equipararse igual los planteamientos.<\/p>\n<p>Sin embargo, los representantes de la llamada izquierda fueron tolerantes con todas esas expresiones y muchas veces arriesgaron el producto jur\u00eddico buscado por la negociaci\u00f3n y las suaves formas de llegar a acuerdos que aseguraran la equidad para todos los grupos que se trataba de incluir en una carta confeccionada a la medida de una de las metr\u00f3polis m\u00e1s impresionantes del mundo, la nuestra.<\/p>\n<p>Ahora resulta que despu\u00e9s de haber sido aprobada, votada, promulgada y publicada la nueva Constituci\u00f3n de la Ciudad de M\u00e9xico, respaldada por todas las fuerzas existentes, se enfrenta a ataques y descalificaciones, de golpes trasnochados, procedentes de las partes m\u00e1s l\u00f3bregas de un pri\u00edsmo que no sabe que ese tren hace tiempo que pas\u00f3.<\/p>\n<p>El pri\u00edsmo ordinario que hoy se padece, exhibe la impresi\u00f3n de que est\u00e1 arrinconado por una sociedad que sus dirigentes formales no conocen ni comprenden, y que los zarpazos que le tiran al colectivo son m\u00e1s bien patadas de ahogado de un sistema que no sabe lo poco que pesa, ni cu\u00e1nto mide.\u200e Su operaci\u00f3n pol\u00edtica, el tama\u00f1o exiguo de su visi\u00f3n son, por decir lo menos, pat\u00e9ticos. Revelan estados terminales.<\/p>\n<p>Confiesan, sin quererlo, una orfandad pol\u00edtica que ya no encuentra su espacio dentro de una poblaci\u00f3n que ha sufrido, harta de sus discursos vac\u00edos y de sus poses prosop\u00e9yicas, que siempre han anunciado los peores momentos para la lucha social de los vulnerables y de los contestatarios responsables.<\/p>\n<p>Un poco antes de que arribaran al poder presidencial los b\u00e1rbaros del norte y los demenciales \u201cyunques\u201d, en M\u00e9xico existi\u00f3 una formaci\u00f3n pol\u00edtica de derecha ilustrada. Un conservadurismo de sacrist\u00eda que se alimentaba de todos los miedos al progreso, pero cuyos ide\u00f3logos pol\u00edticos apelaban al pragmatismo, a la capitalizaci\u00f3n de sus posiciones.<\/p>\n<p>Si alg\u00fan rasgo ten\u00eda la antigua posici\u00f3n de la derecha panista, era la ilustraci\u00f3n de sus clases dirigentes. Sosten\u00edan debates en la plaza p\u00fablica sin alg\u00fan recato, sin sostener ideas escondidas, sab\u00edan que representaban un sector de la sociedad mexicana que deb\u00eda ser escuchado y votado. As\u00ed fue. La naci\u00f3n los reconoci\u00f3 siempre. Era la derecha ilustrada. Gente con buenos prop\u00f3sitos, de catadura universitaria.<\/p>\n<p>En el fondo y en la forma, ese panismo era congruente con el tomismo filos\u00f3fico de sus soportes intelectuales m\u00e1s destacados, con el antiabortismo de la Iglesia nacional, muy apegada a las l\u00edneas m\u00e1s retardatarias de las posiciones vaticanas que todav\u00eda ganan batallas. Tambi\u00e9n eran voceros leales de una ideolog\u00eda que se apegaba estrictamente a las posiciones conservadoras de un empresariado que ahora ya no encuentra espacio de trascendencia en esta sociedad.<\/p>\n<p>Cuando lleg\u00f3 la voraz parejita presidencial al poder, la de Marta y Fox, lo hizo rebasando esa plataforma pol\u00edtica, secuestrando su registro de franquicia, desconociendo sus principios y ense\u00f1\u00e1ndonos a los mexicanos lo peor de sus limitaciones aldeanas, su desconocimiento supino de cualquier cosa, su ambici\u00f3n desenfrenada, que no queremos repetir.<\/p>\n<p>Fueron seis a\u00f1os de verg\u00fcenza para la sociedad pol\u00edtica, m\u00e1s los seis de la sarracina de m\u00e1s de 120 mil mexicanos asesinados y desaparecidos por Felipe Calder\u00f3n, acabaron con las prospectivas no s\u00f3lo de la derecha ilustrada, a \u00e9sa la sepultaron, sino de las posiciones que buscan retrasar las conquistas sociales. Contra las cuerdas, los aguantadores panistas todav\u00eda buscan vencer a las corrientes retardatarias internas, a las ambiciones de Margarita y su consorte, para poder competir.<\/p>\n<p>Los mexiquenses, desconcertados, angustiados, ya han sido vencidos por la opini\u00f3n p\u00fablica de este pa\u00eds. Est\u00e1n demasiado calificados y aborrecidos. No tienen por qu\u00e9 comprobarlo una vez m\u00e1s. Contra los berrinches y las insensateces de sus mastines de la PGR, el Instituto Nacional Electoral, de la Corte y de las c\u00e1maras del Congreso, se encuentran fuerzas que han hecho posible hasta las ingobernabilidades que provocan sus escasas luces.<\/p>\n<p>No podr\u00e1n contra las ideas y el futuro concebido en una nueva Constituci\u00f3n social de la CDMX, ajena a los intolerantes, represores y abusivos que medran con un poder concedido por una escasa votaci\u00f3n, legitimada por instituciones electorales caducas y antipopulares.<\/p>\n<p>\u200eUn grupo de descastados ignorantes que ya no tiene la aceptaci\u00f3n y el permiso de nadie para cometer tropel\u00edas que han indignado a los habitantes de este pa\u00eds, todav\u00eda persisten en empollar el huevo de una serpiente que arrase contra la convivencia pac\u00edfica. \u00bfO usted qu\u00e9 hubiera hecho?<\/p>\n<p><em><strong>\u00cdndice Flam\u00edgero<\/strong><\/em>: El controvertido senador perredista Miguel Barbosa \u2014de quien se dice que alguna vez ya estuvo tras las rejas por su involucramiento en la estafa de la Ruta-100 de la capital nacional\u2014 debe dar respuesta a quienes lo ligan con el presidente municipal de Atzitzintla, Jos\u00e9 Isa\u00edas Vel\u00e1zquez Reyes, quien es presunto culpable de haber mandado secuestrar y posteriormente asesinar, \u00a1vaya paradoja!, a tres agentes antisecuestro de la polic\u00eda poblana. A Vel\u00e1zquez Reyes, protegido e impulsado por Barbosa, tambi\u00e9n se le imputa el haberse entregado a \u201cLos Zetas\u201d, quienes hacen y deshacen en esa regi\u00f3n. \u00bfSer\u00e1, entonces, que Barbosa se victimiza por su no solicitado apoyo a AMLO, s\u00f3lo como maniobra de distracci\u00f3n? + + + Escribe don Rub\u00e9n M\u00fajica V\u00e9lez, asiduo colaborador de este espacio: \u201cFr\u00edvola llama Meade a la denuncia de AMLO contra V\u00e1zquez Mota, \u2018La Impoluta\u2019. No. No se trata de cosas menores. A un modesto o mediocre bur\u00f3crata se le fincan responsabilidades por desviaci\u00f3n de recursos. Este es el obvio juicio a la transferencia de recursos p\u00fablicos a particulares como do\u00f1a Josefa \u2018La Menor\u2019. Penalizaci\u00f3n: al menos devoluci\u00f3n del doble de la suma desviada. Pero Meade, ante la prueba de que \u2018La Caballada priista esta fam\u00e9lica\u2019, tiene que tapar a la que puede ser, v\u00eda un gigantesco fraude en 2018, su nueva \u2018Jefecita\u2019. \u00a1Total, se hinca ante cualquiera que llegue a Los Pinos! + + + Don Alfredo \u00c1lvarez Barr\u00f3n trae a la palestra que \u201cEnrique Pe\u00f1a Nieto critic\u00f3 a quienes no quieren reconocer los logros de su gobierno: \u2018Las cosas buenas a veces no se cuentan, pero cuentan mucho, y hay quienes tienen amnesia, por no decir falta de memoria, y se olvidan de cu\u00e1nto hemos avanzado&#8230;\u2019, cual declar\u00f3 textualmente\u201d. A lo que, provocativo, <em>El Poeta del Nopal<\/em> remedia:<\/p>\n<p>\u00bfAvances?, pueril historia<br \/>\nescrita sobre el regazo,<br \/>\npero a m\u00ed el <em>gasolinazo<br \/>\n<\/em>\u00a1me devuelve la memoria!<\/p>\n<p><em><a href=\"http:\/\/www.indicepolitico.com\/\" target=\"_blank\">www.indicepolitico.com<\/a><\/em><br \/>\n<em><a href=\"mailto:pacorodriguez@journalist.com\" target=\"_blank\">pacorodriguez@journalist.com<\/a><\/em><br \/>\n<em><a href=\"https:\/\/twitter.com\/pacorodriguez\" target=\"_blank\">@pacorodriguez<\/a><\/em><\/p>\n","protected":false},"excerpt":{"rendered":"<p><span style=\"color: #005497;\"><strong>Francisco Rodr\u00edguez<\/strong><\/span><br \/>\n<br \/>\nEl enfrentamiento del sistema \u201cpol\u00edtico\u201d mexiquense a las nuevas ideas, a las posiciones de los grupos que han luchado por la expresi\u00f3n de las \u00fanicas alternativas posibles, es peligrosa y antipatri\u00f3tica. En lugar de temerle a todo lo viejo que les ha hecho el mayor da\u00f1o posible, se enfrentan a las nuevas posiciones, sin tomarse la molestia de entenderlas.<\/p>\n","protected":false},"author":3,"featured_media":316389,"comment_status":"open","ping_status":"open","sticky":false,"template":"","format":"standard","meta":{"_monsterinsights_skip_tracking":false,"_monsterinsights_sitenote_active":false,"_monsterinsights_sitenote_note":"","_monsterinsights_sitenote_category":0,"footnotes":""},"categories":[549],"tags":[43689,550,43674],"class_list":["post-316296","post","type-post","status-publish","format-standard","has-post-thumbnail","hentry","category-francisco-rodriguez","tag-francisco-rodriguez","tag-indice-politico","tag-opinion"],"_links":{"self":[{"href":"https:\/\/www.diarioimagen.net\/index.php?rest_route=\/wp\/v2\/posts\/316296","targetHints":{"allow":["GET"]}}],"collection":[{"href":"https:\/\/www.diarioimagen.net\/index.php?rest_route=\/wp\/v2\/posts"}],"about":[{"href":"https:\/\/www.diarioimagen.net\/index.php?rest_route=\/wp\/v2\/types\/post"}],"author":[{"embeddable":true,"href":"https:\/\/www.diarioimagen.net\/index.php?rest_route=\/wp\/v2\/users\/3"}],"replies":[{"embeddable":true,"href":"https:\/\/www.diarioimagen.net\/index.php?rest_route=%2Fwp%2Fv2%2Fcomments&post=316296"}],"version-history":[{"count":0,"href":"https:\/\/www.diarioimagen.net\/index.php?rest_route=\/wp\/v2\/posts\/316296\/revisions"}],"wp:featuredmedia":[{"embeddable":true,"href":"https:\/\/www.diarioimagen.net\/index.php?rest_route=\/wp\/v2\/media\/316389"}],"wp:attachment":[{"href":"https:\/\/www.diarioimagen.net\/index.php?rest_route=%2Fwp%2Fv2%2Fmedia&parent=316296"}],"wp:term":[{"taxonomy":"category","embeddable":true,"href":"https:\/\/www.diarioimagen.net\/index.php?rest_route=%2Fwp%2Fv2%2Fcategories&post=316296"},{"taxonomy":"post_tag","embeddable":true,"href":"https:\/\/www.diarioimagen.net\/index.php?rest_route=%2Fwp%2Fv2%2Ftags&post=316296"}],"curies":[{"name":"wp","href":"https:\/\/api.w.org\/{rel}","templated":true}]}}