{"id":316476,"date":"2017-03-14T00:07:30","date_gmt":"2017-03-14T06:07:30","guid":{"rendered":"http:\/\/www.diarioimagen.net\/?p=316476"},"modified":"2017-03-14T04:15:27","modified_gmt":"2017-03-14T10:15:27","slug":"respaldo-al-nuevo-modelo-de-ensenanza","status":"publish","type":"post","link":"https:\/\/www.diarioimagen.net\/?p=316476","title":{"rendered":"Respaldo al nuevo modelo de ense\u00f1anza"},"content":{"rendered":"<h2>Arco Norte<\/h2>\n<h5>Jos\u00e9 Luis Monta\u00f1ez Aguilar<\/h5>\n<p>&nbsp;<\/p>\n<p><a href=\"http:\/\/www.diarioimagen.net\/?attachment_id=316624\" rel=\"attachment wp-att-316624\"><img loading=\"lazy\" decoding=\"async\" class=\"aligncenter size-large wp-image-316624\" src=\"http:\/\/www.diarioimagen.net\/wp-content\/uploads\/2017\/03\/arco-3077-460x303.jpg\" alt=\"\" width=\"460\" height=\"303\" srcset=\"https:\/\/www.diarioimagen.net\/wp-content\/uploads\/2017\/03\/arco-3077-460x303.jpg 460w, https:\/\/www.diarioimagen.net\/wp-content\/uploads\/2017\/03\/arco-3077-240x158.jpg 240w, https:\/\/www.diarioimagen.net\/wp-content\/uploads\/2017\/03\/arco-3077-768x506.jpg 768w, https:\/\/www.diarioimagen.net\/wp-content\/uploads\/2017\/03\/arco-3077.jpg 1200w\" sizes=\"auto, (max-width: 460px) 100vw, 460px\" \/><\/a><\/p>\n<p>&nbsp;<\/p>\n<p>Eruviel \u00c1vila Villegas afirm\u00f3 que autoridades, maestros y alumnos del Estado de M\u00e9xico se suman al Nuevo Modelo Educativo que el gobierno de la Rep\u00fablica implementar\u00e1 a nivel nacional, y asegur\u00f3 que este sistema permitir\u00e1 elevar la calidad de la educaci\u00f3n en el pa\u00eds, pues dotar\u00e1 de mayores conocimientos y herramientas a los estudiantes para que sean m\u00e1s competitivos y los prepare para enfrentar los retos del siglo XXI.<\/p>\n<p>En Jilotepec, durante la entrega de las Acciones por la Educaci\u00f3n a m\u00e1s de 5 mil alumnos del norte de la entidad y donde firm\u00f3 el convenio de participaci\u00f3n con la Fundaci\u00f3n \u00danete, mediante el cual 200 planteles de educaci\u00f3n b\u00e1sica ser\u00e1n equipados con computadoras, el gobernador se\u00f1al\u00f3 que la implementaci\u00f3n de este nuevo modelo a partir del ciclo escolar 2018-2019, representar\u00e1 una labor tit\u00e1nica en el pa\u00eds, por lo que asegur\u00f3 que el Edomex est\u00e1 preparado y trabajar\u00e1 para adaptar los nuevos planes de estudio que permitan a M\u00e9xico competir con pa\u00edses desarrollados.<\/p>\n<p>El mandatario estatal destac\u00f3 que para llegar a este nuevo modelo educativo, en la entidad se llevaron a cabo 20 asambleas en las que participaron l\u00edderes magisteriales, docentes y autoridades del sector.<\/p>\n<p style=\"text-align: center;\"><strong>\u00a0Arranca \u201cPrimera Semana de Salud Bucal\u201d en Edomex<\/strong><\/p>\n<p>Con el objetivo de realizar m\u00e1s de 1.2 millones de acciones preventivas y curativas gratuitas, dio inicio la \u201cPrimera Semana de Salud Bucal\u201d en el Estado de M\u00e9xico, que se llevar\u00e1 a cabo hasta el 17 de marzo.<\/p>\n<p>\u201cEn esta semana se intensificar\u00e1n las acciones, totalmente gratuitas, en unidades m\u00e9dicas y en escuelas y plazas p\u00fablicas, a trav\u00e9s de Unidades M\u00f3viles Odontol\u00f3gicas, en beneficio de m\u00e1s de 2 millones de habitantes, que equivale a atender a la poblaci\u00f3n total de Colima y Baja California\u201d, se\u00f1al\u00f3 el secretario de Salud estatal, C\u00e9sar G\u00f3mez Monge en la escuela primaria \u201cAlfredo del Mazo Gonz\u00e1lez\u201d de Otumba. Detecci\u00f3n\u00a0 de placa dentobacteriana, revisi\u00f3n de tejidos bucales, aplicaci\u00f3n de barniz con fl\u00faor e instrucci\u00f3n en t\u00e9cnica de cepillado, uso de hilo dental y an\u00e1lisis de cavidad bucal, son algunas de las acciones que m\u00e1s de 900 odont\u00f3logos del Instituto de Salud del Estado de M\u00e9xico (ISEM) realizar\u00e1n de manera preventiva.<\/p>\n<p><em><a href=\"mailto:montanezaguilar@gmail.com\" target=\"_blank\">montanezaguilar@gmail.com<\/a><\/em><\/p>\n","protected":false},"excerpt":{"rendered":"<p><span style=\"color: #005497;\">Jos\u00e9 Luis Monta\u00f1ez Aguilar<\/span><br \/>\n<br \/>\nEruviel \u00c1vila Villegas afirm\u00f3 que autoridades, maestros y alumnos del Estado de M\u00e9xico se suman al Nuevo Modelo Educativo que el gobierno de la Rep\u00fablica implementar\u00e1 a nivel nacional, y asegur\u00f3 que este sistema permitir\u00e1 elevar la calidad de la educaci\u00f3n en el pa\u00eds, pues dotar\u00e1 de mayores conocimientos y herramientas a los estudiantes para que sean m\u00e1s competitivos y los prepare para enfrentar los retos del siglo XXI.<\/p>\n","protected":false},"author":3,"featured_media":316624,"comment_status":"open","ping_status":"open","sticky":false,"template":"","format":"standard","meta":{"_monsterinsights_skip_tracking":false,"_monsterinsights_sitenote_active":false,"_monsterinsights_sitenote_note":"","_monsterinsights_sitenote_category":0,"footnotes":""},"categories":[35155],"tags":[13284,43704,43674],"class_list":["post-316476","post","type-post","status-publish","format-standard","has-post-thumbnail","hentry","category-estado-de-mexico-estado-de-mexico","tag-arco-norte","tag-jose-luis-montanez-aguilar","tag-opinion"],"_links":{"self":[{"href":"https:\/\/www.diarioimagen.net\/index.php?rest_route=\/wp\/v2\/posts\/316476","targetHints":{"allow":["GET"]}}],"collection":[{"href":"https:\/\/www.diarioimagen.net\/index.php?rest_route=\/wp\/v2\/posts"}],"about":[{"href":"https:\/\/www.diarioimagen.net\/index.php?rest_route=\/wp\/v2\/types\/post"}],"author":[{"embeddable":true,"href":"https:\/\/www.diarioimagen.net\/index.php?rest_route=\/wp\/v2\/users\/3"}],"replies":[{"embeddable":true,"href":"https:\/\/www.diarioimagen.net\/index.php?rest_route=%2Fwp%2Fv2%2Fcomments&post=316476"}],"version-history":[{"count":0,"href":"https:\/\/www.diarioimagen.net\/index.php?rest_route=\/wp\/v2\/posts\/316476\/revisions"}],"wp:featuredmedia":[{"embeddable":true,"href":"https:\/\/www.diarioimagen.net\/index.php?rest_route=\/wp\/v2\/media\/316624"}],"wp:attachment":[{"href":"https:\/\/www.diarioimagen.net\/index.php?rest_route=%2Fwp%2Fv2%2Fmedia&parent=316476"}],"wp:term":[{"taxonomy":"category","embeddable":true,"href":"https:\/\/www.diarioimagen.net\/index.php?rest_route=%2Fwp%2Fv2%2Fcategories&post=316476"},{"taxonomy":"post_tag","embeddable":true,"href":"https:\/\/www.diarioimagen.net\/index.php?rest_route=%2Fwp%2Fv2%2Ftags&post=316476"}],"curies":[{"name":"wp","href":"https:\/\/api.w.org\/{rel}","templated":true}]}}