{"id":316662,"date":"2017-03-14T18:00:50","date_gmt":"2017-03-15T00:00:50","guid":{"rendered":"http:\/\/www.diarioimagen.net\/?p=316662"},"modified":"2017-03-16T00:02:28","modified_gmt":"2017-03-16T06:02:28","slug":"ocoyoacac-estrena-plaza-estado-de-mexico","status":"publish","type":"post","link":"https:\/\/www.diarioimagen.net\/?p=316662","title":{"rendered":"Ocoyoacac estrena Plaza Estado de M\u00e9xico"},"content":{"rendered":"<p><em><strong>Para fomentar la convivencia familiar<\/strong><\/em><\/p>\n<p>&nbsp;<\/p>\n<div id=\"attachment_316667\" style=\"width: 470px\" class=\"wp-caption aligncenter\"><a href=\"http:\/\/www.diarioimagen.net\/?attachment_id=316667\" rel=\"attachment wp-att-316667\"><img loading=\"lazy\" decoding=\"async\" aria-describedby=\"caption-attachment-316667\" class=\"size-large wp-image-316667\" src=\"http:\/\/www.diarioimagen.net\/wp-content\/uploads\/2017\/03\/PLAZA15-portal-460x268.jpg\" alt=\"\" width=\"460\" height=\"268\" srcset=\"https:\/\/www.diarioimagen.net\/wp-content\/uploads\/2017\/03\/PLAZA15-portal-460x268.jpg 460w, https:\/\/www.diarioimagen.net\/wp-content\/uploads\/2017\/03\/PLAZA15-portal-240x140.jpg 240w, https:\/\/www.diarioimagen.net\/wp-content\/uploads\/2017\/03\/PLAZA15-portal.jpg 480w\" sizes=\"auto, (max-width: 460px) 100vw, 460px\" \/><\/a><p id=\"caption-attachment-316667\" class=\"wp-caption-text\">El gobierno mexiquense entreg\u00f3 la Plaza Estado de M\u00e9xico de Ocoyoacac, para fomentar la convivencia familiar.<\/p><\/div>\n<p>&nbsp;<\/p>\n<p><strong>Ocoyoacac, Estado de M\u00e9xico<\/strong>.- Para brindar un espacio digno para la sana convivencia de los ni\u00f1os, j\u00f3venes y familias, el gobierno mexiquense entreg\u00f3 la Plaza Estado de M\u00e9xico de Ocoyoacac, una de las 100 que se tienen listas en la entidad, y para septiembre se prev\u00e9 contar con una en cada uno de los 125 municipios del Estado de M\u00e9xico.<\/p>\n<p>Al respecto, Heriberto Ortega, secretario de Desarrollo Agropecuario y presidente del Gabinete Regional IX Lerma, inform\u00f3 que la plaza cuenta con trotapista, sanitarios, ejercitadores, juegos infantiles y especiales para adultos mayores y ni\u00f1os con discapacidad.<\/p>\n<p>Por otra parte, entreg\u00f3 obras y 30 equipos de c\u00f3mputo a las primarias \u201cIgnacio Ram\u00edrez\u201d y \u201cBenito Ju\u00e1rez\u201d; un aula de c\u00f3mputo en la primaria \u201cGuadalupe Victoria\u201d, as\u00ed como obras de impermeabilizaci\u00f3n de la secundaria \u201c12 de octubre\u201d, en beneficio de mil 790 alumnos.<\/p>\n<p>Tambi\u00e9n inaugur\u00f3 la rehabilitaci\u00f3n de la avenida Mart\u00edn Chimalt\u00e9catl que va de la comunidad de San Pedro Cholula hacia la cabecera municipal, as\u00ed como el Bulevar Amomolulco-Capulhuac. Adem\u00e1s, entreg\u00f3 la construcci\u00f3n y equipamiento de la Estaci\u00f3n de Bomberos y uniformes a elementos de Protecci\u00f3n Civil, consistentes en trajes antiflama, botas, pantalonera, chaquet\u00f3n, guantes y casco protector, todo con una inversi\u00f3n de 5 millones de pesos.<\/p>\n","protected":false},"excerpt":{"rendered":"<p>Para brindar un espacio digno para la sana convivencia de los ni\u00f1os, j\u00f3venes y familias, el gobierno mexiquense entreg\u00f3 la Plaza Estado de M\u00e9xico de Ocoyoacac, una de las 100 que se tienen listas en la entidad, y para septiembre se prev\u00e9 contar con una en cada uno de los 125 municipios del Estado de M\u00e9xico.<\/p>\n","protected":false},"author":5,"featured_media":316667,"comment_status":"open","ping_status":"open","sticky":false,"template":"","format":"standard","meta":{"_monsterinsights_skip_tracking":false,"_monsterinsights_sitenote_active":false,"_monsterinsights_sitenote_note":"","_monsterinsights_sitenote_category":0,"footnotes":""},"categories":[35155],"tags":[43675,6187,6774,25622],"class_list":["post-316662","post","type-post","status-publish","format-standard","has-post-thumbnail","hentry","category-estado-de-mexico-estado-de-mexico","tag-estado-de-mexico","tag-ninos","tag-ocoyoacac","tag-plaza-estado-de-mexico"],"_links":{"self":[{"href":"https:\/\/www.diarioimagen.net\/index.php?rest_route=\/wp\/v2\/posts\/316662","targetHints":{"allow":["GET"]}}],"collection":[{"href":"https:\/\/www.diarioimagen.net\/index.php?rest_route=\/wp\/v2\/posts"}],"about":[{"href":"https:\/\/www.diarioimagen.net\/index.php?rest_route=\/wp\/v2\/types\/post"}],"author":[{"embeddable":true,"href":"https:\/\/www.diarioimagen.net\/index.php?rest_route=\/wp\/v2\/users\/5"}],"replies":[{"embeddable":true,"href":"https:\/\/www.diarioimagen.net\/index.php?rest_route=%2Fwp%2Fv2%2Fcomments&post=316662"}],"version-history":[{"count":0,"href":"https:\/\/www.diarioimagen.net\/index.php?rest_route=\/wp\/v2\/posts\/316662\/revisions"}],"wp:featuredmedia":[{"embeddable":true,"href":"https:\/\/www.diarioimagen.net\/index.php?rest_route=\/wp\/v2\/media\/316667"}],"wp:attachment":[{"href":"https:\/\/www.diarioimagen.net\/index.php?rest_route=%2Fwp%2Fv2%2Fmedia&parent=316662"}],"wp:term":[{"taxonomy":"category","embeddable":true,"href":"https:\/\/www.diarioimagen.net\/index.php?rest_route=%2Fwp%2Fv2%2Fcategories&post=316662"},{"taxonomy":"post_tag","embeddable":true,"href":"https:\/\/www.diarioimagen.net\/index.php?rest_route=%2Fwp%2Fv2%2Ftags&post=316662"}],"curies":[{"name":"wp","href":"https:\/\/api.w.org\/{rel}","templated":true}]}}