{"id":316761,"date":"2017-03-15T00:01:32","date_gmt":"2017-03-15T06:01:32","guid":{"rendered":"http:\/\/www.diarioimagen.net\/?p=316761"},"modified":"2017-03-15T02:30:43","modified_gmt":"2017-03-15T08:30:43","slug":"generar-mayores-recursos-propios-para-becas-y-equipamiento-alfredo-barrera","status":"publish","type":"post","link":"https:\/\/www.diarioimagen.net\/?p=316761","title":{"rendered":"Generar mayores recursos propios para becas y equipamiento: Alfredo Barrera"},"content":{"rendered":"<p><a href=\"http:\/\/www.diarioimagen.net\/?attachment_id=316857\" rel=\"attachment wp-att-316857\"><img loading=\"lazy\" decoding=\"async\" class=\"aligncenter size-large wp-image-316857\" src=\"http:\/\/www.diarioimagen.net\/wp-content\/uploads\/2017\/03\/UAEM-3078-460x307.jpg\" alt=\"\" width=\"460\" height=\"307\" srcset=\"https:\/\/www.diarioimagen.net\/wp-content\/uploads\/2017\/03\/UAEM-3078-460x307.jpg 460w, https:\/\/www.diarioimagen.net\/wp-content\/uploads\/2017\/03\/UAEM-3078-240x160.jpg 240w, https:\/\/www.diarioimagen.net\/wp-content\/uploads\/2017\/03\/UAEM-3078.jpg 700w\" sizes=\"auto, (max-width: 460px) 100vw, 460px\" \/><\/a><\/p>\n<p>&nbsp;<\/p>\n<p>Con la finalidad de generar mayores recursos propios, que se traducir\u00e1n principalmente en becas y equipamiento, en beneficio de los estudiantes, el proyecto acad\u00e9mico \u201cUniversitarios con propuesta\u201d impulsar\u00e1 los servicios profesionales que ofrecen los diversos espacios universitarios a los sectores p\u00fablico, privado y social en los rubros de salud, ambiente, educaci\u00f3n, dijo el aspirante a la rector\u00eda de esta casa de estudios, Alfredo Barrera Baca.<\/p>\n<p>Al distinguirse por generar conocimiento y respuestas a los desaf\u00edos de la entidad, la Universidad Aut\u00f3noma del Estado de M\u00e9xico intensificar\u00e1 su contribuci\u00f3n social para coadyuvar en las capacidades y competencias de los sectores gubernamental, privado y social.<\/p>\n","protected":false},"excerpt":{"rendered":"<p>Con la finalidad de generar mayores recursos propios, que se traducir\u00e1n principalmente en becas y equipamiento, en beneficio de los estudiantes, el proyecto acad\u00e9mico \u201cUniversitarios con propuesta\u201d impulsar\u00e1 los servicios profesionales que ofrecen los diversos espacios universitarios a los sectores p\u00fablico, privado y social en los rubros de salud, ambiente, educaci\u00f3n, dijo el aspirante a la rector\u00eda de esta casa de estudios, Alfredo Barrera Baca.<\/p>\n","protected":false},"author":3,"featured_media":316857,"comment_status":"open","ping_status":"open","sticky":false,"template":"","format":"standard","meta":{"_monsterinsights_skip_tracking":false,"_monsterinsights_sitenote_active":false,"_monsterinsights_sitenote_note":"","_monsterinsights_sitenote_category":0,"footnotes":""},"categories":[35155],"tags":[58572,43675,1491],"class_list":["post-316761","post","type-post","status-publish","format-standard","has-post-thumbnail","hentry","category-estado-de-mexico-estado-de-mexico","tag-alfredo-barrera-baca","tag-estado-de-mexico","tag-uaem"],"_links":{"self":[{"href":"https:\/\/www.diarioimagen.net\/index.php?rest_route=\/wp\/v2\/posts\/316761","targetHints":{"allow":["GET"]}}],"collection":[{"href":"https:\/\/www.diarioimagen.net\/index.php?rest_route=\/wp\/v2\/posts"}],"about":[{"href":"https:\/\/www.diarioimagen.net\/index.php?rest_route=\/wp\/v2\/types\/post"}],"author":[{"embeddable":true,"href":"https:\/\/www.diarioimagen.net\/index.php?rest_route=\/wp\/v2\/users\/3"}],"replies":[{"embeddable":true,"href":"https:\/\/www.diarioimagen.net\/index.php?rest_route=%2Fwp%2Fv2%2Fcomments&post=316761"}],"version-history":[{"count":0,"href":"https:\/\/www.diarioimagen.net\/index.php?rest_route=\/wp\/v2\/posts\/316761\/revisions"}],"wp:featuredmedia":[{"embeddable":true,"href":"https:\/\/www.diarioimagen.net\/index.php?rest_route=\/wp\/v2\/media\/316857"}],"wp:attachment":[{"href":"https:\/\/www.diarioimagen.net\/index.php?rest_route=%2Fwp%2Fv2%2Fmedia&parent=316761"}],"wp:term":[{"taxonomy":"category","embeddable":true,"href":"https:\/\/www.diarioimagen.net\/index.php?rest_route=%2Fwp%2Fv2%2Fcategories&post=316761"},{"taxonomy":"post_tag","embeddable":true,"href":"https:\/\/www.diarioimagen.net\/index.php?rest_route=%2Fwp%2Fv2%2Ftags&post=316761"}],"curies":[{"name":"wp","href":"https:\/\/api.w.org\/{rel}","templated":true}]}}