{"id":317091,"date":"2017-03-17T00:09:17","date_gmt":"2017-03-17T06:09:17","guid":{"rendered":"http:\/\/www.diarioimagen.net\/?p=317091"},"modified":"2017-03-17T00:31:03","modified_gmt":"2017-03-17T06:31:03","slug":"apoyo-a-ninos-trabajadores-para-que-no-dejen-sus-estudios","status":"publish","type":"post","link":"https:\/\/www.diarioimagen.net\/?p=317091","title":{"rendered":"Apoyo a ni\u00f1os trabajadores para que no dejen estudios"},"content":{"rendered":"<ul>\n<li><strong><em>Han recibido becas 4 mil 600 infantes<\/em><\/strong><\/li>\n<\/ul>\n<p>&nbsp;<\/p>\n<div id=\"attachment_317092\" style=\"width: 470px\" class=\"wp-caption aligncenter\"><a href=\"http:\/\/www.diarioimagen.net\/?attachment_id=317092\" rel=\"attachment wp-att-317092\"><img loading=\"lazy\" decoding=\"async\" aria-describedby=\"caption-attachment-317092\" class=\"wp-image-317092 size-large\" src=\"http:\/\/www.diarioimagen.net\/wp-content\/uploads\/2017\/03\/NI\u00d1OS17-PORTAL-460x268.jpg\" alt=\"\" width=\"460\" height=\"268\" srcset=\"https:\/\/www.diarioimagen.net\/wp-content\/uploads\/2017\/03\/NI\u00d1OS17-PORTAL-460x268.jpg 460w, https:\/\/www.diarioimagen.net\/wp-content\/uploads\/2017\/03\/NI\u00d1OS17-PORTAL-240x140.jpg 240w, https:\/\/www.diarioimagen.net\/wp-content\/uploads\/2017\/03\/NI\u00d1OS17-PORTAL.jpg 480w\" sizes=\"auto, (max-width: 460px) 100vw, 460px\" \/><\/a><p id=\"caption-attachment-317092\" class=\"wp-caption-text\">Isis \u00c1vila Mu\u00f1oz, presidenta del DIFEM, otorg\u00f3 becas como parte del programa Menores Trabajadores Urbano Marginales.<\/p><\/div>\n<p>&nbsp;<\/p>\n<p><strong>Metepec, Estado de M\u00e9xico<\/strong>.-\u00a0 Michell tiene 9 a\u00f1os de edad, se dedicaba a elaborar y vender gelatinas para ayudar a su mam\u00e1 en los gastos de casa, pero ahora tendr\u00e1 la oportunidad de dedicar su tiempo completo al estudio, con la beca que Isis \u00c1vila Mu\u00f1oz, presidenta honoraria del DIF Estado de M\u00e9xico le otorg\u00f3 como parte del programa Menores Trabajadores Urbano Marginales.<\/p>\n<p>La titular del DIFEM detall\u00f3 que el objetivo de este programa consiste en brindar ayuda econ\u00f3mica a ni\u00f1os en situaci\u00f3n de calle, en riesgo, repatriados o migrantes, para que no abandonen sus estudios a trav\u00e9s de apoyos econ\u00f3micos y evitar la explotaci\u00f3n sexual infantil.<\/p>\n<p>\u201cNo podemos permitir que los ni\u00f1os pongan casi todo su tiempo y esfuerzo en trabajar debido a las carencias econ\u00f3micas en casa, ni podemos arriesgar su integridad en las calles, por ello brindamos estas becas econ\u00f3micas que les aseguran su derecho a la educaci\u00f3n\u201d, afirm\u00f3.<\/p>\n<p>Precis\u00f3 que durante la presente administraci\u00f3n 4 mil 600 ni\u00f1os han recibido este apoyo\u00a0 con el que solventan gastos en transporte,\u00a0 compra de \u00fatiles y uniformes escolares.<\/p>\n<p>Agreg\u00f3 que es con el trabajo conjunto entre los tres niveles de gobierno, que el Estado de M\u00e9xico se ha convertido en la entidad que m\u00e1s invierte en apoyo a la educaci\u00f3n de todo el pa\u00eds\u00a0 con la entrega de \u00fatiles escolares, lentes a estudiantes de primaria y secundaria, zapatos y tenis ortop\u00e9dicos, computadoras, entre otros.<\/p>\n<p>En gira de trabajo por los municipios de Metepec y San Mateo Atenco, Isis \u00c1vila, acompa\u00f1ada de Arturo Osornio S\u00e1nchez, secretario de Desarrollo Social, entreg\u00f3 apoyos para adultos mayores como lentes, bastones y cobertores, as\u00ed como equipos de herramientas a quienes han sido capacitados en oficios como plomer\u00eda, electricidad, recubrimiento de muros y colocaci\u00f3n de pisos y azulejos, como parte del programa \u201cAdultos en Grande\u201d.<\/p>\n<p>\u201cEl presidente Enrique Pe\u00f1a y el gobernador Eruviel \u00c1vila reconocen su esfuerzo, dedicaci\u00f3n y cari\u00f1o a la labor que realizan a diario al cocinar, al cuidar a los ni\u00f1os, al auxiliar a los abuelitos y por ello les hacen entrega de estos apoyos que espero les ayuden a solventar requerimientos b\u00e1sicos para sus familias y hogares\u201d, destac\u00f3 Isis \u00c1vila.<\/p>\n<p>&nbsp;<\/p>\n","protected":false},"excerpt":{"rendered":"<p> Michell tiene 9 a\u00f1os de edad, se dedicaba a elaborar y vender gelatinas para ayudar a su mam\u00e1 en los gastos de casa, pero ahora tendr\u00e1 la oportunidad de dedicar su tiempo completo al estudio, con la beca que Isis \u00c1vila Mu\u00f1oz, presidenta honoraria del DIF Estado de M\u00e9xico le otorg\u00f3 como parte del programa Menores Trabajadores Urbano Marginales.<\/p>\n","protected":false},"author":5,"featured_media":317092,"comment_status":"open","ping_status":"open","sticky":false,"template":"","format":"standard","meta":{"_monsterinsights_skip_tracking":false,"_monsterinsights_sitenote_active":false,"_monsterinsights_sitenote_note":"","_monsterinsights_sitenote_category":0,"footnotes":""},"categories":[5],"tags":[1108,43675,28207,876],"class_list":["post-317091","post","type-post","status-publish","format-standard","has-post-thumbnail","hentry","category-estado-de-mexico","tag-arturo-osornio-sanchez","tag-estado-de-mexico","tag-isis-avila-munoz","tag-metepec"],"_links":{"self":[{"href":"https:\/\/www.diarioimagen.net\/index.php?rest_route=\/wp\/v2\/posts\/317091","targetHints":{"allow":["GET"]}}],"collection":[{"href":"https:\/\/www.diarioimagen.net\/index.php?rest_route=\/wp\/v2\/posts"}],"about":[{"href":"https:\/\/www.diarioimagen.net\/index.php?rest_route=\/wp\/v2\/types\/post"}],"author":[{"embeddable":true,"href":"https:\/\/www.diarioimagen.net\/index.php?rest_route=\/wp\/v2\/users\/5"}],"replies":[{"embeddable":true,"href":"https:\/\/www.diarioimagen.net\/index.php?rest_route=%2Fwp%2Fv2%2Fcomments&post=317091"}],"version-history":[{"count":0,"href":"https:\/\/www.diarioimagen.net\/index.php?rest_route=\/wp\/v2\/posts\/317091\/revisions"}],"wp:featuredmedia":[{"embeddable":true,"href":"https:\/\/www.diarioimagen.net\/index.php?rest_route=\/wp\/v2\/media\/317092"}],"wp:attachment":[{"href":"https:\/\/www.diarioimagen.net\/index.php?rest_route=%2Fwp%2Fv2%2Fmedia&parent=317091"}],"wp:term":[{"taxonomy":"category","embeddable":true,"href":"https:\/\/www.diarioimagen.net\/index.php?rest_route=%2Fwp%2Fv2%2Fcategories&post=317091"},{"taxonomy":"post_tag","embeddable":true,"href":"https:\/\/www.diarioimagen.net\/index.php?rest_route=%2Fwp%2Fv2%2Ftags&post=317091"}],"curies":[{"name":"wp","href":"https:\/\/api.w.org\/{rel}","templated":true}]}}