{"id":317094,"date":"2017-03-17T00:07:02","date_gmt":"2017-03-17T06:07:02","guid":{"rendered":"http:\/\/www.diarioimagen.net\/?p=317094"},"modified":"2017-03-20T00:38:06","modified_gmt":"2017-03-20T06:38:06","slug":"recursos-para-mejorar-condiciones-de-escuelas-en-zonas-marginadas-del-edomex","status":"publish","type":"post","link":"https:\/\/www.diarioimagen.net\/?p=317094","title":{"rendered":"Entregan Nu\u00f1o y Eruviel \u00c1vila recursos para mejorar escuelas"},"content":{"rendered":"<ul>\n<li><strong><em>Continuar\u00e1 entrega de apoyos educativos en beneficio de los alumnos<\/em><\/strong><\/li>\n<\/ul>\n<p>&nbsp;<\/p>\n<div id=\"attachment_317095\" style=\"width: 470px\" class=\"wp-caption aligncenter\"><a href=\"http:\/\/www.diarioimagen.net\/?attachment_id=317095\" rel=\"attachment wp-att-317095\"><img loading=\"lazy\" decoding=\"async\" aria-describedby=\"caption-attachment-317095\" class=\"size-large wp-image-317095\" src=\"http:\/\/www.diarioimagen.net\/wp-content\/uploads\/2017\/03\/ARCO17-POORTAL-460x224.jpg\" alt=\"\" width=\"460\" height=\"224\" srcset=\"https:\/\/www.diarioimagen.net\/wp-content\/uploads\/2017\/03\/ARCO17-POORTAL-460x224.jpg 460w, https:\/\/www.diarioimagen.net\/wp-content\/uploads\/2017\/03\/ARCO17-POORTAL-240x117.jpg 240w, https:\/\/www.diarioimagen.net\/wp-content\/uploads\/2017\/03\/ARCO17-POORTAL.jpg 700w\" sizes=\"auto, (max-width: 460px) 100vw, 460px\" \/><\/a><p id=\"caption-attachment-317095\" class=\"wp-caption-text\">Aurelio Nu\u00f1o y el gobernador Eruviel \u00c1vila iniciaron la entrega de recursos del programa de la Reforma Educativa.<\/p><\/div>\n<p>&nbsp;<\/p>\n<p><strong>Toluca, Estado de M\u00e9xico<\/strong>.- El secretario de Educaci\u00f3n del gobierno de la Rep\u00fablica, Aurelio Nu\u00f1o Mayer, y el gobernador Eruviel \u00c1vila Villegas, iniciaron la entrega de recursos del Programa de la Reforma Educativa, para mejorar las condiciones y equipamiento de mil 570 escuelas de educaci\u00f3n b\u00e1sica que se ubican en localidades de alta y muy alta marginaci\u00f3n en el Estado de M\u00e9xico.<\/p>\n<p>\u201cHoy tambi\u00e9n estamos entregando programas y apoyos de la Reforma Educativa, que va por muy buen camino debo decirles, hoy el se\u00f1or secretario viene entregar recursos equivalentes a casi 147 millones de pesos a escuelas de educaci\u00f3n especial, a escuelas como jard\u00edn de ni\u00f1os, primaria, secundaria, para apoyar las peque\u00f1as grandes obras,\u00a0 que son tan necesarias en una escuela: el patio c\u00edvico, que est\u00e1 goteando el sal\u00f3n, que el vidrio,\u00a0 qu\u00e9 se yo,\u00a0 y es parte de la Reforma Educativa\u201d, se\u00f1al\u00f3.<\/p>\n<p>En el Centro de Convenciones y Exposiciones de Toluca, durante la entrega de las Acciones por la Educaci\u00f3n, el gobernador Eruviel \u00c1vila dio a conocer que cada plantel recibir\u00e1 los recursos que pueden ser de hasta 500 mil pesos, y ser\u00e1n los maestros, alumnos y padres de familia quienes decidan c\u00f3mo se aplican para mejorar el estado de las escuelas y los estudiantes se preparen en condiciones \u00f3ptimas.<\/p>\n<p>El titular del Ejecutivo estatal afirm\u00f3 que con estos apoyos y con el trabajo coordinado que se ha tenido con el gobierno federal, el Estado de M\u00e9xico tiene buenos resultados en educaci\u00f3n, por ejemplo, el rezago educativo baj\u00f3 de 18.5 al 13.12 por ciento, lo que implica que m\u00e1s de 662 mil personas salieron de esta carencia, colocando a la entidad en el quinto lugar a nivel nacional con menor rezago educativo, adem\u00e1s de que se ha alcanzado casi el 100 por ciento la cobertura educativa a nivel primaria y se ha disminuido el \u00edndice de reprobaci\u00f3n en secundaria, seg\u00fan datos del Coneval.<\/p>\n<p>Por su parte, el titular de la SEP, Aurelio Nu\u00f1o Mayer, quien entreg\u00f3 estos apoyos a la primaria Adolfo L\u00f3pez Mateos y la secundaria 15 de Septiembre n\u00famero 246, de Zinacantepec, afirm\u00f3 que la Reforma Educativa emprendida por el presidente de la Rep\u00fablica, Enrique Pe\u00f1a Nieto, busca darle mayor autonom\u00eda a los planteles educativos, y con estos recursos la comunidad escolar decidir\u00e1 en qu\u00e9 los desea utilizar, ya sea comprando materiales, equipamiento o pagando cursos a profesores, para convertir las escuelas en comunidades de aprendizaje.<\/p>\n","protected":false},"excerpt":{"rendered":"<p>El secretario de Educaci\u00f3n del gobierno de la Rep\u00fablica, Aurelio Nu\u00f1o Mayer, y el gobernador Eruviel \u00c1vila Villegas, iniciaron la entrega de recursos del Programa de la Reforma Educativa, para mejorar las condiciones y equipamiento de mil 570 escuelas de educaci\u00f3n b\u00e1sica que se ubican en localidades de alta y muy alta marginaci\u00f3n en el Estado de M\u00e9xico.<\/p>\n","protected":false},"author":5,"featured_media":317096,"comment_status":"open","ping_status":"open","sticky":false,"template":"","format":"standard","meta":{"_monsterinsights_skip_tracking":false,"_monsterinsights_sitenote_active":false,"_monsterinsights_sitenote_note":"","_monsterinsights_sitenote_category":0,"footnotes":""},"categories":[5],"tags":[51829,43675,25687,452],"class_list":["post-317094","post","type-post","status-publish","format-standard","has-post-thumbnail","hentry","category-estado-de-mexico","tag-aurelio-nuno","tag-estado-de-mexico","tag-reforma-educativa","tag-toluca"],"_links":{"self":[{"href":"https:\/\/www.diarioimagen.net\/index.php?rest_route=\/wp\/v2\/posts\/317094","targetHints":{"allow":["GET"]}}],"collection":[{"href":"https:\/\/www.diarioimagen.net\/index.php?rest_route=\/wp\/v2\/posts"}],"about":[{"href":"https:\/\/www.diarioimagen.net\/index.php?rest_route=\/wp\/v2\/types\/post"}],"author":[{"embeddable":true,"href":"https:\/\/www.diarioimagen.net\/index.php?rest_route=\/wp\/v2\/users\/5"}],"replies":[{"embeddable":true,"href":"https:\/\/www.diarioimagen.net\/index.php?rest_route=%2Fwp%2Fv2%2Fcomments&post=317094"}],"version-history":[{"count":0,"href":"https:\/\/www.diarioimagen.net\/index.php?rest_route=\/wp\/v2\/posts\/317094\/revisions"}],"wp:featuredmedia":[{"embeddable":true,"href":"https:\/\/www.diarioimagen.net\/index.php?rest_route=\/wp\/v2\/media\/317096"}],"wp:attachment":[{"href":"https:\/\/www.diarioimagen.net\/index.php?rest_route=%2Fwp%2Fv2%2Fmedia&parent=317094"}],"wp:term":[{"taxonomy":"category","embeddable":true,"href":"https:\/\/www.diarioimagen.net\/index.php?rest_route=%2Fwp%2Fv2%2Fcategories&post=317094"},{"taxonomy":"post_tag","embeddable":true,"href":"https:\/\/www.diarioimagen.net\/index.php?rest_route=%2Fwp%2Fv2%2Ftags&post=317094"}],"curies":[{"name":"wp","href":"https:\/\/api.w.org\/{rel}","templated":true}]}}