{"id":317185,"date":"2017-03-17T00:02:03","date_gmt":"2017-03-17T06:02:03","guid":{"rendered":"http:\/\/www.diarioimagen.net\/?p=317185"},"modified":"2017-03-17T05:07:38","modified_gmt":"2017-03-17T11:07:38","slug":"orquesta-sinfonica-juvenil-de-la-uaem-en-constante-crecimiento","status":"publish","type":"post","link":"https:\/\/www.diarioimagen.net\/?p=317185","title":{"rendered":"Orquesta Sinf\u00f3nica Juvenil de la UAEM, en constante crecimiento"},"content":{"rendered":"<p><a href=\"http:\/\/www.diarioimagen.net\/?attachment_id=317266\" rel=\"attachment wp-att-317266\"><img loading=\"lazy\" decoding=\"async\" class=\"aligncenter size-large wp-image-317266\" src=\"http:\/\/www.diarioimagen.net\/wp-content\/uploads\/2017\/03\/UAEM-3080-460x259.jpg\" alt=\"\" width=\"460\" height=\"259\" srcset=\"https:\/\/www.diarioimagen.net\/wp-content\/uploads\/2017\/03\/UAEM-3080-460x259.jpg 460w, https:\/\/www.diarioimagen.net\/wp-content\/uploads\/2017\/03\/UAEM-3080-240x135.jpg 240w, https:\/\/www.diarioimagen.net\/wp-content\/uploads\/2017\/03\/UAEM-3080-235x132.jpg 235w, https:\/\/www.diarioimagen.net\/wp-content\/uploads\/2017\/03\/UAEM-3080-202x114.jpg 202w, https:\/\/www.diarioimagen.net\/wp-content\/uploads\/2017\/03\/UAEM-3080-350x196.jpg 350w, https:\/\/www.diarioimagen.net\/wp-content\/uploads\/2017\/03\/UAEM-3080-220x123.jpg 220w, https:\/\/www.diarioimagen.net\/wp-content\/uploads\/2017\/03\/UAEM-3080-237x132.jpg 237w, https:\/\/www.diarioimagen.net\/wp-content\/uploads\/2017\/03\/UAEM-3080.jpg 480w\" sizes=\"auto, (max-width: 460px) 100vw, 460px\" \/><\/a><\/p>\n<p>&nbsp;<\/p>\n<p>La Administraci\u00f3n 2013-2017 de la Universidad Aut\u00f3noma del Estado de M\u00e9xico, encabezada por el rector Jorge Olvera Garc\u00eda, cre\u00f3 la Orquesta Sinf\u00f3nica Juvenil (OSJUAEM), que con s\u00f3lo dos a\u00f1os de existencia ha cobrado presencia en los \u00e1mbitos nacional e internacional.<\/p>\n","protected":false},"excerpt":{"rendered":"<p>La Administraci\u00f3n 2013-2017 de la Universidad Aut\u00f3noma del Estado de M\u00e9xico, encabezada por el rector Jorge Olvera Garc\u00eda, cre\u00f3 la Orquesta Sinf\u00f3nica Juvenil (OSJUAEM), que con s\u00f3lo dos a\u00f1os de existencia ha cobrado presencia en los \u00e1mbitos nacional e internacional.<\/p>\n","protected":false},"author":3,"featured_media":317266,"comment_status":"open","ping_status":"open","sticky":false,"template":"","format":"standard","meta":{"_monsterinsights_skip_tracking":false,"_monsterinsights_sitenote_active":false,"_monsterinsights_sitenote_note":"","_monsterinsights_sitenote_category":0,"footnotes":""},"categories":[35155],"tags":[43675,1491],"class_list":["post-317185","post","type-post","status-publish","format-standard","has-post-thumbnail","hentry","category-estado-de-mexico-estado-de-mexico","tag-estado-de-mexico","tag-uaem"],"_links":{"self":[{"href":"https:\/\/www.diarioimagen.net\/index.php?rest_route=\/wp\/v2\/posts\/317185","targetHints":{"allow":["GET"]}}],"collection":[{"href":"https:\/\/www.diarioimagen.net\/index.php?rest_route=\/wp\/v2\/posts"}],"about":[{"href":"https:\/\/www.diarioimagen.net\/index.php?rest_route=\/wp\/v2\/types\/post"}],"author":[{"embeddable":true,"href":"https:\/\/www.diarioimagen.net\/index.php?rest_route=\/wp\/v2\/users\/3"}],"replies":[{"embeddable":true,"href":"https:\/\/www.diarioimagen.net\/index.php?rest_route=%2Fwp%2Fv2%2Fcomments&post=317185"}],"version-history":[{"count":0,"href":"https:\/\/www.diarioimagen.net\/index.php?rest_route=\/wp\/v2\/posts\/317185\/revisions"}],"wp:featuredmedia":[{"embeddable":true,"href":"https:\/\/www.diarioimagen.net\/index.php?rest_route=\/wp\/v2\/media\/317266"}],"wp:attachment":[{"href":"https:\/\/www.diarioimagen.net\/index.php?rest_route=%2Fwp%2Fv2%2Fmedia&parent=317185"}],"wp:term":[{"taxonomy":"category","embeddable":true,"href":"https:\/\/www.diarioimagen.net\/index.php?rest_route=%2Fwp%2Fv2%2Fcategories&post=317185"},{"taxonomy":"post_tag","embeddable":true,"href":"https:\/\/www.diarioimagen.net\/index.php?rest_route=%2Fwp%2Fv2%2Ftags&post=317185"}],"curies":[{"name":"wp","href":"https:\/\/api.w.org\/{rel}","templated":true}]}}