{"id":317220,"date":"2017-03-17T00:04:01","date_gmt":"2017-03-17T06:04:01","guid":{"rendered":"http:\/\/www.diarioimagen.net\/?p=317220"},"modified":"2017-03-17T01:07:59","modified_gmt":"2017-03-17T07:07:59","slug":"dos-punteros-para-la-fiscalia-anticorrupcion","status":"publish","type":"post","link":"https:\/\/www.diarioimagen.net\/?p=317220","title":{"rendered":"Dos punteros para la Fiscal\u00eda Anticorrupci\u00f3n"},"content":{"rendered":"<h2>Poder y dinero<\/h2>\n<h5>V\u00edctor S\u00e1nchez Ba\u00f1os<\/h5>\n<p>&nbsp;<\/p>\n<p style=\"text-align: right;\"><em><strong>La abundancia de palabras in\u00fatiles es un s\u00edntoma cierto de inferioridad mental.<\/strong><br \/>\nGustave Le Bon (1841-1931) Psic\u00f3logo franc\u00e9s.<\/em><\/p>\n<p>&nbsp;<\/p>\n<p>Despu\u00e9s de la pasarela de 27 aspirantes a la Fiscal\u00eda Anticorrupci\u00f3n, s\u00f3lo 3 queda con s\u00f3lidas esperanzas de lograr ese trabajo. Luciano Hallivis Pelayo, presidente del Tribunal Fiscal y Administrativo; Rafael Espino del Castillo, director general de Profesiones de la SEP, y Ricardo Peralta Saucedo, catedr\u00e1tico de la Facultad de Derecho de la UNAM.<\/p>\n<p>Durante sus exposiciones ante las comisiones que analizan los expedientes de cada uno de los candidatos, las propuestas coincidieron en un solo punto: fin a la impunidad que es el c\u00e1ncer que corroe las estructuras sociales. Esto se logra con verdadera autonom\u00eda de un fiscal especializado. Manuel Luciano Hallivis Pelayo dijo que el reto principal es demostrar a la sociedad que se puede abatir la impunidad. Ofreci\u00f3 ser un fiscal independiente, firme, valiente y justo.<\/p>\n<p>Ricardo Peralta Saucedo advirti\u00f3 que no contar con una pol\u00edtica contra la corrupci\u00f3n pone en riesgo el prestigio de la nacionalidad; propuso revisar el fuero y la imprescriptibilidad de los delitos al mismo tiempo de implementar un sistema de protecci\u00f3n a testigos y denunciantes, y conformar una fiscal\u00eda sustentable y sostenible.<\/p>\n<p>Por su parte, Jos\u00e9 Bernardo Rafael Espino destac\u00f3 la necesidad de fomentar una cultura de respeto, transparencia, acceso a la informaci\u00f3n y protecci\u00f3n de datos y dijo que el fiscal tiene que realizar un ejercicio cercano a los ciudadanos.<\/p>\n<p>Buscan una chamba de 8 a\u00f1os y lo m\u00e1s importante, crear un sistema mediante el cual se termine con la corrupci\u00f3n que tanto da\u00f1o ha hecho a la moral social, por una parte, y que ha convertido al pa\u00eds en el foco de dudas en el mundo por las muestras cotidianas de abusos de los funcionarios p\u00fablicos.<\/p>\n<p>Acabar con la impunidad y con penas m\u00e1s severas contra aquellos que al amparo de puestos en el sector p\u00fablico, se apoderen del dinero de los mexicanos.<\/p>\n<p><strong>PODEROSOS CABALLEROS<\/strong>: El obispo Ram\u00f3n Castro, de Cuernavaca, est\u00e1 en pie de guerra contra el gobernador de Morelos, Graco Ram\u00edrez, y con justificada raz\u00f3n. No es un cl\u00e9rigo que se intimide ante el poder pol\u00edtico, ni mucho se someta a los caprichos del gobernante en turno. Llev\u00f3 la fiesta en paz en Campeche con el entonces gobernador Manuel Andrade, y de Yucat\u00e1n, Rolando Zapata. Curiosamente, ambos pri\u00edstas. Pero, en Morelos, a su llegada el a\u00f1o pasado, las cosas cambiaron y no se someti\u00f3. Castro y Castro, como un cl\u00e9rigo de altos vuelos, conoce muy bien las artes de la pol\u00edtica y la organizaci\u00f3n social. No en balde, donde se para logra incrementar el n\u00famero de sacerdotes cat\u00f3licos al doble. Hoy trae como aliados a todos los enemigos pol\u00edticos de Graco, como Cuauht\u00e9moc Blanco y otros. Que ponga sus barbas a remojar el Ejecutivo morelense. *** El secretario de Comunicaciones, Gerardo Ruiz Esparza, puso en funcionamiento la nueva terminal del aeropuerto de Veracruz, tras invertir 611 millones de pesos para proporcionar servicio a cuatro millones de pasajeros al a\u00f1o. El gobierno en la administraci\u00f3n de Enrique Pe\u00f1a ha inyectado 77 mil 800 millones de pesos al sector aeron\u00e1utico. *** La AmCham eligi\u00f3 a M\u00f3nica Flores, directora de Manpower M\u00e9xico, como su nueva presidenta, convirti\u00e9ndose en la primera mujer mexicana en ostentar ese puesto. *** El martes pasado estuvo Ignacio Peralta, gobernador de Colima. Ah\u00ed se reuni\u00f3 a invitaci\u00f3n del l\u00edder de la mayor\u00eda parlamentaria del PRI, Emilio Gamboa, con su ancestral enemigo pol\u00edtico, el panista Jorge Luis Preciado. Fr\u00edo el encuentro, como se esperaba, pero se estrecharon las manos. Por all\u00ed \u00a0se escucharon ruidos como \u201cgrrrrrr\u201d. *** Quintana Roo, entidad gobernada por Carlos Joaqu\u00edn, empieza a verse en el espejo de Acapulco. Otro para\u00edso infernal.<\/p>\n<p><strong>AL FINAL DE CUENTAS<\/strong>: Cozumel, municipio quintanarroense que preside Perla Cecilia Tun Pech, ante la inercia que le dej\u00f3 su antecesor el a\u00f1o pasado, cuenta con una eficiencia recaudatoria elevada donde sus ingresos propios al cierre del 2015 alcanzaron los 216 millones, representando 44.5% de los ingresos totales que supera la media de los municipios, analizados por Fitch Ratings. Sin embargo, tiene deudas elevadas. Uno de los cr\u00e9ditos que tiene ronda los 316.7 millones de pesos y a diciembre de 2016, sum\u00f3 428.4 millones de pesos de endeudamiento directo a largo plazo. Tiene recursos provenientes del sector tur\u00edstico, pero el beneficio no se ve reflejado en la infraestructura del municipio. Mal y de malas los cozumele\u00f1os.<\/p>\n<p><strong>RESPONSABILIDAD SOCIAL CORPORATIVA<\/strong>.- Casi 34 toneladas de alimento para mascota ser\u00e1n donadas a la Fundaci\u00f3n Federico Haghenbeck y de la Lama para que lo distribuya. Esta cantidad de alimento para mascotas, es resultado de la d\u00e9cima edici\u00f3n del Dog Chow Perrot\u00f3n 2017, una carrera con causa hecha para familias y sus mascotas, donde se reunieron m\u00e1s de 18,000 personas con sus perros en el Hip\u00f3dromo de las Am\u00e9ricas.<\/p>\n<p><em><a href=\"http:\/\/Poderydinero.mx\" target=\"_blank\">Poderydinero.mx<\/a><\/em><b><br \/>\n<\/b><em><a href=\"mailto:vsanchezb@gmail.com\" target=\"_blank\">vsanchezb@gmail.com<br \/>\n<\/a><strong>Twitter:<\/strong><a href=\"https:\/\/twitter.com\/vsanchezbanos\" target=\"_blank\">@vsanchezbano<br \/>\n<\/a><strong>Facebook:\u00a0<\/strong><a href=\"https:\/\/www.facebook.com\/vsanchezbanos?fref=ts\" target=\"_blank\">vsanchezbano<\/a><\/em><\/p>\n","protected":false},"excerpt":{"rendered":"<p><span style=\"color: #005497;\"><strong>V\u00edctor S\u00e1nchez Ba\u00f1os<\/strong><\/span><\/p>\n","protected":false},"author":3,"featured_media":0,"comment_status":"open","ping_status":"open","sticky":false,"template":"","format":"standard","meta":{"_monsterinsights_skip_tracking":false,"_monsterinsights_sitenote_active":false,"_monsterinsights_sitenote_note":"","_monsterinsights_sitenote_category":0,"footnotes":""},"categories":[38844],"tags":[43674,38847,38848],"class_list":["post-317220","post","type-post","status-publish","format-standard","hentry","category-victor-sanchez-banos","tag-opinion","tag-poder-y-dinero","tag-victor-sanchez-banos"],"_links":{"self":[{"href":"https:\/\/www.diarioimagen.net\/index.php?rest_route=\/wp\/v2\/posts\/317220","targetHints":{"allow":["GET"]}}],"collection":[{"href":"https:\/\/www.diarioimagen.net\/index.php?rest_route=\/wp\/v2\/posts"}],"about":[{"href":"https:\/\/www.diarioimagen.net\/index.php?rest_route=\/wp\/v2\/types\/post"}],"author":[{"embeddable":true,"href":"https:\/\/www.diarioimagen.net\/index.php?rest_route=\/wp\/v2\/users\/3"}],"replies":[{"embeddable":true,"href":"https:\/\/www.diarioimagen.net\/index.php?rest_route=%2Fwp%2Fv2%2Fcomments&post=317220"}],"version-history":[{"count":0,"href":"https:\/\/www.diarioimagen.net\/index.php?rest_route=\/wp\/v2\/posts\/317220\/revisions"}],"wp:attachment":[{"href":"https:\/\/www.diarioimagen.net\/index.php?rest_route=%2Fwp%2Fv2%2Fmedia&parent=317220"}],"wp:term":[{"taxonomy":"category","embeddable":true,"href":"https:\/\/www.diarioimagen.net\/index.php?rest_route=%2Fwp%2Fv2%2Fcategories&post=317220"},{"taxonomy":"post_tag","embeddable":true,"href":"https:\/\/www.diarioimagen.net\/index.php?rest_route=%2Fwp%2Fv2%2Ftags&post=317220"}],"curies":[{"name":"wp","href":"https:\/\/api.w.org\/{rel}","templated":true}]}}