{"id":317314,"date":"2017-03-19T18:00:21","date_gmt":"2017-03-20T00:00:21","guid":{"rendered":"http:\/\/www.diarioimagen.net\/?p=317314"},"modified":"2017-03-21T00:08:02","modified_gmt":"2017-03-21T06:08:02","slug":"entregan-de-20-mil-laptops-para-alumnos-con-mejores-promedios","status":"publish","type":"post","link":"https:\/\/www.diarioimagen.net\/?p=317314","title":{"rendered":"Entregan de 20 mil laptops para alumnos con mejores promedios"},"content":{"rendered":"<ul>\n<li><em><strong>Impulso a la educaci\u00f3n en el Estado de M\u00e9xico<\/strong><\/em><\/li>\n<\/ul>\n<p>&nbsp;<\/p>\n<div id=\"attachment_317315\" style=\"width: 470px\" class=\"wp-caption aligncenter\"><a href=\"http:\/\/www.diarioimagen.net\/?attachment_id=317315\" rel=\"attachment wp-att-317315\"><img loading=\"lazy\" decoding=\"async\" aria-describedby=\"caption-attachment-317315\" class=\"size-large wp-image-317315\" src=\"http:\/\/www.diarioimagen.net\/wp-content\/uploads\/2017\/03\/COMPUTADORAS20-PORTAL-460x268.jpg\" alt=\"\" width=\"460\" height=\"268\" srcset=\"https:\/\/www.diarioimagen.net\/wp-content\/uploads\/2017\/03\/COMPUTADORAS20-PORTAL-460x268.jpg 460w, https:\/\/www.diarioimagen.net\/wp-content\/uploads\/2017\/03\/COMPUTADORAS20-PORTAL-240x140.jpg 240w, https:\/\/www.diarioimagen.net\/wp-content\/uploads\/2017\/03\/COMPUTADORAS20-PORTAL.jpg 480w\" sizes=\"auto, (max-width: 460px) 100vw, 460px\" \/><\/a><p id=\"caption-attachment-317315\" class=\"wp-caption-text\">Eruviel \u00c1vila Villegas entreg\u00f3 apoyos de las Acciones por la Educaci\u00f3n, a m\u00e1s de 5 mil alumnos de la zona ofriente del Edomex.<\/p><\/div>\n<p>&nbsp;<\/p>\n<p><strong>San Vicente Chicoloapan, Estado de M\u00e9xico<\/strong>.- El gobernador Eruviel \u00c1vila Villegas asegur\u00f3 que seguir\u00e1 dando un fuerte impulso a la educaci\u00f3n en el Estado de M\u00e9xico, y anunci\u00f3 que en este ciclo escolar, 20 mil computadoras laptops ser\u00e1n entregadas a alumnos de excelencia, con promedio de 9.5 o m\u00e1s, adem\u00e1s de becas, vales para \u00fatiles escolares y el equipamiento a planteles para que los estudiantes tengan condiciones \u00f3ptimas para sus estudios.<\/p>\n<p>\u201cSon 20 mil computadoras laptop las que vamos a entregar este ciclo escolar; esta es solamente una representaci\u00f3n de alumnas y alumnos que se han ganado esta computadora. Yo estoy cierto que esta herramienta va a servirles para que puedan seguir estudiando\u201d, se\u00f1al\u00f3.<\/p>\n<p>Al entregar apoyos de las Acciones por la Educaci\u00f3n a m\u00e1s de 5 mil alumnos de La Paz, Chimalhuac\u00e1n, Ixtapaluca y San Vicente Chicoloapan, Eruviel \u00c1vila afirm\u00f3 que estos incentivos se entregan actualmente con apego a la normatividad, e inst\u00f3 a la poblaci\u00f3n a conocer los diversos programas que el gobierno mexiquense otorga para impulsar la educaci\u00f3n de los j\u00f3venes.<\/p>\n<p>En la Unidad Deportiva Las Minas, en San Vicente Chicoloapan, el mandatario estatal tambi\u00e9n entreg\u00f3 becas a integrantes de escoltas escolares, vacunas contra el virus del Papiloma a alumnas de quinto grado de primaria, becas al extranjero y laptops.<\/p>\n<p>Por otro lado, destac\u00f3 que durante su administraci\u00f3n, la seguridad de los mexiquenses ha sido una prioridad, por lo que desde hace un a\u00f1o y medio se puso en operaci\u00f3n la red de 10 mil c\u00e1maras de vigilancia conectadas a dos C5, que actualmente permiten detectar e inhibir actos delictivos para bienestar de los mexiquenses.<\/p>\n<p>Ante las voces que piden no entregar apoyos por la proximidad del proceso electoral en el Estado de M\u00e9xico, advirti\u00f3 que el gobierno mexiquense continuar\u00e1 otorg\u00e1ndolos, pues son beneficios que permiten mejorar las condiciones de vida de los mexiquenses.<\/p>\n","protected":false},"excerpt":{"rendered":"<p>El gobernador Eruviel \u00c1vila Villegas asegur\u00f3 que seguir\u00e1 dando un fuerte impulso a la educaci\u00f3n en el Estado de M\u00e9xico, y anunci\u00f3 que en este ciclo escolar, 20 mil computadoras laptops ser\u00e1n entregadas a alumnos de excelencia, con promedio de 9.5 o m\u00e1s, adem\u00e1s de becas, vales para \u00fatiles escolares y el equipamiento a planteles para que los estudiantes tengan condiciones \u00f3ptimas para sus estudios.<\/p>\n","protected":false},"author":5,"featured_media":317315,"comment_status":"open","ping_status":"open","sticky":false,"template":"","format":"standard","meta":{"_monsterinsights_skip_tracking":false,"_monsterinsights_sitenote_active":false,"_monsterinsights_sitenote_note":"","_monsterinsights_sitenote_category":0,"footnotes":""},"categories":[35155],"tags":[8623,5828,43675,2324],"class_list":["post-317314","post","type-post","status-publish","format-standard","has-post-thumbnail","hentry","category-estado-de-mexico-estado-de-mexico","tag-chimalhuacan","tag-eruviel-avila-villegas","tag-estado-de-mexico","tag-la-paz"],"_links":{"self":[{"href":"https:\/\/www.diarioimagen.net\/index.php?rest_route=\/wp\/v2\/posts\/317314","targetHints":{"allow":["GET"]}}],"collection":[{"href":"https:\/\/www.diarioimagen.net\/index.php?rest_route=\/wp\/v2\/posts"}],"about":[{"href":"https:\/\/www.diarioimagen.net\/index.php?rest_route=\/wp\/v2\/types\/post"}],"author":[{"embeddable":true,"href":"https:\/\/www.diarioimagen.net\/index.php?rest_route=\/wp\/v2\/users\/5"}],"replies":[{"embeddable":true,"href":"https:\/\/www.diarioimagen.net\/index.php?rest_route=%2Fwp%2Fv2%2Fcomments&post=317314"}],"version-history":[{"count":0,"href":"https:\/\/www.diarioimagen.net\/index.php?rest_route=\/wp\/v2\/posts\/317314\/revisions"}],"wp:featuredmedia":[{"embeddable":true,"href":"https:\/\/www.diarioimagen.net\/index.php?rest_route=\/wp\/v2\/media\/317315"}],"wp:attachment":[{"href":"https:\/\/www.diarioimagen.net\/index.php?rest_route=%2Fwp%2Fv2%2Fmedia&parent=317314"}],"wp:term":[{"taxonomy":"category","embeddable":true,"href":"https:\/\/www.diarioimagen.net\/index.php?rest_route=%2Fwp%2Fv2%2Fcategories&post=317314"},{"taxonomy":"post_tag","embeddable":true,"href":"https:\/\/www.diarioimagen.net\/index.php?rest_route=%2Fwp%2Fv2%2Ftags&post=317314"}],"curies":[{"name":"wp","href":"https:\/\/api.w.org\/{rel}","templated":true}]}}