{"id":317317,"date":"2017-03-20T00:14:05","date_gmt":"2017-03-20T06:14:05","guid":{"rendered":"http:\/\/www.diarioimagen.net\/?p=317317"},"modified":"2017-03-19T23:17:16","modified_gmt":"2017-03-20T05:17:16","slug":"cesan-a-3-funcionarios-por-abusos-en-penal-de-apodaca","status":"publish","type":"post","link":"https:\/\/www.diarioimagen.net\/?p=317317","title":{"rendered":"Cesan a 3 funcionarios por abusos en penal de Apodaca"},"content":{"rendered":"<ul>\n<li><strong><em>Que el crimen organizado amenaz\u00f3 a los servidores p\u00fablicos<\/em><\/strong><\/li>\n<\/ul>\n<p>&nbsp;<\/p>\n<div id=\"attachment_317318\" style=\"width: 470px\" class=\"wp-caption aligncenter\"><a href=\"http:\/\/www.diarioimagen.net\/?attachment_id=317318\" rel=\"attachment wp-att-317318\"><img loading=\"lazy\" decoding=\"async\" aria-describedby=\"caption-attachment-317318\" class=\"wp-image-317318 size-large\" src=\"http:\/\/www.diarioimagen.net\/wp-content\/uploads\/2017\/03\/ABUSOS2020ok-portal-460x268.jpg\" alt=\"\" width=\"460\" height=\"268\" srcset=\"https:\/\/www.diarioimagen.net\/wp-content\/uploads\/2017\/03\/ABUSOS2020ok-portal-460x268.jpg 460w, https:\/\/www.diarioimagen.net\/wp-content\/uploads\/2017\/03\/ABUSOS2020ok-portal-240x140.jpg 240w, https:\/\/www.diarioimagen.net\/wp-content\/uploads\/2017\/03\/ABUSOS2020ok-portal.jpg 480w\" sizes=\"auto, (max-width: 460px) 100vw, 460px\" \/><\/a><p id=\"caption-attachment-317318\" class=\"wp-caption-text\">Cesan al subdirector y a dos jefes del penal de Apodaca, luego de divulgarse un video de los abusos a internos.<\/p><\/div>\n<p>&nbsp;<\/p>\n<p>Autoridades de Nuevo Le\u00f3n anunciaron el cese de tres funcionarios del Centro de Reinserci\u00f3n Social de Apodaca, luego de violaciones a la integridad f\u00edsica de reos, lo cual deriv\u00f3 adem\u00e1s a una investigaci\u00f3n penal contra ellos.<\/p>\n<p>En conferencia de prensa, Aldo Fasci Zuazua, vocero del Grupo de Coordinaci\u00f3n de Seguridad en la entidad, refiri\u00f3 que \u201cfueron cesados el subdirector de seguridad, el jefe de turno de seguridad y el jefe de \u00e1rea de seguridad, que estaban laborando en el momento de los hechos\u201d. Ellos est\u00e1n sujetos tambi\u00e9n a una investigaci\u00f3n penal\u201d, ante las vejaciones de\u00a0 que fueron v\u00edctimas, internos a manos de otros, en uno de los ambulatorios del Centro de Reinserci\u00f3n Social de Apodaca, sin que los ahora ex funcionarios dieran parte a sus superiores, indic\u00f3.<\/p>\n<p>Los imputados sujetos a proceso, que fueron objeto de vejaciones, est\u00e1n en buen resguardo, situaci\u00f3n de la cual ya tiene conocimiento el Juez de Control respectivo\u201d, dijo. La investigaci\u00f3n contin\u00faa y tambi\u00e9n tenemos que se\u00f1alar que las situaciones an\u00f3malas que se dieron, tienen que ver con amenazas y presiones del crimen organizado al interior de los centros penitenciarios, amenazaron a algunos servidores p\u00fablicos y a sus familias\u201d, indic\u00f3.<\/p>\n<p>Fasci Zuazua subray\u00f3 que en ese sentido \u201clos hechos tienen que ver con amenazas, no con corrupci\u00f3n\u201d, y por no avisar a autoridades superiores se determin\u00f3 cesar a los tres ex funcionarios del penal de Apodaca y sujetarlos a investigaci\u00f3n. Por otra parte, coment\u00f3 que dentro de acciones conjuntas de autoridades estatales y federales contra el narcomenudeo, durante las \u00faltimas semanas han sido detenidas 494 personas \u201cen posesi\u00f3n simple y con fines de venta\u201d.<\/p>\n<p>Esto ha provocado las reacciones de los grupos del crimen organizado, en ese sentido, tambi\u00e9n se\u00f1alamos como puntos de riesgo, dos de los municipios del \u00e1rea metropolitana (Escobedo y Santa Catarina), no son los \u00fanicos pero son los que est\u00e1n m\u00e1s vulnerables en este momento\u201d.<\/p>\n<p>Ante esto, agreg\u00f3, autoridades de Nuevo Le\u00f3n, a trav\u00e9s de la Agencia Estatal de Investigaciones y Fuerza Civil, en conjunto con el Ej\u00e9rcito, iniciaron operativos en el \u00e1rea metropolitana de Monterrey.<\/p>\n<p>Adem\u00e1s, en coordinaci\u00f3n con la Secretar\u00eda de la Marina Armada de M\u00e9xico, se desplegar\u00e1n acciones de inteligencia y estrategia, afirm\u00f3 el vocero del Grupo de Coordinaci\u00f3n de Seguridad en la entidad.<\/p>\n<p>Asimismo, habr\u00e1 vigilancia especial y labores de inteligencia en algunos puntos clave del estado, no solamente del \u00e1rea metropolitana, para lo cual se van a destinar m\u00e1s de 70 elementos conjuntos entre las diferentes fuerzas estatales y federales\u00bb, se\u00f1al\u00f3.<\/p>\n<p>Todo ello coadyuvar\u00e1 en temas de investigaci\u00f3n emprendidos por parte de la Subprocuradur\u00eda Especializada en Investigaci\u00f3n de Delincuencia Organizada (SEIDO), concluy\u00f3.<\/p>\n<p>&nbsp;<\/p>\n","protected":false},"excerpt":{"rendered":"<p>Autoridades de Nuevo Le\u00f3n anunciaron el cese de tres funcionarios del Centro de Reinserci\u00f3n Social de Apodaca, luego de violaciones a la integridad f\u00edsica de reos, lo cual deriv\u00f3 adem\u00e1s a una investigaci\u00f3n penal contra ellos.<\/p>\n","protected":false},"author":5,"featured_media":317318,"comment_status":"open","ping_status":"open","sticky":false,"template":"","format":"standard","meta":{"_monsterinsights_skip_tracking":false,"_monsterinsights_sitenote_active":false,"_monsterinsights_sitenote_note":"","_monsterinsights_sitenote_category":0,"footnotes":""},"categories":[7],"tags":[45,43677],"class_list":["post-317317","post","type-post","status-publish","format-standard","has-post-thumbnail","hentry","category-seguridad","tag-nuevo-leon","tag-seguridad"],"_links":{"self":[{"href":"https:\/\/www.diarioimagen.net\/index.php?rest_route=\/wp\/v2\/posts\/317317","targetHints":{"allow":["GET"]}}],"collection":[{"href":"https:\/\/www.diarioimagen.net\/index.php?rest_route=\/wp\/v2\/posts"}],"about":[{"href":"https:\/\/www.diarioimagen.net\/index.php?rest_route=\/wp\/v2\/types\/post"}],"author":[{"embeddable":true,"href":"https:\/\/www.diarioimagen.net\/index.php?rest_route=\/wp\/v2\/users\/5"}],"replies":[{"embeddable":true,"href":"https:\/\/www.diarioimagen.net\/index.php?rest_route=%2Fwp%2Fv2%2Fcomments&post=317317"}],"version-history":[{"count":0,"href":"https:\/\/www.diarioimagen.net\/index.php?rest_route=\/wp\/v2\/posts\/317317\/revisions"}],"wp:featuredmedia":[{"embeddable":true,"href":"https:\/\/www.diarioimagen.net\/index.php?rest_route=\/wp\/v2\/media\/317318"}],"wp:attachment":[{"href":"https:\/\/www.diarioimagen.net\/index.php?rest_route=%2Fwp%2Fv2%2Fmedia&parent=317317"}],"wp:term":[{"taxonomy":"category","embeddable":true,"href":"https:\/\/www.diarioimagen.net\/index.php?rest_route=%2Fwp%2Fv2%2Fcategories&post=317317"},{"taxonomy":"post_tag","embeddable":true,"href":"https:\/\/www.diarioimagen.net\/index.php?rest_route=%2Fwp%2Fv2%2Ftags&post=317317"}],"curies":[{"name":"wp","href":"https:\/\/api.w.org\/{rel}","templated":true}]}}