{"id":317321,"date":"2017-03-20T00:07:00","date_gmt":"2017-03-20T06:07:00","guid":{"rendered":"http:\/\/www.diarioimagen.net\/?p=317321"},"modified":"2017-03-21T00:08:43","modified_gmt":"2017-03-21T06:08:43","slug":"anuncia-eruviel-avila-construccion-de-unidad-de-estudios-superiores-en-amatepec","status":"publish","type":"post","link":"https:\/\/www.diarioimagen.net\/?p=317321","title":{"rendered":"Habr\u00e1 Unidad de Estudios Superiores en Amatepec"},"content":{"rendered":"<ul>\n<li><strong><em>\u201cSe trabaja por los mexiquenses sin importar banderas partidistas\u201d<\/em><\/strong><\/li>\n<\/ul>\n<p>&nbsp;<\/p>\n<div id=\"attachment_317322\" style=\"width: 470px\" class=\"wp-caption aligncenter\"><a href=\"http:\/\/www.diarioimagen.net\/?attachment_id=317322\" rel=\"attachment wp-att-317322\"><img loading=\"lazy\" decoding=\"async\" aria-describedby=\"caption-attachment-317322\" class=\"size-large wp-image-317322\" src=\"http:\/\/www.diarioimagen.net\/wp-content\/uploads\/2017\/03\/ERUVIEL20-portal-460x268.jpg\" alt=\"\" width=\"460\" height=\"268\" srcset=\"https:\/\/www.diarioimagen.net\/wp-content\/uploads\/2017\/03\/ERUVIEL20-portal-460x268.jpg 460w, https:\/\/www.diarioimagen.net\/wp-content\/uploads\/2017\/03\/ERUVIEL20-portal-240x140.jpg 240w, https:\/\/www.diarioimagen.net\/wp-content\/uploads\/2017\/03\/ERUVIEL20-portal.jpg 480w\" sizes=\"auto, (max-width: 460px) 100vw, 460px\" \/><\/a><p id=\"caption-attachment-317322\" class=\"wp-caption-text\">Eruviel \u00c1vilaVillegas entreg\u00f3 la rehabilitaci\u00f3n de dos vialidades que beneficiar\u00e1n a m\u00e1s de 20 mil habitantes de la regi\u00f3n sur del Edom\u00e9x.<\/p><\/div>\n<p>&nbsp;<\/p>\n<p><strong>Amatepec, Estado de M\u00e9xico<\/strong>.- Al entregar la rehabilitaci\u00f3n de dos caminos que conectan a las comunidades de Cerro del Campo y Palmar Chico, en Amatepec, el gobernador Eruviel \u00c1vila afirm\u00f3 que, pese a la distancia entre este municipio y la capital mexiquense, a su gente la lleva en su coraz\u00f3n, los escucha y atiende sus peticiones, por lo que les anunci\u00f3 la construcci\u00f3n de la Unidad de Estudios Superiores, en donde se impartan carreras acordes a las necesidades de la zona, como agronom\u00eda o enfermer\u00eda.<\/p>\n<p>\u201cVengo a escuchar, no me gusta a m\u00ed que me cuenten las cosas all\u00e1 en la oficina, a m\u00ed me gusta apreciar lo que sucede aqu\u00ed en el campo y, don Pedro, para todas y para todos ustedes, yo me quedo al final, aqu\u00ed me quedo a escucharles y hacer compromisos y canalizar todo tipo de necesidades que ustedes tengan.<\/p>\n<p>\u201cSi bien estamos un poquito retiraditos de la capital del estado, de Toluca, est\u00e1n ustedes m\u00e1s cerca de lo que se imaginan aqu\u00ed en mi coraz\u00f3n. Nunca me he olvidado ni me olvidar\u00e9 de este bello sur del Estado de M\u00e9xico, de Amatepec, de sus comunidades, de su gente, gente buena, gente trabajadora, gente que quiere salir adelante, que da lo mejor todos los d\u00edas para poder sacar adelante a sus familias\u201d, expres\u00f3.<\/p>\n<p>En esta gira de trabajo que efectu\u00f3 por la regi\u00f3n Sur del territorio mexiquense, Eruviel \u00c1vila inform\u00f3 que a m\u00e1s tardar en abril pr\u00f3ximo, el gobierno estatal entregar\u00e1 2 millones de pesos para iniciar la construcci\u00f3n de un campus universitario en Amatepec, con la intenci\u00f3n de atender la demanda de educaci\u00f3n profesional y brindar m\u00e1s oportunidades de desarrollo a los j\u00f3venes que ah\u00ed habitan.<\/p>\n<p>Asimismo, junto con el alcalde de Amatepec, Jos\u00e9 F\u00e9lix Gallegos, de extracci\u00f3n perredista, el mandatario mexiquense explic\u00f3 ante 200 personas reunidas en el auditorio de Amatepec, que los caminos que entreg\u00f3 benefician a m\u00e1s de 20 mil habitantes de la regi\u00f3n, y estrechar\u00e1n las distancias gracias a la rehabilitaci\u00f3n de la vialidad Puerto Fr\u00edo-Cerro del Campo, de 12 kil\u00f3metros, para conectar las partes alta y baja de este municipio, as\u00ed como la pavimentaci\u00f3n de los caminos San Mart\u00edn-San Miguel y Bejucos-Palmar Chico, en una extensi\u00f3n de 7 kil\u00f3metros, obras que en su conjunto requirieron una inversi\u00f3n de m\u00e1s de 80 millones de pesos.<\/p>\n<p>Tras la entrega de los caminos, los habitantes de Amatepec aprovecharon la feria de salud instalada en el kiosco, donde se ofrecieron servicios gratuitos como medicamentos, vacunas contra el Virus del Papiloma Humano, detecci\u00f3n de adicciones, medici\u00f3n de niveles de glucosa, presi\u00f3n arterial, peso y talla, as\u00ed como entrega de vales para estudios cl\u00ednicos.<\/p>\n<p style=\"text-align: center;\"><strong>Acuerdos en TLC favorecer\u00e1n exportaciones mexiquenses<\/strong><\/p>\n<p>En este municipio, que registra emigraci\u00f3n a los Estados Unidos, el gobernador celebr\u00f3 que funcionarios estadounidenses, como el asesor comercial Peter Navarro, muestren disposici\u00f3n para fortalecer las relaciones entre M\u00e9xico, Estados Unidos y Canad\u00e1, y coincidi\u00f3 con la postura de este experto, en el sentido de que a trav\u00e9s de acuerdos comerciales, estos tres pa\u00edses conformar\u00e1n una potencia manufacturera a nivel global, sin involucrar a otras naciones.<\/p>\n","protected":false},"excerpt":{"rendered":"<p>Al entregar la rehabilitaci\u00f3n de dos caminos que conectan a las comunidades de Cerro del Campo y Palmar Chico, en Amatepec, el gobernador Eruviel \u00c1vila afirm\u00f3 que, pese a la distancia entre este municipio y la capital mexiquense, a su gente la lleva en su coraz\u00f3n, los escucha y atiende sus peticiones, por lo que les anunci\u00f3 la construcci\u00f3n de la Unidad de Estudios Superiores, en donde se impartan carreras acordes a las necesidades de la zona, como agronom\u00eda o enfermer\u00eda.<\/p>\n","protected":false},"author":5,"featured_media":317322,"comment_status":"open","ping_status":"open","sticky":false,"template":"","format":"standard","meta":{"_monsterinsights_skip_tracking":false,"_monsterinsights_sitenote_active":false,"_monsterinsights_sitenote_note":"","_monsterinsights_sitenote_category":0,"footnotes":""},"categories":[5],"tags":[43675],"class_list":["post-317321","post","type-post","status-publish","format-standard","has-post-thumbnail","hentry","category-estado-de-mexico","tag-estado-de-mexico"],"_links":{"self":[{"href":"https:\/\/www.diarioimagen.net\/index.php?rest_route=\/wp\/v2\/posts\/317321","targetHints":{"allow":["GET"]}}],"collection":[{"href":"https:\/\/www.diarioimagen.net\/index.php?rest_route=\/wp\/v2\/posts"}],"about":[{"href":"https:\/\/www.diarioimagen.net\/index.php?rest_route=\/wp\/v2\/types\/post"}],"author":[{"embeddable":true,"href":"https:\/\/www.diarioimagen.net\/index.php?rest_route=\/wp\/v2\/users\/5"}],"replies":[{"embeddable":true,"href":"https:\/\/www.diarioimagen.net\/index.php?rest_route=%2Fwp%2Fv2%2Fcomments&post=317321"}],"version-history":[{"count":0,"href":"https:\/\/www.diarioimagen.net\/index.php?rest_route=\/wp\/v2\/posts\/317321\/revisions"}],"wp:featuredmedia":[{"embeddable":true,"href":"https:\/\/www.diarioimagen.net\/index.php?rest_route=\/wp\/v2\/media\/317322"}],"wp:attachment":[{"href":"https:\/\/www.diarioimagen.net\/index.php?rest_route=%2Fwp%2Fv2%2Fmedia&parent=317321"}],"wp:term":[{"taxonomy":"category","embeddable":true,"href":"https:\/\/www.diarioimagen.net\/index.php?rest_route=%2Fwp%2Fv2%2Fcategories&post=317321"},{"taxonomy":"post_tag","embeddable":true,"href":"https:\/\/www.diarioimagen.net\/index.php?rest_route=%2Fwp%2Fv2%2Ftags&post=317321"}],"curies":[{"name":"wp","href":"https:\/\/api.w.org\/{rel}","templated":true}]}}