{"id":317371,"date":"2017-03-20T00:04:53","date_gmt":"2017-03-20T06:04:53","guid":{"rendered":"http:\/\/www.diarioimagen.net\/?p=317371"},"modified":"2017-03-20T04:24:22","modified_gmt":"2017-03-20T10:24:22","slug":"es-necesario-regresar-a-naucalpan-a-los-primeros-lugares-david-parra","status":"publish","type":"post","link":"https:\/\/www.diarioimagen.net\/?p=317371","title":{"rendered":"Es necesario regresar a Naucalpan a los primeros lugares: David Parra"},"content":{"rendered":"<ul>\n<li><strong><em>En desarrollo econ\u00f3mico, social e industrial<\/em><\/strong><\/li>\n<\/ul>\n<p>&nbsp;<\/p>\n<div id=\"attachment_317472\" style=\"width: 470px\" class=\"wp-caption aligncenter\"><a href=\"http:\/\/www.diarioimagen.net\/?attachment_id=317472\" rel=\"attachment wp-att-317472\"><img loading=\"lazy\" decoding=\"async\" aria-describedby=\"caption-attachment-317472\" class=\"size-large wp-image-317472\" src=\"http:\/\/www.diarioimagen.net\/wp-content\/uploads\/2017\/03\/NAUCALPAN-3081-460x259.jpg\" alt=\"\" width=\"460\" height=\"259\" srcset=\"https:\/\/www.diarioimagen.net\/wp-content\/uploads\/2017\/03\/NAUCALPAN-3081-460x259.jpg 460w, https:\/\/www.diarioimagen.net\/wp-content\/uploads\/2017\/03\/NAUCALPAN-3081-240x135.jpg 240w, https:\/\/www.diarioimagen.net\/wp-content\/uploads\/2017\/03\/NAUCALPAN-3081-235x132.jpg 235w, https:\/\/www.diarioimagen.net\/wp-content\/uploads\/2017\/03\/NAUCALPAN-3081-202x114.jpg 202w, https:\/\/www.diarioimagen.net\/wp-content\/uploads\/2017\/03\/NAUCALPAN-3081-350x196.jpg 350w, https:\/\/www.diarioimagen.net\/wp-content\/uploads\/2017\/03\/NAUCALPAN-3081-220x123.jpg 220w, https:\/\/www.diarioimagen.net\/wp-content\/uploads\/2017\/03\/NAUCALPAN-3081-237x132.jpg 237w, https:\/\/www.diarioimagen.net\/wp-content\/uploads\/2017\/03\/NAUCALPAN-3081.jpg 480w\" sizes=\"auto, (max-width: 460px) 100vw, 460px\" \/><\/a><p id=\"caption-attachment-317472\" class=\"wp-caption-text\">David Parra S\u00e1nchez destac\u00f3 la necesidad \u00a0de intensificar acciones y programas de trabajo, que posibiliten mayor desarrollo de Naucalpan.<\/p><\/div>\n<p>&nbsp;<\/p>\n<p><strong>Naucalpan, Estado de M\u00e9xico<\/strong>.- Desde hace 22 a\u00f1os, Naucalpan, dej\u00f3 de ser el municipio n\u00famero uno \u00a0en desarrollo social y econ\u00f3mico e industrial del Estado de M\u00e9xico, del pa\u00eds y \u00a0de Am\u00e9rica Latina. Hoy, \u00a0con tristeza vemos que s\u00ed es el n\u00famero uno, \u00a0pero \u00a0en delincuencia y diversas actividades il\u00edcitas. Eso en verdad que duele.<\/p>\n<p>Asegur\u00f3 en entrevista, David Parra S\u00e1nchez, l\u00edder social en este municipio, luego de recordar la ubicaci\u00f3n de Naucalpan respecto a otras demarcaciones del pa\u00eds, por lo cual hizo un llamado \u00a0a representantes vecinales, del sector p\u00fablico y privado, a recuperar su posici\u00f3n \u00a0no s\u00f3lo a nivel Nacional, sino \u00a0internacionalmente.<\/p>\n<p>El tambi\u00e9n l\u00edder moral del Sindicato \u00danico de Trabajadores del Estado y sus Municipios (SUTEyM), destac\u00f3 la necesidad \u00a0de intensificar acciones y programas de trabajo, que posibiliten al municipio de Naucalpan , salir de los atrasos que los han mantenido en el abandono y la penumbra.<\/p>\n<p>Ante cientos de l\u00edderes sociales, amas de casa, deportistas, j\u00f3venes, empresarios, entre otros, David Parra\u00a0recibi\u00f3 \u00a0diversas manifestaciones de solidaridad, agradecimiento, gratitud, as\u00ed como reconocimiento a su trayectoria, siempre en beneficio de las clases m\u00e1s necesitadas de lo localidad que se dieron cita en el deportivo de Santa Cruz Acatl\u00e1n con motivo de su cumplea\u00f1os.<\/p>\n<p>Parra S\u00e1nchez, al hacer uso de la palabra, se\u00f1al\u00f3 el anhelo de colocar al municipio de Naucalpan \u00a0en los primeros lugares en diversas \u00e1reas de oportunidad,tal y como lo era en anta\u00f1o.<\/p>\n<p>Destac\u00f3 que para lo cual, es importante sumar esfuerzos y de participar de manera comprometida, en la visi\u00f3n de municipio que se pretende para los pr\u00f3ximos a\u00f1os.<\/p>\n<p>Dijo que dentro de ello, en un escenario, en donde se pueda salir a las calles con la tranquilidad de no ser asaltados o \u201cdesaparecidos\u201d, y en el peor de los casos, ejecutado en un robo a mano armada, en un microb\u00fas, en un ajuste de cuentas, al salir del banco e incluso, en un crucero vial y\/o un sem\u00e1foro.<\/p>\n<p>Ah\u00ed, los naucalpenses aseguraron que \u201cDavid Parra \u201ces un hombre que trabaja y piensa siempre en los naucalpenses, con cargo o sin \u00e9l, David se quita el pan de la boca para apoyar a quien m\u00e1s lo requiere\u201d, dijo el l\u00edder social Julio Arista.<\/p>\n<p>Acompa\u00f1ado del presidente del Comit\u00e9 Municipal y secretaria general del PRI, Cuitl\u00e1huac Anda Mendoza y Rosa Mar\u00eda Ruiz Garc\u00eda, respectivamente, entre otros invitados, reiter\u00f3 el deseo de disfrutar de un Naucalpan diferente, en el que se superen los rezagos y aumente as\u00ed tambi\u00e9n, la calidad y expectativas de vida.<\/p>\n<p>&nbsp;<\/p>\n","protected":false},"excerpt":{"rendered":"<p>Desde hace 22 a\u00f1os, Naucalpan, dej\u00f3 de ser el municipio n\u00famero uno  en desarrollo social y econ\u00f3mico e industrial del Estado de M\u00e9xico, del pa\u00eds y  de Am\u00e9rica Latina. Hoy,  con tristeza vemos que s\u00ed es el n\u00famero uno,  pero  en delincuencia y diversas actividades il\u00edcitas. Eso en verdad que duele.<\/p>\n","protected":false},"author":3,"featured_media":317472,"comment_status":"open","ping_status":"open","sticky":false,"template":"","format":"standard","meta":{"_monsterinsights_skip_tracking":false,"_monsterinsights_sitenote_active":false,"_monsterinsights_sitenote_note":"","_monsterinsights_sitenote_category":0,"footnotes":""},"categories":[35155],"tags":[29035,43675,970,47930],"class_list":["post-317371","post","type-post","status-publish","format-standard","has-post-thumbnail","hentry","category-estado-de-mexico-estado-de-mexico","tag-david-parra-sanchez","tag-estado-de-mexico","tag-naucalpan","tag-sindicato-unico-de-trabajadores-del-estado-y-sus-municipios"],"_links":{"self":[{"href":"https:\/\/www.diarioimagen.net\/index.php?rest_route=\/wp\/v2\/posts\/317371","targetHints":{"allow":["GET"]}}],"collection":[{"href":"https:\/\/www.diarioimagen.net\/index.php?rest_route=\/wp\/v2\/posts"}],"about":[{"href":"https:\/\/www.diarioimagen.net\/index.php?rest_route=\/wp\/v2\/types\/post"}],"author":[{"embeddable":true,"href":"https:\/\/www.diarioimagen.net\/index.php?rest_route=\/wp\/v2\/users\/3"}],"replies":[{"embeddable":true,"href":"https:\/\/www.diarioimagen.net\/index.php?rest_route=%2Fwp%2Fv2%2Fcomments&post=317371"}],"version-history":[{"count":0,"href":"https:\/\/www.diarioimagen.net\/index.php?rest_route=\/wp\/v2\/posts\/317371\/revisions"}],"wp:featuredmedia":[{"embeddable":true,"href":"https:\/\/www.diarioimagen.net\/index.php?rest_route=\/wp\/v2\/media\/317472"}],"wp:attachment":[{"href":"https:\/\/www.diarioimagen.net\/index.php?rest_route=%2Fwp%2Fv2%2Fmedia&parent=317371"}],"wp:term":[{"taxonomy":"category","embeddable":true,"href":"https:\/\/www.diarioimagen.net\/index.php?rest_route=%2Fwp%2Fv2%2Fcategories&post=317371"},{"taxonomy":"post_tag","embeddable":true,"href":"https:\/\/www.diarioimagen.net\/index.php?rest_route=%2Fwp%2Fv2%2Ftags&post=317371"}],"curies":[{"name":"wp","href":"https:\/\/api.w.org\/{rel}","templated":true}]}}