{"id":317402,"date":"2017-03-20T00:02:45","date_gmt":"2017-03-20T06:02:45","guid":{"rendered":"http:\/\/www.diarioimagen.net\/?p=317402"},"modified":"2017-03-20T04:17:35","modified_gmt":"2017-03-20T10:17:35","slug":"el-rector-jorge-olvera-inauguro-la-exposicion-paroxismo-y-simbolismo","status":"publish","type":"post","link":"https:\/\/www.diarioimagen.net\/?p=317402","title":{"rendered":"El rector Jorge Olvera inaugur\u00f3 la exposici\u00f3n \u201cParoxismo y Simbolismo\u201d"},"content":{"rendered":"<ul>\n<li><strong><em>En el auditorio del Centro M\u00e9dico ISSEMyM<\/em><\/strong><\/li>\n<\/ul>\n<p>&nbsp;<\/p>\n<div id=\"attachment_317466\" style=\"width: 470px\" class=\"wp-caption aligncenter\"><a href=\"http:\/\/www.diarioimagen.net\/?attachment_id=317466\" rel=\"attachment wp-att-317466\"><img loading=\"lazy\" decoding=\"async\" aria-describedby=\"caption-attachment-317466\" class=\"size-large wp-image-317466\" src=\"http:\/\/www.diarioimagen.net\/wp-content\/uploads\/2017\/03\/UAEM-3081-460x259.jpg\" alt=\"\" width=\"460\" height=\"259\" srcset=\"https:\/\/www.diarioimagen.net\/wp-content\/uploads\/2017\/03\/UAEM-3081-460x259.jpg 460w, https:\/\/www.diarioimagen.net\/wp-content\/uploads\/2017\/03\/UAEM-3081-240x135.jpg 240w, https:\/\/www.diarioimagen.net\/wp-content\/uploads\/2017\/03\/UAEM-3081-235x132.jpg 235w, https:\/\/www.diarioimagen.net\/wp-content\/uploads\/2017\/03\/UAEM-3081-202x114.jpg 202w, https:\/\/www.diarioimagen.net\/wp-content\/uploads\/2017\/03\/UAEM-3081-350x196.jpg 350w, https:\/\/www.diarioimagen.net\/wp-content\/uploads\/2017\/03\/UAEM-3081-220x123.jpg 220w, https:\/\/www.diarioimagen.net\/wp-content\/uploads\/2017\/03\/UAEM-3081-237x132.jpg 237w, https:\/\/www.diarioimagen.net\/wp-content\/uploads\/2017\/03\/UAEM-3081.jpg 480w\" sizes=\"auto, (max-width: 460px) 100vw, 460px\" \/><\/a><p id=\"caption-attachment-317466\" class=\"wp-caption-text\">La colecci\u00f3n del artista pl\u00e1stico Ulises Guti\u00e9rrez Bonilla que inaugur\u00f3 el rector Jorge Olvera Garc\u00eda, estar\u00e1 abierta al p\u00fablico hasta el pr\u00f3ximo 17 de abril.<\/p><\/div>\n<p>&nbsp;<\/p>\n<p>El rector de la Universidad Aut\u00f3noma del Estado de M\u00e9xico, Jorge Olvera Garc\u00eda, inaugur\u00f3 la exposici\u00f3n gr\u00e1fica \u201cParoxismo y Simbolismo\u201d, del artista pl\u00e1stico Ulises Guti\u00e9rrez Bonilla, en el auditorio del Centro M\u00e9dico del Instituto de Seguridad Social del Estado de M\u00e9xico y Municipios (ISSEMyM), donde estar\u00e1 abierta al p\u00fablico hasta el pr\u00f3ximo 17 de abril.<\/p>\n<p>Acompa\u00f1ado por el autor, as\u00ed como autoridades del ISSEMyM, encabezadas por el subdirector de Desarrollo del Personal de dicha instituci\u00f3n, Jorge Alberto Gonz\u00e1lez Mart\u00ednez, el rector de la M\u00e1xima Casa de Estudios mexiquense hizo un recorrido por la muestra, conformada por 25 piezas, mediante las cuales Guti\u00e9rrez Bonilla retoma temas como el deseo de libertad, la riqueza cultural de M\u00e9xico y las dualidades, entre otros.<\/p>\n<p>En este marco, se enfatiz\u00f3 que Ulises Guti\u00e9rrez es muralista exclusivo de la Universidad Aut\u00f3noma del Estado de M\u00e9xico y en esta muestra presenta algunos cuadros que integran diversas series, como \u201cVela perpetua y cadena perpetua\u201d, \u201cVoladores\u201d, \u201cBioluminiscentes\u201d, \u201cNaipes\u201d y \u201cEstirpe\u201d.<\/p>\n<p>Luego de que Ulises Guti\u00e9rrez asegurara que esta muestra es un homenaje a su padre, Jos\u00e9 Luis Guti\u00e9rrez Legorreta, el rector Jorge Olvera destac\u00f3 el trabajo del muralista de la UAEM, con m\u00e1s de dos d\u00e9cadas dedicadas al arte y sobre todo, a las artes gr\u00e1ficas.<\/p>\n<p>En las piezas que integran \u201cParoxismo y Simbolismo\u201d se aprecia el anhelo sincero del autor por expresar a trav\u00e9s del arte, su visi\u00f3n de la realidad, anclada en las ra\u00edces que lo han formado como artista, en el reconocimiento a sus fuentes inspiradoras y quienes le han permitido desarrollarse como persona, entre ellos su padre, tambi\u00e9n pintor.<\/p>\n<p>&nbsp;<\/p>\n","protected":false},"excerpt":{"rendered":"<p>El rector de la Universidad Aut\u00f3noma del Estado de M\u00e9xico, Jorge Olvera Garc\u00eda, inaugur\u00f3 la exposici\u00f3n gr\u00e1fica \u201cParoxismo y Simbolismo\u201d, del artista pl\u00e1stico Ulises Guti\u00e9rrez Bonilla, en el auditorio del Centro M\u00e9dico del Instituto de Seguridad Social del Estado de M\u00e9xico y Municipios (ISSEMyM), donde estar\u00e1 abierta al p\u00fablico hasta el pr\u00f3ximo 17 de abril.<\/p>\n","protected":false},"author":3,"featured_media":317466,"comment_status":"open","ping_status":"open","sticky":false,"template":"","format":"standard","meta":{"_monsterinsights_skip_tracking":false,"_monsterinsights_sitenote_active":false,"_monsterinsights_sitenote_note":"","_monsterinsights_sitenote_category":0,"footnotes":""},"categories":[35155],"tags":[3058,27015,1490],"class_list":["post-317402","post","type-post","status-publish","format-standard","has-post-thumbnail","hentry","category-estado-de-mexico-estado-de-mexico","tag-isssemym","tag-jorge-olvera-garcia","tag-universidad-autonoma-del-estado-de-mexico"],"_links":{"self":[{"href":"https:\/\/www.diarioimagen.net\/index.php?rest_route=\/wp\/v2\/posts\/317402","targetHints":{"allow":["GET"]}}],"collection":[{"href":"https:\/\/www.diarioimagen.net\/index.php?rest_route=\/wp\/v2\/posts"}],"about":[{"href":"https:\/\/www.diarioimagen.net\/index.php?rest_route=\/wp\/v2\/types\/post"}],"author":[{"embeddable":true,"href":"https:\/\/www.diarioimagen.net\/index.php?rest_route=\/wp\/v2\/users\/3"}],"replies":[{"embeddable":true,"href":"https:\/\/www.diarioimagen.net\/index.php?rest_route=%2Fwp%2Fv2%2Fcomments&post=317402"}],"version-history":[{"count":0,"href":"https:\/\/www.diarioimagen.net\/index.php?rest_route=\/wp\/v2\/posts\/317402\/revisions"}],"wp:featuredmedia":[{"embeddable":true,"href":"https:\/\/www.diarioimagen.net\/index.php?rest_route=\/wp\/v2\/media\/317466"}],"wp:attachment":[{"href":"https:\/\/www.diarioimagen.net\/index.php?rest_route=%2Fwp%2Fv2%2Fmedia&parent=317402"}],"wp:term":[{"taxonomy":"category","embeddable":true,"href":"https:\/\/www.diarioimagen.net\/index.php?rest_route=%2Fwp%2Fv2%2Fcategories&post=317402"},{"taxonomy":"post_tag","embeddable":true,"href":"https:\/\/www.diarioimagen.net\/index.php?rest_route=%2Fwp%2Fv2%2Ftags&post=317402"}],"curies":[{"name":"wp","href":"https:\/\/api.w.org\/{rel}","templated":true}]}}