{"id":317631,"date":"2017-03-21T00:00:14","date_gmt":"2017-03-21T06:00:14","guid":{"rendered":"http:\/\/www.diarioimagen.net\/?p=317631"},"modified":"2017-03-20T23:40:38","modified_gmt":"2017-03-21T05:40:38","slug":"policia-federal-sin-rumbo","status":"publish","type":"post","link":"https:\/\/www.diarioimagen.net\/?p=317631","title":{"rendered":"Polic\u00eda Federal, sin rumbo"},"content":{"rendered":"<h2>Derecho de r\u00e9plica<\/h2>\n<h5>Yolanda Montalvo<\/h5>\n<p>&nbsp;<\/p>\n<p>Mientras Canc\u00fan sufre el embate de la delincuencia, donde hasta ahora van en este a\u00f1o 27 ejecuciones relacionadas con el crimen organizado, los integrantes de la Polic\u00eda Federal, que coordina en el estado\u00a0Selene Anabel Nava Guti\u00e9rrez,\u00a0se dedican a tomarse fotos con los turistas, incluso les prestan las armas para que tomen la <em>selfie<\/em>&#8230;h\u00e1game usted el \u00a1fabr\u00f3n gavor!<\/p>\n<p>Ayer circularon en las redes fotograf\u00edas de dos apuestos federales, que a los costados de un turista posaban sonrientes a la c\u00e1mara, mientras el visitante portaba una de las armas de cargo de los elementos \u00a1que no mameyes en tiempos de uvas!<\/p>\n<p>El runr\u00fan en la PF es que los dos guapos agentes de las fotos, son los \u201cconsen\u201d de la coordinadora, por eso hacen lo que quieren, que a lo m\u00e1ximo que se llegar\u00e1 es, a que se les \u201carreste\u201d y eso, porque se hizo del conocimiento p\u00fablico, si no, ni siquiera les hubieran dado una llamada de atenci\u00f3n.<\/p>\n<p>La Polic\u00eda Federal en Quintana Roo no tiene ni pies ni cabeza desde que la, eso s\u00ed, bell\u00edsima <em>Barbie<\/em>,\u00a0Selene Anabel Nava Guti\u00e9rrez,\u00a0se encuentra al \u201cmando\u201d.<\/p>\n<p>En las fuerzas federales quisieron ser innovadores y con eso de la equidad de g\u00e9nero, dieron el mando a bellas damas; sin embargo, una cosa es equidad y otra es capacidad; en el caso de Nava Guti\u00e9rrez, quien jam\u00e1s sirvi\u00f3 de manera operativa, no conoce el campo de acci\u00f3n y como los federales se desenvuelven en el d\u00eda a d\u00eda.<\/p>\n<p>En su corta carrera no sali\u00f3 detr\u00e1s de un escritorio y no tiene ni idea de operativos y de mando; eso dicen los propios federales que se la \u201cchamaquean\u201d bien y bonito, dijera mi estimado JC Ch\u00e1vez.<\/p>\n<p style=\"text-align: center;\"><strong>Corrupci\u00f3n e ineptitud<\/strong><\/p>\n<p>Es irrefutable que la Polic\u00eda Federal en Quintana Roo, est\u00e1 inmiscuida en asuntos muy sucios, prueba de ello los mensajes en \u201cnarcocartulinas\u201d y \u201cnarconmantas\u201d en las que con pelos y se\u00f1ales hablan de la corrupci\u00f3n en la PF.<\/p>\n<p>La primera apareci\u00f3 hace un mes en el Mercado 28, donde un tal Flamas le exig\u00eda la devoluci\u00f3n de un mill\u00f3n de pesos al comandante Carmona de la Polic\u00eda Federal, de la\u00a0patrulla 17221, el que, seg\u00fan los datos dados, hac\u00eda negocios con el crimen organizado desde que se encontraba comisionado en San Luis Potos\u00ed y Zacatecas&#8230;sopas perico federico!<\/p>\n<p>La semana pasada aparecieron tres mantas m\u00e1s con mensajes directos al polic\u00eda corrupto; sin embargo, dicen los que saben que Carmona, despu\u00e9s de ser se\u00f1alado como el que abastece de municiones, armas y chalecos antibalas a integrantes del crimen organizado, espera ahora su incorporaci\u00f3n al centro del pa\u00eds, pero no existe una investigaci\u00f3n, al menos que se conozca de ello, sobre la veracidad de las acusaciones que pesan sobre el citado elemento.<\/p>\n<p>Demostrado est\u00e1 de m\u00e1s que la coordinadora Selene Anabel Nava Guti\u00e9rrez,\u00a0no da el ancho para la situaci\u00f3n por la que atraviesa Quintana Roo, al parecer los funcionarios federales toman a la ligera la importancia de mantener a este polo tur\u00edstico libre de violencia, o al menos eso demuestran al designar a servidores p\u00fablicos in\u00fatiles, que no tienen el control de sus elementos, pero eso s\u00ed, bien guapa ella&#8230;jijijijijiji.<\/p>\n<p style=\"text-align: center;\"><strong>Tr\u00e1nsito=corrupci\u00f3n<\/strong><\/p>\n<p>Otra fuerza p\u00fablica que se encuentra en su peor momento es la Direcci\u00f3n de Tr\u00e1nsito Municipal en Benito Ju\u00e1rez, que dirige<strong>\u00a0<\/strong>Mart\u00edn Guadalupe Estrada S\u00e1nchez<strong>,\u00a0<\/strong>pues denuncias ciudadanas van y vienen, sobre \u201csupuestos\u201d actos de corrupci\u00f3n.<\/p>\n<p>A nuestro <em>WhatsApp<\/em> lleg\u00f3 un audio donde uno de los lectores relata c\u00f3mo, despu\u00e9s de haber sido detenido en el alcohol\u00edmetro, libr\u00f3 ir a parar al \u201cTorito\u201d con un amparo; sin embargo, como transitaba con un auto fuera de regla en pago de derechos, en la oficina de tr\u00e1nsito, \u201cpor abajo del agua\u201d, le cobran 10 mil pesos por liberar la unidad.<\/p>\n<p>Eso incluye: hacerse de la \u201cvista gorda\u201d en la falta de documentaci\u00f3n y pagos de derechos, adem\u00e1s de incluir la mordida, el derecho de uso de corral\u00f3n, el arrastre de gr\u00faa y los \u201cchescos\u201d de los oficinistas que desaparecer\u00edan los rastros de las multas.<\/p>\n<p>La amenaza es que, de no pagar \u201cpor abajo del agua\u201d, tampoco podr\u00e1 pagar una multa normal, pues le fincar\u00e1n responsabilidades y la unidad ser\u00e1 retenida. As\u00ed se las gastan.<\/p>\n<p style=\"text-align: center;\"><strong>\u00bfProvocado?<\/strong><\/p>\n<p>De comprobarse que el incendio que afect\u00f3, la ya devastada vegetaci\u00f3n, en el Malec\u00f3n Tajamar fue provocado, de acuerdo con la ley, ning\u00fan desarrollo se podr\u00eda realizar en el lugar, por 20 a\u00f1os. Varias voces como la del diputado Jos\u00e9 de la Pe\u00f1a Ruiz de Ch\u00e1vez y de la activista Katerine Ender C\u00f3rdova, aseguran que la conflagraci\u00f3n fue provocada y para ello se usaron combustibles.<\/p>\n<p>Por su parte, Katerine Ender C\u00f3rdova interpuso una denuncia en le Procuradur\u00eda General de la Rep\u00fablica y dice sospecha que, fueron los trabajadores de Fonatur, que dirige Miguel Alonso Reyes, los que iniciaron el fuego.<\/p>\n<p>Mientras, Pepe de la Pe\u00f1a, dijo, es la Fiscal\u00eda General del Estado, la que debe investigar el delito ambiental. Pero\u2026\u00bfy la PROFEPA, d\u00f3nde est\u00e1 la delegada Carolina Garc\u00eda?&#8230;bien gracias\u2026como siempre\u2026adem\u00e1s era puente, jijijijiji.<\/p>\n<p style=\"text-align: center;\"><strong>Impulso al sur<\/strong><\/p>\n<p>El mejorar las condiciones econ\u00f3micas del sur del estado, es una meta que durante varios sexenios el mandatario en turno ha tenido en mente y en dichos; sin embargo, el abismo econ\u00f3mico que diferencia al sur y al norte se marca cada d\u00eda m\u00e1s.<\/p>\n<p>Empero, como parte de sus compromisos plasmados en el Plan Estatal de Desarrollo el gobernador Carlos Joaqu\u00edn Gonz\u00e1lez, pondr\u00e1 en marcha el\u00a0Centro de Innovaci\u00f3n para el Desarrollo Ap\u00edcola Sustentable de Quintana Roo, que estar\u00e1 en la Universidad Intercultural Maya en el municipio de Jos\u00e9 Mar\u00eda Morelos.<\/p>\n<p>Una comisi\u00f3n independiente del gobierno estatal dar\u00e1 el seguimiento a la instalaci\u00f3n del Cidas-QRoo y estar\u00e1 integrado por dos representantes de productores y comercializadores de miel de abeja, dos de instancias gubernamentales dedicadas al fomento productivo, lo que dar\u00e1 certeza de transparencia.<\/p>\n<p>Los productores de miel en el estado tendr\u00e1n ahora un real impulso a la producci\u00f3n y comercializaci\u00f3n de sus productos, lo que es un punto de partida para una econom\u00eda sustentable. Pero\u2026.de que falta\u2026falta mucho m\u00e1s.<\/p>\n<p style=\"text-align: center;\"><strong>Va por m\u00e1s millones<\/strong><\/p>\n<p>El \u201cmuchacho chicho de la pel\u00edcula gacha\u201d Carlos Mimenza, azote de los corruptos y cobrador de extorsiones, vuelve a la carga y revel\u00f3 que denunciar\u00e1 al diputado federal Jos\u00e9 Luis \u201cChanito\u201d Toledo Medina por \u201cbajar\u201d 11 millones de pesos, recursos federales para beneficiar a su padre, Don \u201cChano\u201d Toledo.<\/p>\n<p>En un video que circula en las redes, Mimenza Novelo, sin dar detalles de los delitos que, de manera supuesta, cometi\u00f3 el diputado federal, indica que tambi\u00e9n solicitar\u00e1 un juicio pol\u00edtico contra Toledo Medina.<\/p>\n<p>\u00bfDe a c\u00f3mo ser\u00e1 la pedrada para este sapo?<\/p>\n<p>Le recuerdo que Carlos Mimenza, por un lado, ondea la bandera de la anticorrupci\u00f3n y por otro exhibi\u00f3 un video donde, \u00e9l solito, acept\u00f3 haber recibido 5 millones de pesos como pago de un soborno, que le envi\u00f3 el ex gobernador F\u00e9lix Gonz\u00e1lez Canto, eso, para que dejara de mencionarlo como ejemplo de corrupci\u00f3n.<\/p>\n<p>Hasta ahora, de las denuncias interpuestas por Mimenza Novelo, no existen resultados jur\u00eddicos, aunque mal no le ha ido, pues ya tiene los primeros milloncejos resultado de la extorsi\u00f3n a el ex mandatario, al que se\u00f1ala como corrupto y con las denuncias de esta semana, puede ser que Carlos Mimenza se junte una lanita m\u00e1s. \u00bfQu\u00e9? \u00bfno? Tant\u00e1n.<\/p>\n<p>&nbsp;<\/p>\n<blockquote><p>Recibo informaci\u00f3n, comentarios, denuncias, r\u00e9plicas y balconeadas, etc. al mail: <em><a href=\"mailto:yolandamontalvoh@gmail.com\" target=\"_blank\">yolandamontalvoh@gmail.com<\/a><\/em><\/p><\/blockquote>\n","protected":false},"excerpt":{"rendered":"<p><span style=\"color: #005497;\"><strong>Yolanda Montalvo<\/strong><\/span><\/p>\n","protected":false},"author":3,"featured_media":0,"comment_status":"open","ping_status":"open","sticky":false,"template":"","format":"standard","meta":{"_monsterinsights_skip_tracking":false,"_monsterinsights_sitenote_active":false,"_monsterinsights_sitenote_note":"","_monsterinsights_sitenote_category":0,"footnotes":""},"categories":[55237],"tags":[47840,43674,47841],"class_list":["post-317631","post","type-post","status-publish","format-standard","hentry","category-yolanda-montalvo","tag-derecho-de-replica","tag-opinion","tag-yolanda-montalvo"],"_links":{"self":[{"href":"https:\/\/www.diarioimagen.net\/index.php?rest_route=\/wp\/v2\/posts\/317631","targetHints":{"allow":["GET"]}}],"collection":[{"href":"https:\/\/www.diarioimagen.net\/index.php?rest_route=\/wp\/v2\/posts"}],"about":[{"href":"https:\/\/www.diarioimagen.net\/index.php?rest_route=\/wp\/v2\/types\/post"}],"author":[{"embeddable":true,"href":"https:\/\/www.diarioimagen.net\/index.php?rest_route=\/wp\/v2\/users\/3"}],"replies":[{"embeddable":true,"href":"https:\/\/www.diarioimagen.net\/index.php?rest_route=%2Fwp%2Fv2%2Fcomments&post=317631"}],"version-history":[{"count":0,"href":"https:\/\/www.diarioimagen.net\/index.php?rest_route=\/wp\/v2\/posts\/317631\/revisions"}],"wp:attachment":[{"href":"https:\/\/www.diarioimagen.net\/index.php?rest_route=%2Fwp%2Fv2%2Fmedia&parent=317631"}],"wp:term":[{"taxonomy":"category","embeddable":true,"href":"https:\/\/www.diarioimagen.net\/index.php?rest_route=%2Fwp%2Fv2%2Fcategories&post=317631"},{"taxonomy":"post_tag","embeddable":true,"href":"https:\/\/www.diarioimagen.net\/index.php?rest_route=%2Fwp%2Fv2%2Ftags&post=317631"}],"curies":[{"name":"wp","href":"https:\/\/api.w.org\/{rel}","templated":true}]}}