{"id":318054,"date":"2017-03-23T00:08:11","date_gmt":"2017-03-23T06:08:11","guid":{"rendered":"http:\/\/www.diarioimagen.net\/?p=318054"},"modified":"2017-03-23T05:43:33","modified_gmt":"2017-03-23T11:43:33","slug":"se-ajustara-el-sistema-educativo","status":"publish","type":"post","link":"https:\/\/www.diarioimagen.net\/?p=318054","title":{"rendered":"Se ajustar\u00e1 el sistema educativo"},"content":{"rendered":"<h2>Arco Norte<\/h2>\n<h5>Jos\u00e9 Luis Monta\u00f1ez Aguilar<\/h5>\n<p>&nbsp;<\/p>\n<p><a href=\"http:\/\/www.diarioimagen.net\/?attachment_id=318158\" rel=\"attachment wp-att-318158\"><img loading=\"lazy\" decoding=\"async\" class=\"aligncenter size-large wp-image-318158\" src=\"http:\/\/www.diarioimagen.net\/wp-content\/uploads\/2017\/03\/arco-3048-460x259.jpg\" alt=\"\" width=\"460\" height=\"259\" srcset=\"https:\/\/www.diarioimagen.net\/wp-content\/uploads\/2017\/03\/arco-3048-460x259.jpg 460w, https:\/\/www.diarioimagen.net\/wp-content\/uploads\/2017\/03\/arco-3048-240x135.jpg 240w, https:\/\/www.diarioimagen.net\/wp-content\/uploads\/2017\/03\/arco-3048-235x132.jpg 235w, https:\/\/www.diarioimagen.net\/wp-content\/uploads\/2017\/03\/arco-3048-202x114.jpg 202w, https:\/\/www.diarioimagen.net\/wp-content\/uploads\/2017\/03\/arco-3048-350x196.jpg 350w, https:\/\/www.diarioimagen.net\/wp-content\/uploads\/2017\/03\/arco-3048-220x123.jpg 220w, https:\/\/www.diarioimagen.net\/wp-content\/uploads\/2017\/03\/arco-3048-237x132.jpg 237w, https:\/\/www.diarioimagen.net\/wp-content\/uploads\/2017\/03\/arco-3048.jpg 480w\" sizes=\"auto, (max-width: 460px) 100vw, 460px\" \/><\/a><\/p>\n<p>&nbsp;<\/p>\n<p>El gobernador Eruviel \u00c1vila inform\u00f3 que el Estado de M\u00e9xico validar\u00e1 estudios a los alumnos migrantes que regresen al pa\u00eds, como lo impulsar\u00e1 el gobierno federal con los j\u00f3venes que sean repatriados de Estados Unidos a M\u00e9xico. Adelant\u00f3 que en congruencia con las reformas a la Ley General de Educaci\u00f3n que realiz\u00f3 el presidente Enrique Pe\u00f1a, la entidad ajustar\u00e1 su sistema educativo a esta normatividad.<\/p>\n<p>Durante la entrega de las Acciones por la Educaci\u00f3n en Ixtapan de la Sal, Eruviel \u00c1vila invit\u00f3 a los j\u00f3venes que regresen de Estados Unidos y tengan la vocaci\u00f3n de ense\u00f1anza, a impartir clases de idioma ingl\u00e9s a los estudiantes mexiquenses.<\/p>\n<p>Por lo que instruy\u00f3 a la Secretar\u00eda de Educaci\u00f3n estatal para que en coordinaci\u00f3n con la SEP, se realicen las reformas y ajustes necesarios al sistema educativo estatal, para que revalidar los estudios de estos j\u00f3venes. Tambi\u00e9n anunci\u00f3 que a partir de mayo se entregar\u00e1n m\u00e1s de 100 mil ejemplares del libro \u201cElogio del libro y alabanza del placer de leer\u201d en m\u00e1s de 15 mil escuelas de todos los niveles educativos, para promover el h\u00e1bito de la lectura en los ni\u00f1os y j\u00f3venes mexiquenses.<\/p>\n<p style=\"text-align: center;\"><strong>Cobertura de agua y drenaje\u00a0a 2.1 millones m\u00e1s de mexiquenses<\/strong><\/p>\n<p>Para el gobierno del Estado de M\u00e9xico dotar de los servicios b\u00e1sicos a m\u00e1s mexiquenses es una prioridad, por ello, en la presente administraci\u00f3n se han sumado 2.1 millones de mexiquenses a la cobertura de agua y drenaje; de esta forma, el 96.7 por ciento de la poblaci\u00f3n cuenta con agua y el 92 por ciento tiene el servicio de drenaje en su hogar.<\/p>\n<p>Como resultado de estas acciones, actualmente 16.9 millones de habitantes cuentan con el servicio de agua potable y drenaje y en ambas cifras, el Estado de M\u00e9xico se ubica por encima de la media nacional. En el marco del D\u00eda Mundial del Agua, Jos\u00e9 Manuel Camacho Salm\u00f3n, titular de la Comisi\u00f3n del Agua del Estado de M\u00e9xico (CAEM), se\u00f1al\u00f3 que el agua es un elemento esencial para la vida y el desarrollo de toda actividad en la industria, el campo y la sociedad; no obstante, el vital l\u00edquido es un recurso no renovable y el Gobierno de la entidad debe enfrentar, a\u00f1o con a\u00f1o, el crecimiento poblacional para garantizar el suministro a los mexiquenses.<\/p>\n<p>El titular de la CAEM explic\u00f3 que este 22 de marzo la celebraci\u00f3n estar\u00e1 enfocada al tratamiento de las aguas residuales, y record\u00f3 que la entidad cuenta con 66 nuevos sistemas de tratamiento, 39 de ellos construidos por el gobierno estatal durante la presente administraci\u00f3n, los cuales tienen una capacidad conjunta de 750 metros c\u00fabicos por segundo.<\/p>\n<p><em><a href=\"mailto:montanezaguilar@gmail.com\" target=\"_blank\">montanezaguilar@gmail.com<\/a><\/em><\/p>\n<p>&nbsp;<\/p>\n","protected":false},"excerpt":{"rendered":"<p><span style=\"color: #005497;\">Jos\u00e9 Luis Monta\u00f1ez Aguilar<\/span><br \/>\n<br \/>\nEl gobernador Eruviel \u00c1vila inform\u00f3 que el Estado de M\u00e9xico validar\u00e1 estudios a los alumnos migrantes que regresen al pa\u00eds, como lo impulsar\u00e1 el gobierno federal con los j\u00f3venes que sean repatriados de Estados Unidos a M\u00e9xico. Adelant\u00f3 que en congruencia con las reformas a la Ley General de Educaci\u00f3n que realiz\u00f3 el presidente Enrique Pe\u00f1a, la entidad ajustar\u00e1 su sistema educativo a esta normatividad.<\/p>\n","protected":false},"author":3,"featured_media":318158,"comment_status":"open","ping_status":"open","sticky":false,"template":"","format":"standard","meta":{"_monsterinsights_skip_tracking":false,"_monsterinsights_sitenote_active":false,"_monsterinsights_sitenote_note":"","_monsterinsights_sitenote_category":0,"footnotes":""},"categories":[35155],"tags":[13284,43704,43674],"class_list":["post-318054","post","type-post","status-publish","format-standard","has-post-thumbnail","hentry","category-estado-de-mexico-estado-de-mexico","tag-arco-norte","tag-jose-luis-montanez-aguilar","tag-opinion"],"_links":{"self":[{"href":"https:\/\/www.diarioimagen.net\/index.php?rest_route=\/wp\/v2\/posts\/318054","targetHints":{"allow":["GET"]}}],"collection":[{"href":"https:\/\/www.diarioimagen.net\/index.php?rest_route=\/wp\/v2\/posts"}],"about":[{"href":"https:\/\/www.diarioimagen.net\/index.php?rest_route=\/wp\/v2\/types\/post"}],"author":[{"embeddable":true,"href":"https:\/\/www.diarioimagen.net\/index.php?rest_route=\/wp\/v2\/users\/3"}],"replies":[{"embeddable":true,"href":"https:\/\/www.diarioimagen.net\/index.php?rest_route=%2Fwp%2Fv2%2Fcomments&post=318054"}],"version-history":[{"count":0,"href":"https:\/\/www.diarioimagen.net\/index.php?rest_route=\/wp\/v2\/posts\/318054\/revisions"}],"wp:featuredmedia":[{"embeddable":true,"href":"https:\/\/www.diarioimagen.net\/index.php?rest_route=\/wp\/v2\/media\/318158"}],"wp:attachment":[{"href":"https:\/\/www.diarioimagen.net\/index.php?rest_route=%2Fwp%2Fv2%2Fmedia&parent=318054"}],"wp:term":[{"taxonomy":"category","embeddable":true,"href":"https:\/\/www.diarioimagen.net\/index.php?rest_route=%2Fwp%2Fv2%2Fcategories&post=318054"},{"taxonomy":"post_tag","embeddable":true,"href":"https:\/\/www.diarioimagen.net\/index.php?rest_route=%2Fwp%2Fv2%2Ftags&post=318054"}],"curies":[{"name":"wp","href":"https:\/\/api.w.org\/{rel}","templated":true}]}}