{"id":318083,"date":"2017-03-23T00:07:42","date_gmt":"2017-03-23T06:07:42","guid":{"rendered":"http:\/\/www.diarioimagen.net\/?p=318083"},"modified":"2017-03-23T05:23:16","modified_gmt":"2017-03-23T11:23:16","slug":"metepec-distincion-a-estudiantes-que-incentivan-igualdad-y-seguridad","status":"publish","type":"post","link":"https:\/\/www.diarioimagen.net\/?p=318083","title":{"rendered":"Metepec: distinci\u00f3n a estudiantes que incentivan igualdad y seguridad"},"content":{"rendered":"<ul>\n<li><strong><em>Coordinaci\u00f3n con el gobierno estatal<\/em><\/strong><\/li>\n<\/ul>\n<p>&nbsp;<\/p>\n<div id=\"attachment_318164\" style=\"width: 470px\" class=\"wp-caption aligncenter\"><a href=\"http:\/\/www.diarioimagen.net\/?attachment_id=318164\" rel=\"attachment wp-att-318164\"><img loading=\"lazy\" decoding=\"async\" aria-describedby=\"caption-attachment-318164\" class=\"size-large wp-image-318164\" src=\"http:\/\/www.diarioimagen.net\/wp-content\/uploads\/2017\/03\/METEPEC-3048-460x259.jpg\" alt=\"\" width=\"460\" height=\"259\" srcset=\"https:\/\/www.diarioimagen.net\/wp-content\/uploads\/2017\/03\/METEPEC-3048-460x259.jpg 460w, https:\/\/www.diarioimagen.net\/wp-content\/uploads\/2017\/03\/METEPEC-3048-240x135.jpg 240w, https:\/\/www.diarioimagen.net\/wp-content\/uploads\/2017\/03\/METEPEC-3048-235x132.jpg 235w, https:\/\/www.diarioimagen.net\/wp-content\/uploads\/2017\/03\/METEPEC-3048-202x114.jpg 202w, https:\/\/www.diarioimagen.net\/wp-content\/uploads\/2017\/03\/METEPEC-3048-350x196.jpg 350w, https:\/\/www.diarioimagen.net\/wp-content\/uploads\/2017\/03\/METEPEC-3048-220x123.jpg 220w, https:\/\/www.diarioimagen.net\/wp-content\/uploads\/2017\/03\/METEPEC-3048-237x132.jpg 237w, https:\/\/www.diarioimagen.net\/wp-content\/uploads\/2017\/03\/METEPEC-3048.jpg 480w\" sizes=\"auto, (max-width: 460px) 100vw, 460px\" \/><\/a><p id=\"caption-attachment-318164\" class=\"wp-caption-text\">Estudiantes que propusieron iniciativas a favor de la igualdad y seguridad recibieron un est\u00edmulo econ\u00f3mico por parte del gobierno del Estado de M\u00e9xico.<\/p><\/div>\n<p>&nbsp;<\/p>\n<p><strong>Metepec, Estado de M\u00e9xico<\/strong>.- Alumnas y alumnos que propusieron iniciativas a favor de la igualdad y seguridad en el pasado Encuentro de J\u00f3venes Scholas Ciudadan\u00eda 2017, recibieron un est\u00edmulo econ\u00f3mico por parte del gobierno del Estado de M\u00e9xico, como reconocimiento a su participaci\u00f3n, cumpliendo as\u00ed con uno de los compromisos que asumi\u00f3 el gobernador Eruviel \u00c1vila Villegas.<\/p>\n<p>En la secundaria n\u00famero 84 \u201cMiguel Hidalgo\u201d, la secretaria de Educaci\u00f3n, Ana Lilia Herrera Anzaldo -acompa\u00f1ada por el alcalde de Metepec, David L\u00f3pez C\u00e1rdenas-, destac\u00f3 la inversi\u00f3n hist\u00f3rica del gobierno estatal para favorecer al sector educativo, otorgando, entre otros apoyos, 200 mil becas en 25 diversas modalidades que reconocen y fortalecen el esfuerzo y dedicaci\u00f3n \u00a0de los estudiantes mexiquenses.<\/p>\n<p>Herrera Anzaldo afirm\u00f3 que el magisterio del Estado de M\u00e9xico es el primer lugar nacional en la Evaluaci\u00f3n al Desempe\u00f1o, y cinco de los 10 primeros lugares corresponden a maestras y maestros mexiquenses; en este sentido, recalc\u00f3 que la entidad cuenta con la capacidad para afrontar \u00a0los retos que implica el nuevo Modelo Educativo.<\/p>\n<p>David L\u00f3pez agradeci\u00f3 la aportaci\u00f3n permanente de los gobiernos tanto de la Rep\u00fablica como del estado para generar condiciones \u00f3ptimas en la preparaci\u00f3n de la comunidad estudiantil del municipio, y felicit\u00f3 a los j\u00f3venes por su valent\u00eda, entusiasmo e ideas transformadoras.<\/p>\n<p>&nbsp;<\/p>\n","protected":false},"excerpt":{"rendered":"<p>Alumnas y alumnos que propusieron iniciativas a favor de la igualdad y seguridad en el pasado Encuentro de J\u00f3venes Scholas Ciudadan\u00eda 2017, recibieron un est\u00edmulo econ\u00f3mico por parte del gobierno del Estado de M\u00e9xico, como reconocimiento a su participaci\u00f3n, cumpliendo as\u00ed con uno de los compromisos que asumi\u00f3 el gobernador Eruviel \u00c1vila Villegas.<\/p>\n","protected":false},"author":3,"featured_media":318164,"comment_status":"open","ping_status":"open","sticky":false,"template":"","format":"standard","meta":{"_monsterinsights_skip_tracking":false,"_monsterinsights_sitenote_active":false,"_monsterinsights_sitenote_note":"","_monsterinsights_sitenote_category":0,"footnotes":""},"categories":[35155],"tags":[43675,26688,876,43677],"class_list":["post-318083","post","type-post","status-publish","format-standard","has-post-thumbnail","hentry","category-estado-de-mexico-estado-de-mexico","tag-estado-de-mexico","tag-igualdad","tag-metepec","tag-seguridad"],"_links":{"self":[{"href":"https:\/\/www.diarioimagen.net\/index.php?rest_route=\/wp\/v2\/posts\/318083","targetHints":{"allow":["GET"]}}],"collection":[{"href":"https:\/\/www.diarioimagen.net\/index.php?rest_route=\/wp\/v2\/posts"}],"about":[{"href":"https:\/\/www.diarioimagen.net\/index.php?rest_route=\/wp\/v2\/types\/post"}],"author":[{"embeddable":true,"href":"https:\/\/www.diarioimagen.net\/index.php?rest_route=\/wp\/v2\/users\/3"}],"replies":[{"embeddable":true,"href":"https:\/\/www.diarioimagen.net\/index.php?rest_route=%2Fwp%2Fv2%2Fcomments&post=318083"}],"version-history":[{"count":0,"href":"https:\/\/www.diarioimagen.net\/index.php?rest_route=\/wp\/v2\/posts\/318083\/revisions"}],"wp:featuredmedia":[{"embeddable":true,"href":"https:\/\/www.diarioimagen.net\/index.php?rest_route=\/wp\/v2\/media\/318164"}],"wp:attachment":[{"href":"https:\/\/www.diarioimagen.net\/index.php?rest_route=%2Fwp%2Fv2%2Fmedia&parent=318083"}],"wp:term":[{"taxonomy":"category","embeddable":true,"href":"https:\/\/www.diarioimagen.net\/index.php?rest_route=%2Fwp%2Fv2%2Fcategories&post=318083"},{"taxonomy":"post_tag","embeddable":true,"href":"https:\/\/www.diarioimagen.net\/index.php?rest_route=%2Fwp%2Fv2%2Ftags&post=318083"}],"curies":[{"name":"wp","href":"https:\/\/api.w.org\/{rel}","templated":true}]}}