{"id":318085,"date":"2017-03-23T00:06:52","date_gmt":"2017-03-23T06:06:52","guid":{"rendered":"http:\/\/www.diarioimagen.net\/?p=318085"},"modified":"2017-03-23T05:24:59","modified_gmt":"2017-03-23T11:24:59","slug":"entregan-mas-apoyos-sociales-en-tultepec","status":"publish","type":"post","link":"https:\/\/www.diarioimagen.net\/?p=318085","title":{"rendered":"Entregan m\u00e1s apoyos sociales en Tultepec"},"content":{"rendered":"<p><a href=\"http:\/\/www.diarioimagen.net\/?attachment_id=318167\" rel=\"attachment wp-att-318167\"><img loading=\"lazy\" decoding=\"async\" class=\"aligncenter size-large wp-image-318167\" src=\"http:\/\/www.diarioimagen.net\/wp-content\/uploads\/2017\/03\/TULTEPEC-3048-460x259.jpg\" alt=\"\" width=\"460\" height=\"259\" srcset=\"https:\/\/www.diarioimagen.net\/wp-content\/uploads\/2017\/03\/TULTEPEC-3048-460x259.jpg 460w, https:\/\/www.diarioimagen.net\/wp-content\/uploads\/2017\/03\/TULTEPEC-3048-240x135.jpg 240w, https:\/\/www.diarioimagen.net\/wp-content\/uploads\/2017\/03\/TULTEPEC-3048-235x132.jpg 235w, https:\/\/www.diarioimagen.net\/wp-content\/uploads\/2017\/03\/TULTEPEC-3048-202x114.jpg 202w, https:\/\/www.diarioimagen.net\/wp-content\/uploads\/2017\/03\/TULTEPEC-3048-350x196.jpg 350w, https:\/\/www.diarioimagen.net\/wp-content\/uploads\/2017\/03\/TULTEPEC-3048-220x123.jpg 220w, https:\/\/www.diarioimagen.net\/wp-content\/uploads\/2017\/03\/TULTEPEC-3048-237x132.jpg 237w, https:\/\/www.diarioimagen.net\/wp-content\/uploads\/2017\/03\/TULTEPEC-3048.jpg 480w\" sizes=\"auto, (max-width: 460px) 100vw, 460px\" \/><\/a><\/p>\n<p>&nbsp;<\/p>\n<p><strong>Tultepec, Estado de M\u00e9xico.- <\/strong>En cumplimiento a uno m\u00e1s de sus compromisos de campa\u00f1a del alcalde Armando Portuguez Fuentes, la directora del sistema municipal DIF, Rosalba Mart\u00ednez Mill\u00e1n, inici\u00f3 el recorrido por diferentes comunidades para entregar apoyos sociales a quienes m\u00e1s lo necesitan como son: adultos mayores, madres solas, personas con capacidades diferentes y comunidad abierta en situaci\u00f3n cr\u00edtica.<\/p>\n<p>Acompa\u00f1ada por el contralor, Armando Luna \u00c1vila y servidores p\u00fablicos del DIF, la directora asegur\u00f3 a los beneficiarios que estos apoyos les ser\u00e1n entregados puntualmente cada mes durante 2017.<\/p>\n","protected":false},"excerpt":{"rendered":"<p>En cumplimiento a uno m\u00e1s de sus compromisos de campa\u00f1a del alcalde Armando Portuguez Fuentes, la directora del sistema municipal DIF, Rosalba Mart\u00ednez Mill\u00e1n, inici\u00f3 el recorrido por diferentes comunidades para entregar apoyos sociales a quienes m\u00e1s lo necesitan como son: adultos mayores, madres solas, personas con capacidades diferentes y comunidad abierta en situaci\u00f3n cr\u00edtica.<\/p>\n","protected":false},"author":3,"featured_media":318167,"comment_status":"open","ping_status":"open","sticky":false,"template":"","format":"standard","meta":{"_monsterinsights_skip_tracking":false,"_monsterinsights_sitenote_active":false,"_monsterinsights_sitenote_note":"","_monsterinsights_sitenote_category":0,"footnotes":""},"categories":[35155],"tags":[43675,3802],"class_list":["post-318085","post","type-post","status-publish","format-standard","has-post-thumbnail","hentry","category-estado-de-mexico-estado-de-mexico","tag-estado-de-mexico","tag-tultepec"],"_links":{"self":[{"href":"https:\/\/www.diarioimagen.net\/index.php?rest_route=\/wp\/v2\/posts\/318085","targetHints":{"allow":["GET"]}}],"collection":[{"href":"https:\/\/www.diarioimagen.net\/index.php?rest_route=\/wp\/v2\/posts"}],"about":[{"href":"https:\/\/www.diarioimagen.net\/index.php?rest_route=\/wp\/v2\/types\/post"}],"author":[{"embeddable":true,"href":"https:\/\/www.diarioimagen.net\/index.php?rest_route=\/wp\/v2\/users\/3"}],"replies":[{"embeddable":true,"href":"https:\/\/www.diarioimagen.net\/index.php?rest_route=%2Fwp%2Fv2%2Fcomments&post=318085"}],"version-history":[{"count":0,"href":"https:\/\/www.diarioimagen.net\/index.php?rest_route=\/wp\/v2\/posts\/318085\/revisions"}],"wp:featuredmedia":[{"embeddable":true,"href":"https:\/\/www.diarioimagen.net\/index.php?rest_route=\/wp\/v2\/media\/318167"}],"wp:attachment":[{"href":"https:\/\/www.diarioimagen.net\/index.php?rest_route=%2Fwp%2Fv2%2Fmedia&parent=318085"}],"wp:term":[{"taxonomy":"category","embeddable":true,"href":"https:\/\/www.diarioimagen.net\/index.php?rest_route=%2Fwp%2Fv2%2Fcategories&post=318085"},{"taxonomy":"post_tag","embeddable":true,"href":"https:\/\/www.diarioimagen.net\/index.php?rest_route=%2Fwp%2Fv2%2Ftags&post=318085"}],"curies":[{"name":"wp","href":"https:\/\/api.w.org\/{rel}","templated":true}]}}