{"id":318093,"date":"2017-03-23T00:03:23","date_gmt":"2017-03-23T06:03:23","guid":{"rendered":"http:\/\/www.diarioimagen.net\/?p=318093"},"modified":"2017-03-23T05:35:23","modified_gmt":"2017-03-23T11:35:23","slug":"se-fortalecera-en-uaem-promocion-de-estilos-de-vida-saludable-barrera","status":"publish","type":"post","link":"https:\/\/www.diarioimagen.net\/?p=318093","title":{"rendered":"Se fortalecer\u00e1 en UAEM promoci\u00f3n de estilos de vida saludable: Barrera"},"content":{"rendered":"<ul>\n<li><strong><em>Con la Secretar\u00eda de Cultura F\u00edsica y Deporte<\/em><\/strong><\/li>\n<\/ul>\n<p>&nbsp;<\/p>\n<div id=\"attachment_318183\" style=\"width: 470px\" class=\"wp-caption aligncenter\"><a href=\"http:\/\/www.diarioimagen.net\/?attachment_id=318183\" rel=\"attachment wp-att-318183\"><img loading=\"lazy\" decoding=\"async\" aria-describedby=\"caption-attachment-318183\" class=\"size-large wp-image-318183\" src=\"http:\/\/www.diarioimagen.net\/wp-content\/uploads\/2017\/03\/uaem-a-3048-460x259.jpg\" alt=\"\" width=\"460\" height=\"259\" srcset=\"https:\/\/www.diarioimagen.net\/wp-content\/uploads\/2017\/03\/uaem-a-3048-460x259.jpg 460w, https:\/\/www.diarioimagen.net\/wp-content\/uploads\/2017\/03\/uaem-a-3048-240x135.jpg 240w, https:\/\/www.diarioimagen.net\/wp-content\/uploads\/2017\/03\/uaem-a-3048-235x132.jpg 235w, https:\/\/www.diarioimagen.net\/wp-content\/uploads\/2017\/03\/uaem-a-3048-202x114.jpg 202w, https:\/\/www.diarioimagen.net\/wp-content\/uploads\/2017\/03\/uaem-a-3048-350x196.jpg 350w, https:\/\/www.diarioimagen.net\/wp-content\/uploads\/2017\/03\/uaem-a-3048-220x123.jpg 220w, https:\/\/www.diarioimagen.net\/wp-content\/uploads\/2017\/03\/uaem-a-3048-237x132.jpg 237w, https:\/\/www.diarioimagen.net\/wp-content\/uploads\/2017\/03\/uaem-a-3048.jpg 480w\" sizes=\"auto, (max-width: 460px) 100vw, 460px\" \/><\/a><p id=\"caption-attachment-318183\" class=\"wp-caption-text\">Alfredo Barrera Baca sostuvo que a trav\u00e9s de esta nueva dependencia se fortalecer\u00e1 la promoci\u00f3n de estilos de vida saludable, que colocar\u00e1 a la instituci\u00f3n a la vanguardia deportiva nacional.<\/p><\/div>\n<p>&nbsp;<\/p>\n<p>El proyecto educativo \u201cUniversitarios con propuesta\u201d prev\u00e9 la creaci\u00f3n de la Secretar\u00eda de Cultura F\u00edsica y Deporte, lo que fortalecer\u00e1 la promoci\u00f3n de estilos de vida saludable en la Universidad Aut\u00f3noma del Estado de M\u00e9xico, al tiempo de colocar a esta casa de estudios a la vanguardia deportiva entre Instituciones de Educaci\u00f3n Superior p\u00fablicas y privadas en el pa\u00eds, asegur\u00f3 el aspirante a la rector\u00eda de la UAEM, Alfredo Barrera Baca.<\/p>\n<p>En el Centro Universitario UAEM Nezahualc\u00f3yotl y acompa\u00f1ado del director del campus, H\u00e9ctor Campos Alan\u00eds, el Doctor en Filosof\u00eda y Ciencias de la Educaci\u00f3n sostuvo que elevar a rango de secretar\u00eda los esfuerzos institucionales en materia deportiva permitir\u00e1 consolidar a la UAEM como semillero de atletas de alto rendimiento y amateur; asimismo, permitir\u00e1 integrar al deporte como una pr\u00e1ctica formativa en beneficio de los j\u00f3venes.<\/p>\n<p>Junto a la coordinadora de Jornadas de Promoci\u00f3n, Jannet Valero Vilchis y al dialogar con estudiantes, profesores y personal administrativo del campus, Barrera Baca indic\u00f3 que esta nueva dependencia se encargar\u00eda de seguir apoyando a los equipos representativos universitarios para que contin\u00faen situando a la UAEM en los mejores sitiales de competencias atl\u00e9ticas nacionales e internacionales.<\/p>\n<p>Luego de asistir a la Unidad Acad\u00e9mica Profesional Chimalhuac\u00e1n donde recab\u00f3 las necesidades e inquietudes de este espacio de la UAEM, Barrera Baca indic\u00f3 que la Secretar\u00eda de Cultura F\u00edsica y Deporte proyecta un apoyo decidido para que el equipo de f\u00fatbol Potros FC, que se ha convertido en un \u00edcono de identidad universitaria, logre su ascenso al circuito profesional.<\/p>\n<p>Durante su visita al sistema educativo desconcentrado de la Aut\u00f3noma mexiquense, el aspirante a ocupar el cargo de rector de la UAEM para el periodo 2017-2021 refiri\u00f3 que se propone al deporte como un tema que genere conocimiento, por lo que se fomentar\u00e1 la investigaci\u00f3n en medicina deportiva a trav\u00e9s del Centro de Medicina de la Actividad F\u00edsica y el Deporte de la UAEM.<\/p>\n<p>Adem\u00e1s, dijo Barrera Baca, se detonar\u00e1 la investigaci\u00f3n en psicolog\u00eda del deporte para su aplicaci\u00f3n en la pr\u00e1ctica profesional y robustecer la licenciatura en Cultura F\u00edsica y Deporte que oferta la Facultad de Ciencias de la Conducta de la UAEM.<\/p>\n<p>En la UAP Chimalhuac\u00e1n, donde por primera vez se oferta, en un espacio for\u00e1neo universitario, la licenciatura en M\u00e9dico Cirujano, Alfredo Barrera Baca refrend\u00f3 su compromiso para apoyar a los Centros Universitarios y Unidades Acad\u00e9micas Profesionales en su desarrollo y crecimiento acad\u00e9mico, las cuales se ubican en los municipios de mayor necesidad educativa en la entidad.<\/p>\n<p>En la sala de Juicios Orales del campus, el aspirante a la rector\u00eda de la M\u00e1xima Casa de Estudios mexiquense invit\u00f3 a la comunidad de la UAEM a sumarse al programa de trabajo \u201cUniversitarios con propuesta\u201d que se puede consultar a trav\u00e9s de la p\u00e1gina\u00a0www.abarrerauaem.mx\u00a0y en redes sociales.<\/p>\n<p>&nbsp;<\/p>\n","protected":false},"excerpt":{"rendered":"<p>El proyecto educativo \u201cUniversitarios con propuesta\u201d prev\u00e9 la creaci\u00f3n de la Secretar\u00eda de Cultura F\u00edsica y Deporte, lo que fortalecer\u00e1 la promoci\u00f3n de estilos de vida saludable en la Universidad Aut\u00f3noma del Estado de M\u00e9xico, al tiempo de colocar a esta casa de estudios a la vanguardia deportiva entre Instituciones de Educaci\u00f3n Superior p\u00fablicas y privadas en el pa\u00eds, asegur\u00f3 el aspirante a la rector\u00eda de la UAEM, Alfredo Barrera Baca.<\/p>\n","protected":false},"author":3,"featured_media":318183,"comment_status":"open","ping_status":"open","sticky":false,"template":"","format":"standard","meta":{"_monsterinsights_skip_tracking":false,"_monsterinsights_sitenote_active":false,"_monsterinsights_sitenote_note":"","_monsterinsights_sitenote_category":0,"footnotes":""},"categories":[35155],"tags":[58572,1491],"class_list":["post-318093","post","type-post","status-publish","format-standard","has-post-thumbnail","hentry","category-estado-de-mexico-estado-de-mexico","tag-alfredo-barrera-baca","tag-uaem"],"_links":{"self":[{"href":"https:\/\/www.diarioimagen.net\/index.php?rest_route=\/wp\/v2\/posts\/318093","targetHints":{"allow":["GET"]}}],"collection":[{"href":"https:\/\/www.diarioimagen.net\/index.php?rest_route=\/wp\/v2\/posts"}],"about":[{"href":"https:\/\/www.diarioimagen.net\/index.php?rest_route=\/wp\/v2\/types\/post"}],"author":[{"embeddable":true,"href":"https:\/\/www.diarioimagen.net\/index.php?rest_route=\/wp\/v2\/users\/3"}],"replies":[{"embeddable":true,"href":"https:\/\/www.diarioimagen.net\/index.php?rest_route=%2Fwp%2Fv2%2Fcomments&post=318093"}],"version-history":[{"count":0,"href":"https:\/\/www.diarioimagen.net\/index.php?rest_route=\/wp\/v2\/posts\/318093\/revisions"}],"wp:featuredmedia":[{"embeddable":true,"href":"https:\/\/www.diarioimagen.net\/index.php?rest_route=\/wp\/v2\/media\/318183"}],"wp:attachment":[{"href":"https:\/\/www.diarioimagen.net\/index.php?rest_route=%2Fwp%2Fv2%2Fmedia&parent=318093"}],"wp:term":[{"taxonomy":"category","embeddable":true,"href":"https:\/\/www.diarioimagen.net\/index.php?rest_route=%2Fwp%2Fv2%2Fcategories&post=318093"},{"taxonomy":"post_tag","embeddable":true,"href":"https:\/\/www.diarioimagen.net\/index.php?rest_route=%2Fwp%2Fv2%2Ftags&post=318093"}],"curies":[{"name":"wp","href":"https:\/\/api.w.org\/{rel}","templated":true}]}}