{"id":318099,"date":"2017-03-23T00:04:03","date_gmt":"2017-03-23T06:04:03","guid":{"rendered":"http:\/\/www.diarioimagen.net\/?p=318099"},"modified":"2017-03-24T00:11:13","modified_gmt":"2017-03-24T06:11:13","slug":"garantiza-osorio-trabajo-a-repatriados","status":"publish","type":"post","link":"https:\/\/www.diarioimagen.net\/?p=318099","title":{"rendered":"Garantiza Osorio trabajo a repatriados"},"content":{"rendered":"<p><a href=\"http:\/\/www.diarioimagen.net\/?attachment_id=318202\" rel=\"attachment wp-att-318202\"><img loading=\"lazy\" decoding=\"async\" class=\"aligncenter size-large wp-image-318202\" src=\"http:\/\/www.diarioimagen.net\/wp-content\/uploads\/2017\/03\/OSORIO-3048-460x259.jpg\" alt=\"\" width=\"460\" height=\"259\" srcset=\"https:\/\/www.diarioimagen.net\/wp-content\/uploads\/2017\/03\/OSORIO-3048-460x259.jpg 460w, https:\/\/www.diarioimagen.net\/wp-content\/uploads\/2017\/03\/OSORIO-3048-240x135.jpg 240w, https:\/\/www.diarioimagen.net\/wp-content\/uploads\/2017\/03\/OSORIO-3048-235x132.jpg 235w, https:\/\/www.diarioimagen.net\/wp-content\/uploads\/2017\/03\/OSORIO-3048-202x114.jpg 202w, https:\/\/www.diarioimagen.net\/wp-content\/uploads\/2017\/03\/OSORIO-3048-350x196.jpg 350w, https:\/\/www.diarioimagen.net\/wp-content\/uploads\/2017\/03\/OSORIO-3048-220x123.jpg 220w, https:\/\/www.diarioimagen.net\/wp-content\/uploads\/2017\/03\/OSORIO-3048-237x132.jpg 237w, https:\/\/www.diarioimagen.net\/wp-content\/uploads\/2017\/03\/OSORIO-3048.jpg 480w\" sizes=\"auto, (max-width: 460px) 100vw, 460px\" \/><\/a><\/p>\n<p>&nbsp;<\/p>\n<p>El secretario de Gobernaci\u00f3n, Miguel \u00c1ngel Osorio, inform\u00f3 que gracias a los acuerdos firmados con empresarios de Piedras Negras, Coahuila, se podr\u00e1 otorgar empleo en su lugar de origen a los mexicanos que son repatriados de los Estados Unidos.<\/p>\n<p>Durante la firma de un convenio Segob-Secretar\u00eda de Educaci\u00f3n P\u00fablica (SEP), Osorio Chong, dijo que los convenios firmados con empresarios permiten ubicar a los connacionales en lugares clave para que desarrollen todo su potencial. Adem\u00e1s, para que puedan lograr historias de \u00e9xito, de porvenir y de desarrollo superior al que tuvieron nuestros padres y nuestras familias, inform\u00f3 v\u00eda Periscope desde la entidad coahuliense.<\/p>\n","protected":false},"excerpt":{"rendered":"<p>El secretario de Gobernaci\u00f3n, Miguel \u00c1ngel Osorio, inform\u00f3 que gracias a los acuerdos firmados con empresarios de Piedras Negras, Coahuila, se podr\u00e1 otorgar empleo en su lugar de origen a los mexicanos que son repatriados de los Estados Unidos.<\/p>\n","protected":false},"author":3,"featured_media":318202,"comment_status":"open","ping_status":"open","sticky":false,"template":"","format":"standard","meta":{"_monsterinsights_skip_tracking":false,"_monsterinsights_sitenote_active":false,"_monsterinsights_sitenote_note":"","_monsterinsights_sitenote_category":0,"footnotes":""},"categories":[3],"tags":[177,3676,8961],"class_list":["post-318099","post","type-post","status-publish","format-standard","has-post-thumbnail","hentry","category-nacional","tag-estados-unidos","tag-miguel-angel-osorio-chong","tag-trabajo"],"_links":{"self":[{"href":"https:\/\/www.diarioimagen.net\/index.php?rest_route=\/wp\/v2\/posts\/318099","targetHints":{"allow":["GET"]}}],"collection":[{"href":"https:\/\/www.diarioimagen.net\/index.php?rest_route=\/wp\/v2\/posts"}],"about":[{"href":"https:\/\/www.diarioimagen.net\/index.php?rest_route=\/wp\/v2\/types\/post"}],"author":[{"embeddable":true,"href":"https:\/\/www.diarioimagen.net\/index.php?rest_route=\/wp\/v2\/users\/3"}],"replies":[{"embeddable":true,"href":"https:\/\/www.diarioimagen.net\/index.php?rest_route=%2Fwp%2Fv2%2Fcomments&post=318099"}],"version-history":[{"count":0,"href":"https:\/\/www.diarioimagen.net\/index.php?rest_route=\/wp\/v2\/posts\/318099\/revisions"}],"wp:featuredmedia":[{"embeddable":true,"href":"https:\/\/www.diarioimagen.net\/index.php?rest_route=\/wp\/v2\/media\/318202"}],"wp:attachment":[{"href":"https:\/\/www.diarioimagen.net\/index.php?rest_route=%2Fwp%2Fv2%2Fmedia&parent=318099"}],"wp:term":[{"taxonomy":"category","embeddable":true,"href":"https:\/\/www.diarioimagen.net\/index.php?rest_route=%2Fwp%2Fv2%2Fcategories&post=318099"},{"taxonomy":"post_tag","embeddable":true,"href":"https:\/\/www.diarioimagen.net\/index.php?rest_route=%2Fwp%2Fv2%2Ftags&post=318099"}],"curies":[{"name":"wp","href":"https:\/\/api.w.org\/{rel}","templated":true}]}}