{"id":318129,"date":"2017-03-23T00:01:02","date_gmt":"2017-03-23T06:01:02","guid":{"rendered":"http:\/\/www.diarioimagen.net\/?p=318129"},"modified":"2017-03-29T01:27:02","modified_gmt":"2017-03-29T07:27:02","slug":"el-silencio-de-centroamerica-en-la-era-trumpiana","status":"publish","type":"post","link":"https:\/\/www.diarioimagen.net\/?p=318129","title":{"rendered":"El silencio de Centroam\u00e9rica en la era trumpiana"},"content":{"rendered":"<h2>De pe a pa<\/h2>\n<h5>Alberto Vieyra G.<\/h5>\n<p>&nbsp;<\/p>\n<p>\u00bfPor qu\u00e9 los pa\u00edses centroamericanos no se han puesto al brinco o ro\u00f1osos contra Donald Trump o la \u201cbestia trumpiana\u201d? \u00bfPor qu\u00e9 esas naciones centroamericanas han abandonado a su suerte a M\u00e9xico? \u00bfSer\u00e1 porque su presidente no se faja ante el mandatario grigo? \u00bfA qu\u00e9 se debe ese silencio despu\u00e9s de que Trump anunci\u00f3 deportaciones masivas de latinoamericanos a M\u00e9xico?<\/p>\n<p>El \u00fanico que sali\u00f3 a dar la cara fue el canciller Luis Videgaray, quien categ\u00f3ricamente dijo: \u201cM\u00e9xico no tiene por qu\u00e9 recibirlos\u201d. Y es que la \u201camenaza trumpiana\u201d le puso al gobierno la carne como a los pavos en v\u00edsperas de Navidad.<\/p>\n<p>Lo primero que pensaron en el gobierno mexicano fue que la deportaci\u00f3n masiva provocar\u00eda en territorio azteca un conflicto social.<\/p>\n<p>\u00bfPor qu\u00e9 los pa\u00edses centroamericanos guardaron silencio? Ah\u00ed le va:<\/p>\n<p>Desde hace m\u00e1s de tres d\u00e9cadas, en los a\u00f1os 80, Washington concedi\u00f3 el\u00a0Estatus de Protecci\u00f3n Temporal\u00a0(TPS, por sus siglas en ingl\u00e9s) a migrantes de Nicaragua, El Salvador y de otras naciones.<\/p>\n<p>Estados Unidos consideraba al r\u00e9gimen sandinista como enemigo y por ello extendi\u00f3 salvoconductos a la poblaci\u00f3n nicarag\u00fcense. En pr\u00e1cticamente todos los casos, el status que otorg\u00f3 a migrantes de Centroam\u00e9rica, fue porque EU apoyaba a esos gobiernos en su lucha contra la guerrilla.<\/p>\n<p>Esos hechos hist\u00f3ricos los debe saber Donald Trump, \u00bfo ser\u00e1 de a tiro tan ignorante? En el gobierno mexicano no se conocen esos acuerdos. As\u00ed que la \u201cbestia trumpiana\u201d no puede hacer deportaciones de centroamericanos porque est\u00e1n muy palancas en EU y a eso se debe que los gobiernos centroamericanos, no dicen ni p\u00edo.<\/p>\n<p>Si Trump llegase a desconocer esos acuerdos cometer\u00eda un grave error hist\u00f3rico, pues muchas concesiones fueron aprobadas por los gobiernos republicanos, no dem\u00f3cratas, como hoy desconoce todo el legado de Obama. Pero recordar\u00e9 que entre 1932 y 1944 el dem\u00f3crata Franklin Delano Roosevelt, quien padec\u00eda poliomielitis, deport\u00f3 a M\u00e9xico m\u00e1s de mill\u00f3n y medio de indocumentados.<\/p>\n<p>El proteccionismo del mercado interno y la planta productiva fueron cuidados celosamente por Roosevelt, quien hizo que imperara en EU una econom\u00eda de guerra s\u00f3lo para los norteamericanos. Y ya en nuestro siglo, otro dem\u00f3crata, Barack Obama har\u00eda rabiosas deportaciones por m\u00e1s de 4 millones hacia M\u00e9xico, incluyendo a ni\u00f1os centroamericanos que no forman parte de los acuerdos migratorios con EU.<\/p>\n<p>Ahora, el racista hitleriano Donald Trump pretende echar de EU a m\u00e1s de 11 millones de indocumentados mexicanos, a los que considera \u201cla basura del mundo\u201d. Olvida la lun\u00e1tica \u201cbestia trumpiana\u201d que EU se conform\u00f3 con inmigrantes de todo el mundo, incluyendo a su propia madre Mary Anne MacLeod, de Escocia, que entr\u00f3 legalmente a EU all\u00e1 por 1930 y lleg\u00f3 para quedarse y engendrarlo.<\/p>\n<p>Aqu\u00ed entre nos \u00bfUsted cree que el gobierno est\u00e1 preparado para recibir a 11 millones de compatriotas que huyeron de suelo mexicano para no morir de hambre a manos de gobiernos revolucionarios pri\u00edstas o panistas?<\/p>\n<p><em><a href=\"mailto:%20%20info@agenciamn.com\" target=\"_blank\">info@agenciamn.com<\/a><\/em><\/p>\n","protected":false},"excerpt":{"rendered":"<p><span><span style=\"color: #005497;\"><strong>Alberto Vieyra G.<\/strong><\/span><\/span><\/p>\n","protected":false},"author":3,"featured_media":0,"comment_status":"open","ping_status":"open","sticky":false,"template":"","format":"standard","meta":{"_monsterinsights_skip_tracking":false,"_monsterinsights_sitenote_active":false,"_monsterinsights_sitenote_note":"","_monsterinsights_sitenote_category":0,"footnotes":""},"categories":[4596],"tags":[43697,4597,43674],"class_list":["post-318129","post","type-post","status-publish","format-standard","hentry","category-alberto-vieyra-g","tag-alberto-vieyra-g","tag-de-pe-a-pa","tag-opinion"],"_links":{"self":[{"href":"https:\/\/www.diarioimagen.net\/index.php?rest_route=\/wp\/v2\/posts\/318129","targetHints":{"allow":["GET"]}}],"collection":[{"href":"https:\/\/www.diarioimagen.net\/index.php?rest_route=\/wp\/v2\/posts"}],"about":[{"href":"https:\/\/www.diarioimagen.net\/index.php?rest_route=\/wp\/v2\/types\/post"}],"author":[{"embeddable":true,"href":"https:\/\/www.diarioimagen.net\/index.php?rest_route=\/wp\/v2\/users\/3"}],"replies":[{"embeddable":true,"href":"https:\/\/www.diarioimagen.net\/index.php?rest_route=%2Fwp%2Fv2%2Fcomments&post=318129"}],"version-history":[{"count":0,"href":"https:\/\/www.diarioimagen.net\/index.php?rest_route=\/wp\/v2\/posts\/318129\/revisions"}],"wp:attachment":[{"href":"https:\/\/www.diarioimagen.net\/index.php?rest_route=%2Fwp%2Fv2%2Fmedia&parent=318129"}],"wp:term":[{"taxonomy":"category","embeddable":true,"href":"https:\/\/www.diarioimagen.net\/index.php?rest_route=%2Fwp%2Fv2%2Fcategories&post=318129"},{"taxonomy":"post_tag","embeddable":true,"href":"https:\/\/www.diarioimagen.net\/index.php?rest_route=%2Fwp%2Fv2%2Ftags&post=318129"}],"curies":[{"name":"wp","href":"https:\/\/api.w.org\/{rel}","templated":true}]}}