{"id":318234,"date":"2017-03-24T00:04:13","date_gmt":"2017-03-24T06:04:13","guid":{"rendered":"http:\/\/www.diarioimagen.net\/?p=318234"},"modified":"2017-03-26T22:25:08","modified_gmt":"2017-03-27T04:25:08","slug":"recapturan-a-12-de-29-reos-de-penal-de-cd-victoria","status":"publish","type":"post","link":"https:\/\/www.diarioimagen.net\/?p=318234","title":{"rendered":"Recapturan a 12 de 29 reos fugados en Ciudad Victoria"},"content":{"rendered":"<ul>\n<li><em><strong>Investigan a 40 trabajadores del penal<\/strong><\/em><\/li>\n<\/ul>\n<p>&nbsp;<\/p>\n<div id=\"attachment_318235\" style=\"width: 470px\" class=\"wp-caption aligncenter\"><a href=\"http:\/\/www.diarioimagen.net\/?attachment_id=318235\" rel=\"attachment wp-att-318235\"><img loading=\"lazy\" decoding=\"async\" aria-describedby=\"caption-attachment-318235\" class=\"size-large wp-image-318235\" src=\"http:\/\/www.diarioimagen.net\/wp-content\/uploads\/2017\/03\/FUGA24ok-PORTAL-460x268.jpg\" alt=\"\" width=\"460\" height=\"268\" srcset=\"https:\/\/www.diarioimagen.net\/wp-content\/uploads\/2017\/03\/FUGA24ok-PORTAL-460x268.jpg 460w, https:\/\/www.diarioimagen.net\/wp-content\/uploads\/2017\/03\/FUGA24ok-PORTAL-240x140.jpg 240w, https:\/\/www.diarioimagen.net\/wp-content\/uploads\/2017\/03\/FUGA24ok-PORTAL.jpg 480w\" sizes=\"auto, (max-width: 460px) 100vw, 460px\" \/><\/a><p id=\"caption-attachment-318235\" class=\"wp-caption-text\">El t\u00fanel por el que escaparon los 29 reos fue construido en una zona de construcciones irregulares.<\/p><\/div>\n<p>&nbsp;<\/p>\n<p>Ya fueron recapturados 12 los 29 reos que se fugaron la noche del mi\u00e9rcoles del penal de Ciudad Victoria, Tamaulipas.<\/p>\n<p>En conferencia de prensa, el vocero de Seguridad de Tamaulipas, Luis Alberto Rodr\u00edguez, inform\u00f3 que se investiga a 40 trabajadores del penal por la fuga.<\/p>\n<p>\u00abEst\u00e1n sujetos a investigaci\u00f3n dos personas administrativas que son el director y el jefe de vigilancia, y 38 custodios\u00bb, dijo el funcionario local.<\/p>\n<p>Detall\u00f3 que el t\u00fanel fue construido en una zona en la que los internos edificaron construcciones irregulares, desde hace muchos a\u00f1os.<\/p>\n<p>\u00abSe fugaron en un t\u00fanel que fue construido en una zona donde se ejerce el autogobierno, donde hay construcciones irregulares desde hace muchos a\u00f1os\u00bb, dijo Luis Alberto Rodr\u00edguez.<\/p>\n<p>Asegur\u00f3 que tras la fuga, ya se destruyen todas las construcciones irregulares, porque Tamaulipas tiene el compromiso de acabar con el autogobierno.<\/p>\n<p>\u00abPor muchos a\u00f1os lo que se hac\u00eda, no nada m\u00e1s en Tamaulipas sino en todo el sistema penitenciario, era permitir los autogobiernos; se empoderaba a los l\u00edderes. Pero estamos comprometidos con acabar con el autogobierno. Ya se destruyen todas esas construcciones.<\/p>\n","protected":false},"excerpt":{"rendered":"<p>Ya fueron recapturados 12 los 29 reos que se fugaron la noche del mi\u00e9rcoles del penal de Ciudad Victoria, Tamaulipas.<\/p>\n","protected":false},"author":5,"featured_media":318235,"comment_status":"open","ping_status":"open","sticky":false,"template":"","format":"standard","meta":{"_monsterinsights_skip_tracking":false,"_monsterinsights_sitenote_active":false,"_monsterinsights_sitenote_note":"","_monsterinsights_sitenote_category":0,"footnotes":""},"categories":[7],"tags":[43677],"class_list":["post-318234","post","type-post","status-publish","format-standard","has-post-thumbnail","hentry","category-seguridad","tag-seguridad"],"_links":{"self":[{"href":"https:\/\/www.diarioimagen.net\/index.php?rest_route=\/wp\/v2\/posts\/318234","targetHints":{"allow":["GET"]}}],"collection":[{"href":"https:\/\/www.diarioimagen.net\/index.php?rest_route=\/wp\/v2\/posts"}],"about":[{"href":"https:\/\/www.diarioimagen.net\/index.php?rest_route=\/wp\/v2\/types\/post"}],"author":[{"embeddable":true,"href":"https:\/\/www.diarioimagen.net\/index.php?rest_route=\/wp\/v2\/users\/5"}],"replies":[{"embeddable":true,"href":"https:\/\/www.diarioimagen.net\/index.php?rest_route=%2Fwp%2Fv2%2Fcomments&post=318234"}],"version-history":[{"count":0,"href":"https:\/\/www.diarioimagen.net\/index.php?rest_route=\/wp\/v2\/posts\/318234\/revisions"}],"wp:featuredmedia":[{"embeddable":true,"href":"https:\/\/www.diarioimagen.net\/index.php?rest_route=\/wp\/v2\/media\/318235"}],"wp:attachment":[{"href":"https:\/\/www.diarioimagen.net\/index.php?rest_route=%2Fwp%2Fv2%2Fmedia&parent=318234"}],"wp:term":[{"taxonomy":"category","embeddable":true,"href":"https:\/\/www.diarioimagen.net\/index.php?rest_route=%2Fwp%2Fv2%2Fcategories&post=318234"},{"taxonomy":"post_tag","embeddable":true,"href":"https:\/\/www.diarioimagen.net\/index.php?rest_route=%2Fwp%2Fv2%2Ftags&post=318234"}],"curies":[{"name":"wp","href":"https:\/\/api.w.org\/{rel}","templated":true}]}}