{"id":318249,"date":"2017-03-23T18:00:10","date_gmt":"2017-03-24T00:00:10","guid":{"rendered":"http:\/\/www.diarioimagen.net\/?p=318249"},"modified":"2017-03-26T22:24:42","modified_gmt":"2017-03-27T04:24:42","slug":"inician-obras-publicas-en-localidades-de-zinacantepec","status":"publish","type":"post","link":"https:\/\/www.diarioimagen.net\/?p=318249","title":{"rendered":"Inician obras p\u00fablicas en localidades de Zinacantepec"},"content":{"rendered":"<ul>\n<li><em><strong>Bienestar de mexiquenses, la prioridad<\/strong><\/em><\/li>\n<\/ul>\n<p>&nbsp;<\/p>\n<div id=\"attachment_318250\" style=\"width: 470px\" class=\"wp-caption aligncenter\"><a href=\"http:\/\/www.diarioimagen.net\/?attachment_id=318250\" rel=\"attachment wp-att-318250\"><img loading=\"lazy\" decoding=\"async\" aria-describedby=\"caption-attachment-318250\" class=\"size-large wp-image-318250\" src=\"http:\/\/www.diarioimagen.net\/wp-content\/uploads\/2017\/03\/DIFEM24-portal-460x268.jpg\" alt=\"\" width=\"460\" height=\"268\" srcset=\"https:\/\/www.diarioimagen.net\/wp-content\/uploads\/2017\/03\/DIFEM24-portal-460x268.jpg 460w, https:\/\/www.diarioimagen.net\/wp-content\/uploads\/2017\/03\/DIFEM24-portal-240x140.jpg 240w, https:\/\/www.diarioimagen.net\/wp-content\/uploads\/2017\/03\/DIFEM24-portal.jpg 480w\" sizes=\"auto, (max-width: 460px) 100vw, 460px\" \/><\/a><p id=\"caption-attachment-318250\" class=\"wp-caption-text\">Carolina Alanis Moreno, directora general del DIFE, y presidenta del Gabinete Regional XVII, encabez\u00f3 el inicio de obras p\u00fablicas en Zinacantepec.<\/p><\/div>\n<p>&nbsp;<\/p>\n<p><strong>Zinacantepec, Estado de M\u00e9xico<\/strong>.- Con el prop\u00f3sito de atender las necesidades de la poblaci\u00f3n a trav\u00e9s del mejoramiento de servicios p\u00fablicos en diversas comunidades de este municipio, Carolina Alanis Moreno, directora general del DIF Estado de M\u00e9xico, y presidenta del Gabinete Regional XVII, encabez\u00f3 el inicio de obras de electrificaci\u00f3n, colocaci\u00f3n de pavimento, as\u00ed como la construcci\u00f3n de drenaje y un colector hidr\u00e1ulico para prevenir inundaciones en temporada de lluvias.<\/p>\n<p>Acompa\u00f1a por Manuel Castrej\u00f3n Morales, presidente municipal de Zinacantepec, e integrantes del cuerpo edilicio, Alanis Moreno visit\u00f3 las localidades barrio de Veracruz, San Miguel, La deportiva, Emiliano Zapata y la Joya, donde destac\u00f3 que gracias a la coordinaci\u00f3n de los 3 \u00f3rdenes de gobierno, as\u00ed como de la participaci\u00f3n comunitaria, en este municipio inician se han puesto en marcha diversas obras y acciones en cada una de las 48 colonias que conforman esta demarcaci\u00f3n.<\/p>\n<p>\u201cPara el gobernador Eruviel \u00c1vila Villegas, desde el inicio de su administraci\u00f3n, el bienestar de los mexiquenses ha sido una de sus prioridades, en el caso de Zinacantepec destacan obras como la Unidad de Estudios Superiores, la construcci\u00f3n del Tren Interurbano, la Plaza Estado de M\u00e9xico y la pr\u00f3xima puesta en marcha del Hospital Regional\u201d, subray\u00f3.<\/p>\n<p>En este municipio, Carolina Alanis invit\u00f3 a las familias a disfrutar el pr\u00f3ximo 25 de marzo a las 7 de la noche, de la gira m\u00f3vil \u201cCine, V\u00edvelo Diferente\u201d, que el DIFEM ofrece a trav\u00e9s de diversas cintas animadas a m\u00e1s de 17 mil personas de 17 comunidades vulnerables de Toluca, Almoloya de Ju\u00e1rez y Zinacantepec, con el prop\u00f3sito de acercar esta experiencia y propiciar la convivencia familiar.<\/p>\n<p>Manuel Castrej\u00f3n Morales invit\u00f3 a la ciudadan\u00eda a mantener la unidad y la organizaci\u00f3n comunitaria para continuar gestionando respuesta a sus necesidades, en un marco de corresponsabilidad entre los 3 \u00f3rdenes de gobierno y la participaci\u00f3n de las familias de este municipio, pues afirm\u00f3 que s\u00f3lo de esta manera se tendr\u00e1n logros y una mejor calidad de vida.<\/p>\n<p>&nbsp;<\/p>\n","protected":false},"excerpt":{"rendered":"<p>Con el prop\u00f3sito de atender las necesidades de la poblaci\u00f3n a trav\u00e9s del mejoramiento de servicios p\u00fablicos en diversas comunidades de este municipio, Carolina Alanis Moreno, directora general del DIF Estado de M\u00e9xico, y presidenta del Gabinete Regional XVII, encabez\u00f3 el inicio de obras de electrificaci\u00f3n, colocaci\u00f3n de pavimento, as\u00ed como la construcci\u00f3n de drenaje y un colector hidr\u00e1ulico para prevenir inundaciones en temporada de lluvias.<\/p>\n","protected":false},"author":5,"featured_media":318250,"comment_status":"open","ping_status":"open","sticky":false,"template":"","format":"standard","meta":{"_monsterinsights_skip_tracking":false,"_monsterinsights_sitenote_active":false,"_monsterinsights_sitenote_note":"","_monsterinsights_sitenote_category":0,"footnotes":""},"categories":[35155],"tags":[5828,43675,9511,184],"class_list":["post-318249","post","type-post","status-publish","format-standard","has-post-thumbnail","hentry","category-estado-de-mexico-estado-de-mexico","tag-eruviel-avila-villegas","tag-estado-de-mexico","tag-obras-publicas","tag-zinacantepec"],"_links":{"self":[{"href":"https:\/\/www.diarioimagen.net\/index.php?rest_route=\/wp\/v2\/posts\/318249","targetHints":{"allow":["GET"]}}],"collection":[{"href":"https:\/\/www.diarioimagen.net\/index.php?rest_route=\/wp\/v2\/posts"}],"about":[{"href":"https:\/\/www.diarioimagen.net\/index.php?rest_route=\/wp\/v2\/types\/post"}],"author":[{"embeddable":true,"href":"https:\/\/www.diarioimagen.net\/index.php?rest_route=\/wp\/v2\/users\/5"}],"replies":[{"embeddable":true,"href":"https:\/\/www.diarioimagen.net\/index.php?rest_route=%2Fwp%2Fv2%2Fcomments&post=318249"}],"version-history":[{"count":0,"href":"https:\/\/www.diarioimagen.net\/index.php?rest_route=\/wp\/v2\/posts\/318249\/revisions"}],"wp:featuredmedia":[{"embeddable":true,"href":"https:\/\/www.diarioimagen.net\/index.php?rest_route=\/wp\/v2\/media\/318250"}],"wp:attachment":[{"href":"https:\/\/www.diarioimagen.net\/index.php?rest_route=%2Fwp%2Fv2%2Fmedia&parent=318249"}],"wp:term":[{"taxonomy":"category","embeddable":true,"href":"https:\/\/www.diarioimagen.net\/index.php?rest_route=%2Fwp%2Fv2%2Fcategories&post=318249"},{"taxonomy":"post_tag","embeddable":true,"href":"https:\/\/www.diarioimagen.net\/index.php?rest_route=%2Fwp%2Fv2%2Ftags&post=318249"}],"curies":[{"name":"wp","href":"https:\/\/api.w.org\/{rel}","templated":true}]}}