{"id":318253,"date":"2017-03-24T00:07:12","date_gmt":"2017-03-24T06:07:12","guid":{"rendered":"http:\/\/www.diarioimagen.net\/?p=318253"},"modified":"2017-03-26T22:25:27","modified_gmt":"2017-03-27T04:25:27","slug":"guarderias-del-imss-otorgaran-certificados-de-primer-grado-de-preescolar","status":"publish","type":"post","link":"https:\/\/www.diarioimagen.net\/?p=318253","title":{"rendered":"Guarder\u00edas dar\u00e1n certificados de primer grado de preescolar"},"content":{"rendered":"<ul>\n<li><strong><em>Ampl\u00edan programa nacional \u201cTu Receta es tu Vale\u201d<\/em><\/strong><\/li>\n<\/ul>\n<p>&nbsp;<\/p>\n<div id=\"attachment_318254\" style=\"width: 470px\" class=\"wp-caption aligncenter\"><a href=\"http:\/\/www.diarioimagen.net\/?attachment_id=318254\" rel=\"attachment wp-att-318254\"><img loading=\"lazy\" decoding=\"async\" aria-describedby=\"caption-attachment-318254\" class=\"size-large wp-image-318254\" src=\"http:\/\/www.diarioimagen.net\/wp-content\/uploads\/2017\/03\/GUARDERIAS24-portal-460x268.jpg\" alt=\"\" width=\"460\" height=\"268\" srcset=\"https:\/\/www.diarioimagen.net\/wp-content\/uploads\/2017\/03\/GUARDERIAS24-portal-460x268.jpg 460w, https:\/\/www.diarioimagen.net\/wp-content\/uploads\/2017\/03\/GUARDERIAS24-portal-240x140.jpg 240w, https:\/\/www.diarioimagen.net\/wp-content\/uploads\/2017\/03\/GUARDERIAS24-portal.jpg 480w\" sizes=\"auto, (max-width: 460px) 100vw, 460px\" \/><\/a><p id=\"caption-attachment-318254\" class=\"wp-caption-text\">Eruviel \u00c1vila Villegas firm\u00f3 un convenio de colaboraci\u00f3n con el titular del IMSS, Mikel Arriola Pe\u00f1alosa.<\/p><\/div>\n<p>&nbsp;<\/p>\n<p><strong>Toluca, Estado de M\u00e9xico<\/strong>.- El gobernador Eruviel \u00c1vila Villegas firm\u00f3 un convenio de colaboraci\u00f3n con el titular del Instituto Mexicano del Seguro Social (IMSS), Mikel Arriola Pe\u00f1alosa para validar como inicio de los estudios de preescolar el primer a\u00f1o que los peque\u00f1os pasen en guarder\u00edas del Instituto en el Edomex, acto que atestigu\u00f3 el presidente de M\u00e9xico, Enrique Pe\u00f1a Nieto.<\/p>\n<p>Este convenio, evitar\u00e1 adem\u00e1s que los padres de familia realicen un gasto extra al pagar escuelas particulares.<\/p>\n<p>\u201cA las y los peque\u00f1itos que est\u00e9n en las guarder\u00edas que coordina el IMSS, vamos a acreditarles el primer grado de preescolar, de acuerdo a la normatividad que marca la legislaci\u00f3n federal y la legislaci\u00f3n estatal.<\/p>\n<p>\u201cEs decir, ya que est\u00e1n en las guarder\u00edas del Estado de M\u00e9xico, del IMSS Estado de M\u00e9xico, pues vamos a acreditarles conforme a la ley su primer grado de preescolar, y as\u00ed podr\u00e1n entrar a los cuatro a\u00f1os al segundo grado de preescolar al sistema educativo estatal\u201d, puntualiz\u00f3 el mandatario mexiquense, en el marco de la Convenci\u00f3n Nacional de Delegaciones,\u00a0 Sectores y Ramas de la C\u00e1mara Nacional de la Industria de Transformaci\u00f3n (Canacintra).<\/p>\n<p>En este sentido, el presidente de la Rep\u00fablica, Enrique Pe\u00f1a Nieto refiri\u00f3 que a nivel nacional ya son 17 las entidades federativas que se han sumado a este programa, que permite a las familias ahorrarse costos de inscripci\u00f3n y colegiatura en otros institutos educativos, conservando los beneficios de la guarder\u00eda. El director del IMSS explic\u00f3 que con la validez del primer a\u00f1o de preescolar, se atiende la exigencia de las madres trabajadoras, quienes en ocasiones se ve\u00edan en la necesidad de pagar escuelas particulares, generando un gasto extra.<\/p>\n<p>De la misma manera, Mikel Arriola dio a conocer que para ampliar el n\u00famero de espacios disponibles en las guarder\u00edas durante este a\u00f1o y en 2018, se abrir\u00e1n 25 mil lugares a nivel nacional, lo que representa poner en funcionamiento en el Estado de M\u00e9xico cinco guarder\u00edas m\u00e1s, que atender\u00e1n a mil 200 peque\u00f1os.<\/p>\n<p>Como parte del convenio, se acord\u00f3 tambi\u00e9n ampliar el programa nacional \u201cTu Receta es tu Vale\u201d, que permitir\u00e1 a los m\u00e1s de 4.3 millones de derechohabientes de Tultitl\u00e1n, Cuautitl\u00e1n, Tlalnepantla y la regi\u00f3n de Lecher\u00eda, surtir sus recetas m\u00e9dicas en la red de farmacias del Instituto Mexicano del Seguro Social en la regi\u00f3n.<\/p>\n","protected":false},"excerpt":{"rendered":"<p>El gobernador Eruviel \u00c1vila Villegas firm\u00f3 un convenio de colaboraci\u00f3n con el titular del Instituto Mexicano del Seguro Social (IMSS), Mikel Arriola Pe\u00f1alosa para validar como inicio de los estudios de preescolar el primer a\u00f1o que los peque\u00f1os pasen en guarder\u00edas del Instituto en el Edomex, acto que atestigu\u00f3 el presidente de M\u00e9xico, Enrique Pe\u00f1a Nieto.<\/p>\n","protected":false},"author":5,"featured_media":318254,"comment_status":"open","ping_status":"open","sticky":false,"template":"","format":"standard","meta":{"_monsterinsights_skip_tracking":false,"_monsterinsights_sitenote_active":false,"_monsterinsights_sitenote_note":"","_monsterinsights_sitenote_category":0,"footnotes":""},"categories":[5],"tags":[18,5828,43675,257,452],"class_list":["post-318253","post","type-post","status-publish","format-standard","has-post-thumbnail","hentry","category-estado-de-mexico","tag-enrique-pena-nieto","tag-eruviel-avila-villegas","tag-estado-de-mexico","tag-imss","tag-toluca"],"_links":{"self":[{"href":"https:\/\/www.diarioimagen.net\/index.php?rest_route=\/wp\/v2\/posts\/318253","targetHints":{"allow":["GET"]}}],"collection":[{"href":"https:\/\/www.diarioimagen.net\/index.php?rest_route=\/wp\/v2\/posts"}],"about":[{"href":"https:\/\/www.diarioimagen.net\/index.php?rest_route=\/wp\/v2\/types\/post"}],"author":[{"embeddable":true,"href":"https:\/\/www.diarioimagen.net\/index.php?rest_route=\/wp\/v2\/users\/5"}],"replies":[{"embeddable":true,"href":"https:\/\/www.diarioimagen.net\/index.php?rest_route=%2Fwp%2Fv2%2Fcomments&post=318253"}],"version-history":[{"count":0,"href":"https:\/\/www.diarioimagen.net\/index.php?rest_route=\/wp\/v2\/posts\/318253\/revisions"}],"wp:featuredmedia":[{"embeddable":true,"href":"https:\/\/www.diarioimagen.net\/index.php?rest_route=\/wp\/v2\/media\/318254"}],"wp:attachment":[{"href":"https:\/\/www.diarioimagen.net\/index.php?rest_route=%2Fwp%2Fv2%2Fmedia&parent=318253"}],"wp:term":[{"taxonomy":"category","embeddable":true,"href":"https:\/\/www.diarioimagen.net\/index.php?rest_route=%2Fwp%2Fv2%2Fcategories&post=318253"},{"taxonomy":"post_tag","embeddable":true,"href":"https:\/\/www.diarioimagen.net\/index.php?rest_route=%2Fwp%2Fv2%2Ftags&post=318253"}],"curies":[{"name":"wp","href":"https:\/\/api.w.org\/{rel}","templated":true}]}}