{"id":318309,"date":"2017-03-24T00:07:45","date_gmt":"2017-03-24T06:07:45","guid":{"rendered":"http:\/\/www.diarioimagen.net\/?p=318309"},"modified":"2017-03-24T03:18:27","modified_gmt":"2017-03-24T09:18:27","slug":"ahorros-a-padres-en-los-costos-de-inscripcion","status":"publish","type":"post","link":"https:\/\/www.diarioimagen.net\/?p=318309","title":{"rendered":"Ahorros a padres en los costos de inscripci\u00f3n"},"content":{"rendered":"<h2>Arco Norte<\/h2>\n<h5>Jos\u00e9 Luis Monta\u00f1ez Aguilar<\/h5>\n<p>&nbsp;<\/p>\n<div id=\"attachment_318416\" style=\"width: 470px\" class=\"wp-caption aligncenter\"><a href=\"http:\/\/www.diarioimagen.net\/?attachment_id=318416\" rel=\"attachment wp-att-318416\"><img loading=\"lazy\" decoding=\"async\" aria-describedby=\"caption-attachment-318416\" class=\"size-large wp-image-318416\" src=\"http:\/\/www.diarioimagen.net\/wp-content\/uploads\/2017\/03\/arco-3085-460x259.jpg\" alt=\"\" width=\"460\" height=\"259\" srcset=\"https:\/\/www.diarioimagen.net\/wp-content\/uploads\/2017\/03\/arco-3085-460x259.jpg 460w, https:\/\/www.diarioimagen.net\/wp-content\/uploads\/2017\/03\/arco-3085-240x135.jpg 240w, https:\/\/www.diarioimagen.net\/wp-content\/uploads\/2017\/03\/arco-3085-235x132.jpg 235w, https:\/\/www.diarioimagen.net\/wp-content\/uploads\/2017\/03\/arco-3085-202x114.jpg 202w, https:\/\/www.diarioimagen.net\/wp-content\/uploads\/2017\/03\/arco-3085-350x196.jpg 350w, https:\/\/www.diarioimagen.net\/wp-content\/uploads\/2017\/03\/arco-3085-220x123.jpg 220w, https:\/\/www.diarioimagen.net\/wp-content\/uploads\/2017\/03\/arco-3085-237x132.jpg 237w, https:\/\/www.diarioimagen.net\/wp-content\/uploads\/2017\/03\/arco-3085.jpg 480w\" sizes=\"auto, (max-width: 460px) 100vw, 460px\" \/><\/a><p id=\"caption-attachment-318416\" class=\"wp-caption-text\">Eruviel \u00c1vila \u2022 Toma de Protesta Consejo Directivo Nacional de la Canacintra.<\/p><\/div>\n<p>&nbsp;<\/p>\n<p>Eruviel \u00c1vila firm\u00f3 un convenio de colaboraci\u00f3n con el director del IMSS, Mikel Arriola para validar como inicio de los estudios de preescolar el primer a\u00f1o que los peque\u00f1os pasen en guarder\u00edas del Instituto en el Estado de M\u00e9xico.<\/p>\n<p>El acuerdo evitar\u00e1 que los padres de familia realicen un gasto extra al pagar escuelas particulares.Al respecto, Enrique Pe\u00f1a, presidente de la Rep\u00fablica, mencion\u00f3 que a nivel nacional ya son 17 las entidades federativas que se han sumado a este programa, que permite a las familias ahorrarse costos de inscripci\u00f3n y colegiatura en otros institutos educativos, conservando los beneficios de la guarder\u00eda.<\/p>\n<p>Por su parte, Mikel Arriola explic\u00f3 que con la validez del primer a\u00f1o de preescolar, se atiende la exigencia de las madres trabajadoras, quienes en ocasiones se ve\u00edan en la necesidad de pagar escuelas particulares, generando un gasto extra.<\/p>\n<p>Tambi\u00e9n dio a conocer que para ampliar el n\u00famero de espacios disponibles en las guarder\u00edas este a\u00f1o y en 2018, se abrir\u00e1n 25 mil lugares a nivel nacional, lo que representa poner en funcionamiento en la entidad cinco guarder\u00edas.<\/p>\n<p style=\"text-align: center;\"><strong>Inician obras p\u00fablicas en localidades de Zinacantepec<\/strong><\/p>\n<p>Con el prop\u00f3sito de atender las necesidades de la poblaci\u00f3n a trav\u00e9s del mejoramiento de servicios p\u00fablicos en diversas comunidades de Zinancatepec, Carolina Alan\u00eds Moreno, directora general del DIFEM, y presidenta del Gabinete Regional XVII, encabez\u00f3 el inicio de obras de electrificaci\u00f3n, colocaci\u00f3n de pavimento, as\u00ed como la construcci\u00f3n de drenaje y un colector hidr\u00e1ulico para prevenir inundaciones en temporada de lluvias.<\/p>\n<p>Acompa\u00f1ada por Manuel Castrej\u00f3n Morales e integrantes del cuerpo edilicio, Alan\u00eds Moreno visit\u00f3 las localidades barrio de Veracruz, San Miguel, La Deportiva, Emiliano Zapata y La Joya, donde destac\u00f3 que gracias a la coordinaci\u00f3n de los tres \u00f3rdenes de gobierno, as\u00ed como de la participaci\u00f3n comunitaria, en este municipio\u00a0 se han puesto en marcha diversas obras y acciones en cada una de las 48 colonias que conforman esta demarcaci\u00f3n.<\/p>\n<p>\u201cPara el gobernador Eruviel \u00c1vila Villegas, desde el inicio de su administraci\u00f3n, el bienestar de los mexiquenses ha sido una de sus prioridades, en el caso de Zinacantepec destacan obras como la Unidad de Estudios Superiores, la construcci\u00f3n del Tren Interurbano, la Plaza Estado de M\u00e9xico y la pr\u00f3xima puesta en marcha del Hospital Regional\u201d, subray\u00f3.<\/p>\n<p>En este municipio, Carolina Alan\u00eds invit\u00f3 a las familias a disfrutar el pr\u00f3ximo 25 de marzo a las 7 de la noche, de la gira m\u00f3vil \u201cCine, V\u00edvelo Diferente\u201d, que el DIFEM ofrece a trav\u00e9s de diversas cintas animadas a m\u00e1s de 17 mil personas de 17 comunidades vulnerables de Toluca, Almoloya de Ju\u00e1rez y Zinacantepec, con el prop\u00f3sito de acercar esta experiencia y propiciar la convivencia familiar.<\/p>\n<p>Manuel Castrej\u00f3n Morales invit\u00f3 a la ciudadan\u00eda a mantener la unidad y la organizaci\u00f3n comunitaria para continuar gestionando respuesta a sus necesidades, en un marco de corresponsabilidad entre los tres \u00f3rdenes de gobierno y la participaci\u00f3n de las familias de este municipio, pues afirm\u00f3 que s\u00f3lo de esta manera se tendr\u00e1n los logros y una mejor calidad de vida.<\/p>\n<p><em><a href=\"mailto:montanezaguilar@gmail.com\" target=\"_blank\">montanezaguilar@gmail.com<\/a><\/em><\/p>\n","protected":false},"excerpt":{"rendered":"<p><span style=\"color: #005497;\">Jos\u00e9 Luis Monta\u00f1ez Aguilar<\/span><br \/>\n<br \/>\nEruviel \u00c1vila firm\u00f3 un convenio de colaboraci\u00f3n con el director del IMSS, Mikel Arriola para validar como inicio de los estudios de preescolar el primer a\u00f1o que los peque\u00f1os pasen en guarder\u00edas del Instituto en el Estado de M\u00e9xico.<\/p>\n","protected":false},"author":3,"featured_media":318416,"comment_status":"open","ping_status":"open","sticky":false,"template":"","format":"standard","meta":{"_monsterinsights_skip_tracking":false,"_monsterinsights_sitenote_active":false,"_monsterinsights_sitenote_note":"","_monsterinsights_sitenote_category":0,"footnotes":""},"categories":[35155],"tags":[13284,43704,43674],"class_list":["post-318309","post","type-post","status-publish","format-standard","has-post-thumbnail","hentry","category-estado-de-mexico-estado-de-mexico","tag-arco-norte","tag-jose-luis-montanez-aguilar","tag-opinion"],"_links":{"self":[{"href":"https:\/\/www.diarioimagen.net\/index.php?rest_route=\/wp\/v2\/posts\/318309","targetHints":{"allow":["GET"]}}],"collection":[{"href":"https:\/\/www.diarioimagen.net\/index.php?rest_route=\/wp\/v2\/posts"}],"about":[{"href":"https:\/\/www.diarioimagen.net\/index.php?rest_route=\/wp\/v2\/types\/post"}],"author":[{"embeddable":true,"href":"https:\/\/www.diarioimagen.net\/index.php?rest_route=\/wp\/v2\/users\/3"}],"replies":[{"embeddable":true,"href":"https:\/\/www.diarioimagen.net\/index.php?rest_route=%2Fwp%2Fv2%2Fcomments&post=318309"}],"version-history":[{"count":0,"href":"https:\/\/www.diarioimagen.net\/index.php?rest_route=\/wp\/v2\/posts\/318309\/revisions"}],"wp:featuredmedia":[{"embeddable":true,"href":"https:\/\/www.diarioimagen.net\/index.php?rest_route=\/wp\/v2\/media\/318416"}],"wp:attachment":[{"href":"https:\/\/www.diarioimagen.net\/index.php?rest_route=%2Fwp%2Fv2%2Fmedia&parent=318309"}],"wp:term":[{"taxonomy":"category","embeddable":true,"href":"https:\/\/www.diarioimagen.net\/index.php?rest_route=%2Fwp%2Fv2%2Fcategories&post=318309"},{"taxonomy":"post_tag","embeddable":true,"href":"https:\/\/www.diarioimagen.net\/index.php?rest_route=%2Fwp%2Fv2%2Ftags&post=318309"}],"curies":[{"name":"wp","href":"https:\/\/api.w.org\/{rel}","templated":true}]}}