{"id":318322,"date":"2017-03-24T00:05:58","date_gmt":"2017-03-24T06:05:58","guid":{"rendered":"http:\/\/www.diarioimagen.net\/?p=318322"},"modified":"2017-03-24T03:23:06","modified_gmt":"2017-03-24T09:23:06","slug":"presenta-metepec-informe-anual-de-actividades-de-la-defensoria-municipal-de-los-dh","status":"publish","type":"post","link":"https:\/\/www.diarioimagen.net\/?p=318322","title":{"rendered":"Presenta Metepec informe anual de actividades de la Defensor\u00eda Municipal de los DH"},"content":{"rendered":"<p><a href=\"http:\/\/www.diarioimagen.net\/?attachment_id=318422\" rel=\"attachment wp-att-318422\"><img loading=\"lazy\" decoding=\"async\" class=\"aligncenter size-large wp-image-318422\" src=\"http:\/\/www.diarioimagen.net\/wp-content\/uploads\/2017\/03\/METEPEC-3085-460x259.jpg\" alt=\"\" width=\"460\" height=\"259\" srcset=\"https:\/\/www.diarioimagen.net\/wp-content\/uploads\/2017\/03\/METEPEC-3085-460x259.jpg 460w, https:\/\/www.diarioimagen.net\/wp-content\/uploads\/2017\/03\/METEPEC-3085-240x135.jpg 240w, https:\/\/www.diarioimagen.net\/wp-content\/uploads\/2017\/03\/METEPEC-3085-235x132.jpg 235w, https:\/\/www.diarioimagen.net\/wp-content\/uploads\/2017\/03\/METEPEC-3085-202x114.jpg 202w, https:\/\/www.diarioimagen.net\/wp-content\/uploads\/2017\/03\/METEPEC-3085-350x196.jpg 350w, https:\/\/www.diarioimagen.net\/wp-content\/uploads\/2017\/03\/METEPEC-3085-220x123.jpg 220w, https:\/\/www.diarioimagen.net\/wp-content\/uploads\/2017\/03\/METEPEC-3085-237x132.jpg 237w, https:\/\/www.diarioimagen.net\/wp-content\/uploads\/2017\/03\/METEPEC-3085.jpg 480w\" sizes=\"auto, (max-width: 460px) 100vw, 460px\" \/><\/a><\/p>\n<p>&nbsp;<\/p>\n<p><strong>Metepec, Estado de M\u00e9xico.-<\/strong> La Defensor\u00eda Municipal de los Derechos Humanos, llev\u00f3 a cabo la presentaci\u00f3n del informe anual de actividades, en el que destac\u00f3 las acciones primordiales del trabajo en la promoci\u00f3n, difusi\u00f3n y educaci\u00f3n en materia de derechos humanos.<\/p>\n<p>En el acto que dio cumplimiento al art\u00edculo 147 de la Ley Org\u00e1nica Municipal del Estado de M\u00e9xico, el alcalde David L\u00f3pez C\u00e1rdenas reconoci\u00f3 el importante trabajo que ha realizado la Defensor\u00eda a lo largo del a\u00f1o, priorizando la labor que se ha hecho en las escuelas, puesto que es trascendental que desde temprana edad, los habitantes conozcan y hagan valer sus derechos humanos.<\/p>\n","protected":false},"excerpt":{"rendered":"<p>La Defensor\u00eda Municipal de los Derechos Humanos, llev\u00f3 a cabo la presentaci\u00f3n del informe anual de actividades, en el que destac\u00f3 las acciones primordiales del trabajo en la promoci\u00f3n, difusi\u00f3n y educaci\u00f3n en materia de derechos humanos.<\/p>\n","protected":false},"author":3,"featured_media":318422,"comment_status":"open","ping_status":"open","sticky":false,"template":"","format":"standard","meta":{"_monsterinsights_skip_tracking":false,"_monsterinsights_sitenote_active":false,"_monsterinsights_sitenote_note":"","_monsterinsights_sitenote_category":0,"footnotes":""},"categories":[35155],"tags":[43675,876],"class_list":["post-318322","post","type-post","status-publish","format-standard","has-post-thumbnail","hentry","category-estado-de-mexico-estado-de-mexico","tag-estado-de-mexico","tag-metepec"],"_links":{"self":[{"href":"https:\/\/www.diarioimagen.net\/index.php?rest_route=\/wp\/v2\/posts\/318322","targetHints":{"allow":["GET"]}}],"collection":[{"href":"https:\/\/www.diarioimagen.net\/index.php?rest_route=\/wp\/v2\/posts"}],"about":[{"href":"https:\/\/www.diarioimagen.net\/index.php?rest_route=\/wp\/v2\/types\/post"}],"author":[{"embeddable":true,"href":"https:\/\/www.diarioimagen.net\/index.php?rest_route=\/wp\/v2\/users\/3"}],"replies":[{"embeddable":true,"href":"https:\/\/www.diarioimagen.net\/index.php?rest_route=%2Fwp%2Fv2%2Fcomments&post=318322"}],"version-history":[{"count":0,"href":"https:\/\/www.diarioimagen.net\/index.php?rest_route=\/wp\/v2\/posts\/318322\/revisions"}],"wp:featuredmedia":[{"embeddable":true,"href":"https:\/\/www.diarioimagen.net\/index.php?rest_route=\/wp\/v2\/media\/318422"}],"wp:attachment":[{"href":"https:\/\/www.diarioimagen.net\/index.php?rest_route=%2Fwp%2Fv2%2Fmedia&parent=318322"}],"wp:term":[{"taxonomy":"category","embeddable":true,"href":"https:\/\/www.diarioimagen.net\/index.php?rest_route=%2Fwp%2Fv2%2Fcategories&post=318322"},{"taxonomy":"post_tag","embeddable":true,"href":"https:\/\/www.diarioimagen.net\/index.php?rest_route=%2Fwp%2Fv2%2Ftags&post=318322"}],"curies":[{"name":"wp","href":"https:\/\/api.w.org\/{rel}","templated":true}]}}