{"id":318336,"date":"2017-03-24T00:09:16","date_gmt":"2017-03-24T06:09:16","guid":{"rendered":"http:\/\/www.diarioimagen.net\/?p=318336"},"modified":"2017-03-24T03:54:44","modified_gmt":"2017-03-24T09:54:44","slug":"gem-si-puede-normar-uso-de-fuerza-publica-declara-scjn","status":"publish","type":"post","link":"https:\/\/www.diarioimagen.net\/?p=318336","title":{"rendered":"GEM s\u00ed puede normar uso de fuerza p\u00fablica, declara SCJN"},"content":{"rendered":"<ul>\n<li><strong><em>\u201cLey Atenco\u201d<\/em><\/strong><\/li>\n<\/ul>\n<p>&nbsp;<\/p>\n<p><a href=\"http:\/\/www.diarioimagen.net\/?attachment_id=318441\" rel=\"attachment wp-att-318441\"><img loading=\"lazy\" decoding=\"async\" class=\"aligncenter size-large wp-image-318441\" src=\"http:\/\/www.diarioimagen.net\/wp-content\/uploads\/2017\/03\/suprema-3085-460x259.jpg\" alt=\"\" width=\"460\" height=\"259\" srcset=\"https:\/\/www.diarioimagen.net\/wp-content\/uploads\/2017\/03\/suprema-3085-460x259.jpg 460w, https:\/\/www.diarioimagen.net\/wp-content\/uploads\/2017\/03\/suprema-3085-240x135.jpg 240w, https:\/\/www.diarioimagen.net\/wp-content\/uploads\/2017\/03\/suprema-3085-235x132.jpg 235w, https:\/\/www.diarioimagen.net\/wp-content\/uploads\/2017\/03\/suprema-3085-202x114.jpg 202w, https:\/\/www.diarioimagen.net\/wp-content\/uploads\/2017\/03\/suprema-3085-350x196.jpg 350w, https:\/\/www.diarioimagen.net\/wp-content\/uploads\/2017\/03\/suprema-3085-220x123.jpg 220w, https:\/\/www.diarioimagen.net\/wp-content\/uploads\/2017\/03\/suprema-3085-237x132.jpg 237w, https:\/\/www.diarioimagen.net\/wp-content\/uploads\/2017\/03\/suprema-3085.jpg 480w\" sizes=\"auto, (max-width: 460px) 100vw, 460px\" \/><\/a><\/p>\n<p>&nbsp;<\/p>\n<p>La Suprema Corte de Justicia aval\u00f3 la facultad del gobernador del Estado de M\u00e9xico para dictar planes de actuaci\u00f3n de la fuerza p\u00fablica ante manifestaciones o reuniones en lugares p\u00fablicos.<\/p>\n<p>Por 6 votos contra 4, el Pleno de la Corte declar\u00f3 constitucional el art\u00edculo 39 de la Ley que Regula el Uso de la Fuerza P\u00fablica, conocida como Ley Atenco.<\/p>\n<p>\u00abLos planes, estrategias y programas para actuar frente a asambleas, manifestaciones o reuniones que se realizan en lugares p\u00fablicos deber\u00e1n determinarse conforme al Reglamento\u00bb, dice el art\u00edculo.<\/p>\n<p>La mayor\u00eda enfatiz\u00f3 que los detalles sobre protocolos de actuaci\u00f3n de las fuerzas de seguridad no pueden estar previstos en una ley, que por definici\u00f3n es abstracta y general.<\/p>\n<p>\u00abCada operativo responde a las circunstancias espec\u00edficas del caso\u00bb, afirm\u00f3 el autor del proyecto de sentencia, Alberto P\u00e9rez Day\u00e1n. El bloque de ministros que sistem\u00e1ticamente ha votado por invalidar esta ley tambi\u00e9n se opuso al art\u00edculo 39.<\/p>\n<p>\u00abTodo lo que tendr\u00eda que estar en ley para evitar abuso y arbitrariedad, y evitar violencia en el manejo de una manifestaci\u00f3n, no solo no est\u00e1 en la ley, sino que la ley remite a un Reglamento\u00bb que expide el Ejecutivo, dijo Arturo Zald\u00edvar.<\/p>\n<p>Los art\u00edculos 14 al 16 de la ley, impugnados por las comisiones de Derechos Humanos Nacional y del Edomex, tambi\u00e9n fueron revisados, pero no se alcanzaron los ocho votos necesarios para invalidar alguno de ellos.<\/p>\n<p>Estos art\u00edculos facultan a la autoridad para determinar que una manifestaci\u00f3n es ilegal si hay personas armadas, para restablecer la paz social mediante el control de multitudes y disturbios, y para que sea el mando a cargo del operativo el que decida si se usa la fuerza, bajo su estricta responsabilidad y con aviso inmediato a su superior.<\/p>\n","protected":false},"excerpt":{"rendered":"<p>La Suprema Corte de Justicia aval\u00f3 la facultad del gobernador del Estado de M\u00e9xico para dictar planes de actuaci\u00f3n de la fuerza p\u00fablica ante manifestaciones o reuniones en lugares p\u00fablicos. Por 6 votos contra 4, el Pleno de la Corte declar\u00f3 constitucional el art\u00edculo 39 de la Ley que Regula el Uso de la Fuerza P\u00fablica, conocida como Ley Atenco.<\/p>\n","protected":false},"author":3,"featured_media":318441,"comment_status":"open","ping_status":"open","sticky":false,"template":"","format":"standard","meta":{"_monsterinsights_skip_tracking":false,"_monsterinsights_sitenote_active":false,"_monsterinsights_sitenote_note":"","_monsterinsights_sitenote_category":0,"footnotes":""},"categories":[5],"tags":[43675,46604,2852,1584],"class_list":["post-318336","post","type-post","status-publish","format-standard","has-post-thumbnail","hentry","category-estado-de-mexico","tag-estado-de-mexico","tag-fuerza-publica","tag-scjn","tag-suprema-corte-de-justicia-de-la-nacion"],"_links":{"self":[{"href":"https:\/\/www.diarioimagen.net\/index.php?rest_route=\/wp\/v2\/posts\/318336","targetHints":{"allow":["GET"]}}],"collection":[{"href":"https:\/\/www.diarioimagen.net\/index.php?rest_route=\/wp\/v2\/posts"}],"about":[{"href":"https:\/\/www.diarioimagen.net\/index.php?rest_route=\/wp\/v2\/types\/post"}],"author":[{"embeddable":true,"href":"https:\/\/www.diarioimagen.net\/index.php?rest_route=\/wp\/v2\/users\/3"}],"replies":[{"embeddable":true,"href":"https:\/\/www.diarioimagen.net\/index.php?rest_route=%2Fwp%2Fv2%2Fcomments&post=318336"}],"version-history":[{"count":0,"href":"https:\/\/www.diarioimagen.net\/index.php?rest_route=\/wp\/v2\/posts\/318336\/revisions"}],"wp:featuredmedia":[{"embeddable":true,"href":"https:\/\/www.diarioimagen.net\/index.php?rest_route=\/wp\/v2\/media\/318441"}],"wp:attachment":[{"href":"https:\/\/www.diarioimagen.net\/index.php?rest_route=%2Fwp%2Fv2%2Fmedia&parent=318336"}],"wp:term":[{"taxonomy":"category","embeddable":true,"href":"https:\/\/www.diarioimagen.net\/index.php?rest_route=%2Fwp%2Fv2%2Fcategories&post=318336"},{"taxonomy":"post_tag","embeddable":true,"href":"https:\/\/www.diarioimagen.net\/index.php?rest_route=%2Fwp%2Fv2%2Ftags&post=318336"}],"curies":[{"name":"wp","href":"https:\/\/api.w.org\/{rel}","templated":true}]}}