{"id":318390,"date":"2017-03-24T00:02:41","date_gmt":"2017-03-24T06:02:41","guid":{"rendered":"http:\/\/www.diarioimagen.net\/?p=318390"},"modified":"2017-03-24T02:51:33","modified_gmt":"2017-03-24T08:51:33","slug":"caceria-de-uber-genera-100-mdp-en-q-roo","status":"publish","type":"post","link":"https:\/\/www.diarioimagen.net\/?p=318390","title":{"rendered":"Cacer\u00eda de Uber genera 100 mdp en Q. Roo"},"content":{"rendered":"<h2>\u201cHora 14\u201d<\/h2>\n<h5>Mauricio Conde Olivares<\/h5>\n<p>&nbsp;<\/p>\n<p>En Canc\u00fan la sociedad civil organizada se ha divorciado de la c\u00fapula empresarial con motivo de la prevaleciente inseguridad p\u00fablica, de ah\u00ed que los consejeros en pleno de la asociaci\u00f3n \u00c1ngel Ciudadano Quintana Roo A.C., y de la agrupaci\u00f3n Ciudadanos Unidos informaron que no avalan ni participar\u00e1n en la actual mesa de seguridad propuesta en el Consejo Coordinador Empresarial del Caribe y por personas ajenas a esas organizaciones, bajo el supuesto que ponen en riesgo la autonom\u00eda y legitimidad de las mismas.<\/p>\n<p>As\u00ed lo destac\u00f3 Hern\u00e1n Cordero Galindo al subrayar que despu\u00e9s de una trayectoria de m\u00e1s de 10 a\u00f1os atendiendo v\u00edctimas; de ser la \u00fanica agrupaci\u00f3n ciudadana de participaci\u00f3n en seguridad y justicia en Quintana Roo y de luchar ante las autoridades para instalar ministerios p\u00fablicos especiales, para denuncias ciudadanas y mesas de seguridad y justicia, con la \u00fanica convicci\u00f3n de mejorar nuestro entorno, \u201cno avalaremos que un grupo de empresarios condicione la mesa a su participaci\u00f3n y control de acuerdo con el gobierno, pues la mesa perder\u00eda su total autonom\u00eda\u201d.<\/p>\n<p>El gobierno, dijo el representante de estos organismos ciudadanos, debe estar convencido que ante la urgencia en el tema, se debe sumar la poblaci\u00f3n con un organismo aut\u00e9nticamente ciudadano y no controlado; en s\u00edntesis sumar, incluir.<\/p>\n<p>Deben en la mesa estar todos los sectores en la materia sin discriminaci\u00f3n alguna, propuso. \u201cEsperamos tambi\u00e9n que el gobernador cumpla su palabra empe\u00f1ada en el acuerdo firmado con nuestras organizaciones y con varias c\u00e1maras y organismos ciudadanos que dieron testimonio para integrar la mesa\u201d, expuso.<\/p>\n<p>M\u00e9xico SOS a quien estamos ligados desde hace muchos a\u00f1os, explic\u00f3, a\u00fan no ha sostenido reuni\u00f3n con nuestras autoridades ni ha firmado ning\u00fan compromiso, excepto el firmado junto con nosotros y con el gobernador Carlos Joaqu\u00edn Gonz\u00e1lez.<\/p>\n<p>Ante la evidente y amenazante inseguridad que ya sufrimos, es la autoridad la que debe dar ejemplo de uni\u00f3n y solidaridad, afirm\u00f3 Cordero Galindo. \u201cY la de la ciudadan\u00eda de buscar el inter\u00e9s colectivo y no personal\u201d, puntualiz\u00f3.<\/p>\n<p>Por otra parte, d\u00e9jeme contarle que en tan solo seis meses, la Secretar\u00eda de Infraestructura y Transporte del estado de Quintana Roo ha recaudado m\u00e1s de 100 millones de pesos como resultado de la cacer\u00eda contra los socios conductores de Uber, quienes ahora son v\u00edctimas de golpeadores profesionales en una persecuci\u00f3n auspiciada por los taxistas locales y tolerada por las autoridades.<\/p>\n<p>M\u00e1s grave a\u00fan, la Sintra ha pasado por encima de la seguridad de los conductores, cancunenses y turistas, pues en su af\u00e1n de perseguir y detener todos los coches activos en Uber, as\u00ed como proteger a un sector minoritario, iniciaron una ola de violencia que ha derivado en 22 denuncias penales y 3 denuncias ante la Comisi\u00f3n de Derechos Humanos de Quintana Roo interpuestas por los propios socios conductores<\/p>\n<p>Lamentablemente Canc\u00fan es la ciudad en M\u00e9xico donde m\u00e1s violencia y decomisos han enfrentado los socios conductores. A pesar de la aceptaci\u00f3n que tiene Uber en Canc\u00fan por parte de ciudadanos, turistas, empresarios y hoteleros, la Sintra ha decomisado m\u00e1s de mil 750 coches activos en la plataforma, con lo que ha obtenido ingresos que al d\u00eda de hoy no se han comunicado a la poblaci\u00f3n.<\/p>\n<p>Por eso acusan a las autoridades de velar por sus propios intereses dejando olvidada a la ciudadan\u00eda. En un mundo donde la tecnolog\u00eda debe estar al alcance de todos, prohibirla o limitarla es ir en contra del desarrollo, y peor a\u00fan en una ciudad como Canc\u00fan que es una plataforma de M\u00e9xico hacia el mundo. Por eso reiter\u00f3 Uber su disposici\u00f3n a colaborar y dialogar con autoridades en beneficio de los ciudadanos y turistas.<\/p>\n<p>Hablando en terrenos de la tecnolog\u00eda, advierte Erik Brynjolfsson, director de la Iniciativa del MIT sobre Econom\u00eda Digital que \u201cla productividad se encuentra en niveles sin precedente, la innovaci\u00f3n nunca ha sido m\u00e1s r\u00e1pida y, al mismo tiempo, el ingreso medio y los empleos decaen\u201d.<\/p>\n<p>La gente \u2013a\u00f1adi\u00f3- se queda atr\u00e1s porque la tecnolog\u00eda avanza demasiado r\u00e1pido y nuestras habilidades y organizaciones no se mantienen a la altura\u201d. Es, dice, \u201cla gran paradoja de nuestra \u00e9poca\u201d. Esta tendencia no har\u00e1 m\u00e1s que intensificarse a menos que surjan nuevas soluciones.<\/p>\n<p>La IDE del MIT cree que las soluciones impulsadas por la tecnolog\u00eda empoderar\u00e1n a la gente para participar de manera m\u00e1s completa en nuestra econom\u00eda digital en r\u00e1pida evoluci\u00f3n, lo que aumentar\u00e1 los ingresos y asegurar\u00e1 oportunidades laborales.<\/p>\n<p>Para recompensar y facilitar estas soluciones inventivas durante esta \u00e9poca de cambios sin precedentes, la IDE del MIT present\u00f3 el Desaf\u00edo de la Innovaci\u00f3n Inclusiva (Inclusive Innovation Challenge, IIC).<\/p>\n<p>Despu\u00e9s de un exitoso primer a\u00f1o con casi 300 postulantes de todo el mundo, se ha lanzado el segundo a\u00f1o del IIC. La inscripci\u00f3n ya est\u00e1 abierta MITinclusiveinnovation.com donde el ICC otorgar\u00e1 m\u00e1s de 1 mill\u00f3n de d\u00f3lares a \u201clos superh\u00e9roes de la innovaci\u00f3n inclusiva\u201d, es decir, las organizaciones que usan la tecnolog\u00eda para reinventar el futuro del trabajo y crear una econom\u00eda m\u00e1s equitativa. Se incentiva la participaci\u00f3n de las organizaciones con fines de lucro y sin ellos de cualquier tama\u00f1o, antig\u00fcedad, tipo y nacionalidad.<\/p>\n<p>Las categor\u00edas de premios de este a\u00f1o son las siguientes: Desarrollo de habilidades y concreci\u00f3n de oportunidades; Crecimiento de los ingresos y creaci\u00f3n de empleo; Acceso a la tecnolog\u00eda, e Inclusi\u00f3n financiera.<\/p>\n<p>M\u00e1s de 100 jueces y un panel de especialistas elegir\u00e1n a los 16 ganadores de las organizaciones que se hayan presentado.<\/p>\n<p>As\u00ed, cuatro ganadores de grandes premios recibir\u00e1n 150 mil d\u00f3lares cada uno; y doce ganadores recibir\u00e1n 35 mil d\u00f3lares cada uno.<\/p>\n<p>Los postulantes tienen tiempo para inscribirse hasta el 7 de junio de 2017 y de presentar postulaciones hasta el 21 de junio de 2017 cuando finalice el Desaf\u00edo.<\/p>\n<p>Los ganadores ser\u00e1n anunciados durante la Boston\u2019s HUBweek (hubweekboston.com) el 12 de octubre de 2017 en un evento de alta visibilidad. El Desaf\u00edo cuenta con financiamiento de The Rockefeller Foundation, The Joyce Foundation, Joseph Eastin, ISN\u00ae y Google.org.<\/p>\n<p>Forme parte de esta iniciativa. Para participar como juez, auspiciante o socio de comunicaciones, o para proponer a una organizaci\u00f3n, escriba a iic@mit.edu. Para inscribirse o recibir las \u00faltimas novedades, visite MITinclusiveinnovation.com; pero lo anterior ser\u00e1 motivo de posterior an\u00e1lisis en otra entrega de <strong><em>Hora 14<\/em><\/strong>.<\/p>\n<p><em><a href=\"mailto:%20mauricio_conde@msn.com\" target=\"_blank\">mauricio_conde@msn.com<\/a><\/em><\/p>\n","protected":false},"excerpt":{"rendered":"<p><span style=\"color: #005497;\"><strong>Mauricio Conde Olivares<\/strong><\/span><\/p>\n","protected":false},"author":3,"featured_media":0,"comment_status":"open","ping_status":"open","sticky":false,"template":"","format":"standard","meta":{"_monsterinsights_skip_tracking":false,"_monsterinsights_sitenote_active":false,"_monsterinsights_sitenote_note":"","_monsterinsights_sitenote_category":0,"footnotes":""},"categories":[35889],"tags":[43712,43674,44860],"class_list":["post-318390","post","type-post","status-publish","format-standard","hentry","category-mauricio-conde-olivares","tag-mauricio-conde-olivares","tag-opinion","tag-hora-14"],"_links":{"self":[{"href":"https:\/\/www.diarioimagen.net\/index.php?rest_route=\/wp\/v2\/posts\/318390","targetHints":{"allow":["GET"]}}],"collection":[{"href":"https:\/\/www.diarioimagen.net\/index.php?rest_route=\/wp\/v2\/posts"}],"about":[{"href":"https:\/\/www.diarioimagen.net\/index.php?rest_route=\/wp\/v2\/types\/post"}],"author":[{"embeddable":true,"href":"https:\/\/www.diarioimagen.net\/index.php?rest_route=\/wp\/v2\/users\/3"}],"replies":[{"embeddable":true,"href":"https:\/\/www.diarioimagen.net\/index.php?rest_route=%2Fwp%2Fv2%2Fcomments&post=318390"}],"version-history":[{"count":0,"href":"https:\/\/www.diarioimagen.net\/index.php?rest_route=\/wp\/v2\/posts\/318390\/revisions"}],"wp:attachment":[{"href":"https:\/\/www.diarioimagen.net\/index.php?rest_route=%2Fwp%2Fv2%2Fmedia&parent=318390"}],"wp:term":[{"taxonomy":"category","embeddable":true,"href":"https:\/\/www.diarioimagen.net\/index.php?rest_route=%2Fwp%2Fv2%2Fcategories&post=318390"},{"taxonomy":"post_tag","embeddable":true,"href":"https:\/\/www.diarioimagen.net\/index.php?rest_route=%2Fwp%2Fv2%2Ftags&post=318390"}],"curies":[{"name":"wp","href":"https:\/\/api.w.org\/{rel}","templated":true}]}}