{"id":318535,"date":"2017-03-27T00:07:16","date_gmt":"2017-03-27T06:07:16","guid":{"rendered":"http:\/\/www.diarioimagen.net\/?p=318535"},"modified":"2017-03-27T04:23:14","modified_gmt":"2017-03-27T10:23:14","slug":"9-de-cada-10-mexiquenses-con-acceso-a-servicios-basicos","status":"publish","type":"post","link":"https:\/\/www.diarioimagen.net\/?p=318535","title":{"rendered":"9 de cada 10 mexiquenses con acceso a servicios b\u00e1sicos"},"content":{"rendered":"<h2>Arco Norte<\/h2>\n<h5>Jos\u00e9 Luis Monta\u00f1ez Aguilar<\/h5>\n<p>&nbsp;<\/p>\n<p><a href=\"http:\/\/www.diarioimagen.net\/?attachment_id=318633\" rel=\"attachment wp-att-318633\"><img loading=\"lazy\" decoding=\"async\" class=\"aligncenter size-large wp-image-318633\" src=\"http:\/\/www.diarioimagen.net\/wp-content\/uploads\/2017\/03\/arco-3086-460x259.jpg\" alt=\"\" width=\"460\" height=\"259\" srcset=\"https:\/\/www.diarioimagen.net\/wp-content\/uploads\/2017\/03\/arco-3086-460x259.jpg 460w, https:\/\/www.diarioimagen.net\/wp-content\/uploads\/2017\/03\/arco-3086-240x135.jpg 240w, https:\/\/www.diarioimagen.net\/wp-content\/uploads\/2017\/03\/arco-3086-235x132.jpg 235w, https:\/\/www.diarioimagen.net\/wp-content\/uploads\/2017\/03\/arco-3086-202x114.jpg 202w, https:\/\/www.diarioimagen.net\/wp-content\/uploads\/2017\/03\/arco-3086-350x196.jpg 350w, https:\/\/www.diarioimagen.net\/wp-content\/uploads\/2017\/03\/arco-3086-220x123.jpg 220w, https:\/\/www.diarioimagen.net\/wp-content\/uploads\/2017\/03\/arco-3086-237x132.jpg 237w, https:\/\/www.diarioimagen.net\/wp-content\/uploads\/2017\/03\/arco-3086.jpg 480w\" sizes=\"auto, (max-width: 460px) 100vw, 460px\" \/><\/a><\/p>\n<p>&nbsp;<\/p>\n<p>De acuerdo con el Consejo Nacional de Evaluaci\u00f3n de la Pol\u00edtica de Desarrollo Social (Coneval), Eruviel \u00c1vila Villegas destac\u00f3 que en el Estado de M\u00e9xico, en un periodo de cinco a\u00f1os, 2.8 millones de personas m\u00e1s cuentan con seguridad alimentaria y al cierre del a\u00f1o 2015, 1.6 millones de mexiquenses m\u00e1s que en 2010 tienen acceso a la alimentaci\u00f3n.<\/p>\n<p>En el marco de la incorporaci\u00f3n al Programa Prospera de m\u00e1s de 2 mil familias mexiquenses, realizado en el Centro de Convenciones y Exposiciones Toluca, Eruviel \u00c1vila detall\u00f3 que 14.8 millones de mexiquenses\u00a0 est\u00e1n afiliados a alg\u00fan servicio de salud; 3.4 millones m\u00e1s que en 2010 y se encuentran inscritos al Seguro Popular e IMSS 4 millones de personas m\u00e1s.<\/p>\n<p>Los avances tambi\u00e9n incluyen el rengl\u00f3n de vivienda digna, a\u00f1adi\u00f3 Eruviel \u00c1vila, al informar que actualmente, nueve de cada 10 mexiquenses tienen acceso a servicios b\u00e1sicos en su casa habitaci\u00f3n y el porcentaje de poblaci\u00f3n que no dispone de servicios b\u00e1sicos en la vivienda se redujo de 16 a 10 por ciento en los \u00faltimos seis a\u00f1os.<\/p>\n<p>El mandatario destac\u00f3 que en el rubro educativo, el gobierno estatal ha emprendido una pol\u00edtica de inclusi\u00f3n, ya que 85 de cada 100 mexiquenses tienen acceso al estudio y m\u00e1s de 400 mil personas que en su momento no acabaron la primaria, la pudieron terminar en 2015.<\/p>\n<p style=\"text-align: center;\"><strong>Inicia Semana Nacional de Vacunaci\u00f3n Antirr\u00e1bica <\/strong><\/p>\n<p>Desde este domingo y hasta el 1 de abril se llevar\u00e1 a cabo la Semana Nacional de Vacunaci\u00f3n Antirr\u00e1bica Canina y Felina en la que se aplicar\u00e1n 2 millones 672 mil 600 dosis, para mantener la eliminaci\u00f3n de la transmisi\u00f3n de la rabia en el Edomex.<\/p>\n<p>El secretario de Salud, C\u00e9sar G\u00f3mez Monge, inform\u00f3 que 5 mil 385 brigadas recorrer\u00e1n las comunidades para vacunar gratuitamente a perros y gatos, adem\u00e1s de que se instalar\u00e1n mil 802 puestos en plazas, kioscos, escuelas y centros de salud del ISEM.<\/p>\n<p>El funcionario indic\u00f3 que como resultado de \u00e9stas acciones y las jornadas de vacunaci\u00f3n y esterilizaci\u00f3n permanentes, desde hace 10 a\u00f1os no se presenten casos de rabia en humanos y desde 2013 en caninos y felinos.<\/p>\n<p>G\u00f3mez Monge invit\u00f3 a la poblaci\u00f3n a vacunar a sus mascotas para continuar sin casos de rabia en la entidad, adem\u00e1s de ser due\u00f1os responsables y evitar abandono de los animales. \u201cEllos son un miembro m\u00e1s de la familia, cuidar su salud es cuidar la nuestra, por ello promover el respeto, el cuidado y la tenencia responsable de mascotas, es tarea de todos\u201d dijo.<\/p>\n<p>C\u00e9sar G\u00f3mez se\u00f1al\u00f3 que durante 2017 ser\u00e1n aplicadas un total de 3 millones 340 mil 751 dosis en perros y gatos, como parte de la estrategia efectiva para proteger la salud de m\u00e1s de 17 millones de mexiquenses.<\/p>\n<p><em><a href=\"mailto:montanezaguilar@gmail.com\" target=\"_blank\">montanezaguilar@gmail.com<\/a><\/em><\/p>\n<p>&nbsp;<\/p>\n<p>&nbsp;<\/p>\n<p>&nbsp;<\/p>\n<p>&nbsp;<\/p>\n","protected":false},"excerpt":{"rendered":"<p><span style=\"color: #005497;\">Jos\u00e9 Luis Monta\u00f1ez Aguilar<\/span><br \/>\n<br \/>\nDe acuerdo con el Consejo Nacional de Evaluaci\u00f3n de la Pol\u00edtica de Desarrollo Social (Coneval), Eruviel \u00c1vila Villegas destac\u00f3 que en el Estado de M\u00e9xico, en un periodo de cinco a\u00f1os, 2.8 millones de personas m\u00e1s cuentan con seguridad alimentaria y al cierre del a\u00f1o 2015, 1.6 millones de mexiquenses m\u00e1s que en 2010 tienen acceso a la alimentaci\u00f3n.<\/p>\n","protected":false},"author":3,"featured_media":318633,"comment_status":"open","ping_status":"open","sticky":false,"template":"","format":"standard","meta":{"_monsterinsights_skip_tracking":false,"_monsterinsights_sitenote_active":false,"_monsterinsights_sitenote_note":"","_monsterinsights_sitenote_category":0,"footnotes":""},"categories":[35155],"tags":[13284,43704,43674],"class_list":["post-318535","post","type-post","status-publish","format-standard","has-post-thumbnail","hentry","category-estado-de-mexico-estado-de-mexico","tag-arco-norte","tag-jose-luis-montanez-aguilar","tag-opinion"],"_links":{"self":[{"href":"https:\/\/www.diarioimagen.net\/index.php?rest_route=\/wp\/v2\/posts\/318535","targetHints":{"allow":["GET"]}}],"collection":[{"href":"https:\/\/www.diarioimagen.net\/index.php?rest_route=\/wp\/v2\/posts"}],"about":[{"href":"https:\/\/www.diarioimagen.net\/index.php?rest_route=\/wp\/v2\/types\/post"}],"author":[{"embeddable":true,"href":"https:\/\/www.diarioimagen.net\/index.php?rest_route=\/wp\/v2\/users\/3"}],"replies":[{"embeddable":true,"href":"https:\/\/www.diarioimagen.net\/index.php?rest_route=%2Fwp%2Fv2%2Fcomments&post=318535"}],"version-history":[{"count":0,"href":"https:\/\/www.diarioimagen.net\/index.php?rest_route=\/wp\/v2\/posts\/318535\/revisions"}],"wp:featuredmedia":[{"embeddable":true,"href":"https:\/\/www.diarioimagen.net\/index.php?rest_route=\/wp\/v2\/media\/318633"}],"wp:attachment":[{"href":"https:\/\/www.diarioimagen.net\/index.php?rest_route=%2Fwp%2Fv2%2Fmedia&parent=318535"}],"wp:term":[{"taxonomy":"category","embeddable":true,"href":"https:\/\/www.diarioimagen.net\/index.php?rest_route=%2Fwp%2Fv2%2Fcategories&post=318535"},{"taxonomy":"post_tag","embeddable":true,"href":"https:\/\/www.diarioimagen.net\/index.php?rest_route=%2Fwp%2Fv2%2Ftags&post=318535"}],"curies":[{"name":"wp","href":"https:\/\/api.w.org\/{rel}","templated":true}]}}