{"id":318546,"date":"2017-03-27T00:09:14","date_gmt":"2017-03-27T06:09:14","guid":{"rendered":"http:\/\/www.diarioimagen.net\/?p=318546"},"modified":"2017-03-27T22:39:26","modified_gmt":"2017-03-28T04:39:26","slug":"conceden-otro-amparo-contra-las-fotomultas","status":"publish","type":"post","link":"https:\/\/www.diarioimagen.net\/?p=318546","title":{"rendered":"Conceden otro amparo contra las fotomultas"},"content":{"rendered":"<ul>\n<li><strong><em>Son inconstitucionales, reitera juez<\/em><\/strong><\/li>\n<\/ul>\n<h6>Jos\u00e9 Luis Monta\u00f1ez<\/h6>\n<p>&nbsp;<\/p>\n<div id=\"attachment_318665\" style=\"width: 470px\" class=\"wp-caption aligncenter\"><a href=\"http:\/\/www.diarioimagen.net\/?attachment_id=318665\" rel=\"attachment wp-att-318665\"><img loading=\"lazy\" decoding=\"async\" aria-describedby=\"caption-attachment-318665\" class=\"size-large wp-image-318665\" src=\"http:\/\/www.diarioimagen.net\/wp-content\/uploads\/2017\/03\/FOTOMULTAS-3086-460x259.jpg\" alt=\"\" width=\"460\" height=\"259\" srcset=\"https:\/\/www.diarioimagen.net\/wp-content\/uploads\/2017\/03\/FOTOMULTAS-3086-460x259.jpg 460w, https:\/\/www.diarioimagen.net\/wp-content\/uploads\/2017\/03\/FOTOMULTAS-3086-240x135.jpg 240w, https:\/\/www.diarioimagen.net\/wp-content\/uploads\/2017\/03\/FOTOMULTAS-3086-235x132.jpg 235w, https:\/\/www.diarioimagen.net\/wp-content\/uploads\/2017\/03\/FOTOMULTAS-3086-202x114.jpg 202w, https:\/\/www.diarioimagen.net\/wp-content\/uploads\/2017\/03\/FOTOMULTAS-3086-350x196.jpg 350w, https:\/\/www.diarioimagen.net\/wp-content\/uploads\/2017\/03\/FOTOMULTAS-3086-220x123.jpg 220w, https:\/\/www.diarioimagen.net\/wp-content\/uploads\/2017\/03\/FOTOMULTAS-3086-237x132.jpg 237w, https:\/\/www.diarioimagen.net\/wp-content\/uploads\/2017\/03\/FOTOMULTAS-3086.jpg 480w\" sizes=\"auto, (max-width: 460px) 100vw, 460px\" \/><\/a><p id=\"caption-attachment-318665\" class=\"wp-caption-text\">El gobierno de Ciudad de M\u00e9xico viola el derecho de audiencia en la aplicaci\u00f3n de las fotomultas, se\u00f1alan jueces.<\/p><\/div>\n<p>&nbsp;<\/p>\n<p>Conceden otro amparo contra las fotomultas, pr\u00e1cticamente en los mismos t\u00e9rminos que los esgrimidos por el juez Fernando Silva a principios de marzo, es decir, por considerar que el gobierno de Ciudad de M\u00e9xico viola el derecho de audiencia de los presuntos automovilistas infractores.<\/p>\n<p>El amparo concedido ahora por el juez VI de Distrito en Materia Administrativa de la Ciudad de M\u00e9xico, Francisco Javier Rebolledo Pe\u00f1a, se basa en que se han detectado otras tantas arbitrariedades, como el hecho de que muchas fotomultas han llegado a los domicilios de los afectados sin indicar el lugar, la fecha, ni las condiciones de la infracci\u00f3n.<\/p>\n<p>Es m\u00e1s, ni siquiera aparece el nombre de alg\u00fan agente de tr\u00e1nsito, sin contar que las multas llegan varios meses despu\u00e9s de la supuesta comisi\u00f3n de la infracci\u00f3n vial.<\/p>\n<p>Cabe recordar que, adem\u00e1s, ya est\u00e1n en curso otros amparos en los cuales se impugna el contrato del gobierno de la Ciudad de M\u00e9xico, que encabeza el doctor Miguel \u00c1ngel Mancera, con la empresa Autotraffic.<\/p>\n<p>Los nuevos amparos que han llegado a los juzgados federales impugnan dos asuntos centrales:<\/p>\n<p>Uno, que sea una empresa privada y no el Estado, el gobierno de la CDMX, la que imponga infracciones a los automovilistas, toda vez que las atribuciones son de la autoridad, en este caso, de la Secretar\u00eda de Seguridad P\u00fablica.<\/p>\n<p>Y, dos, que la prioridad del gobierno capitalino sea cobrar las ganancias que obtiene por las fotomultas, en lugar de desalentar la comisi\u00f3n de infracciones viales.<\/p>\n<p>Lo anterior, debido a que en el contrato se contempla el aliciente de la productividad, ya que la empresa cobrar\u00e1 m\u00e1s, mientras m\u00e1s fotomultas imponga.<\/p>\n<p>Los nuevos amparos cuestionan cu\u00e1l es la prioridad de la Secretar\u00eda de Seguridad P\u00fablica capitalina, respetar el reglamento de tr\u00e1nsito y evitar accidentes e infracciones o romper r\u00e9cord en la imposici\u00f3n y cobro de las fotomultas.<\/p>\n<p>&nbsp;<\/p>\n","protected":false},"excerpt":{"rendered":"<p><span style=\"color: #005497;\">Jos\u00e9 Luis Monta\u00f1ez<\/span><br \/>\n<br \/>\nConceden otro amparo contra las fotomultas, pr\u00e1cticamente en los mismos t\u00e9rminos que los esgrimidos por el juez Fernando Silva a principios de marzo, es decir, por considerar que el gobierno de Ciudad de M\u00e9xico viola el derecho de audiencia de los presuntos automovilistas infractores.<\/p>\n","protected":false},"author":3,"featured_media":318665,"comment_status":"open","ping_status":"open","sticky":false,"template":"","format":"standard","meta":{"_monsterinsights_skip_tracking":false,"_monsterinsights_sitenote_active":false,"_monsterinsights_sitenote_note":"","_monsterinsights_sitenote_category":0,"footnotes":""},"categories":[6],"tags":[5331,204,47548],"class_list":["post-318546","post","type-post","status-publish","format-standard","has-post-thumbnail","hentry","category-cd-de-mexico","tag-amparo","tag-ciudad-de-mexico","tag-fotomultas"],"_links":{"self":[{"href":"https:\/\/www.diarioimagen.net\/index.php?rest_route=\/wp\/v2\/posts\/318546","targetHints":{"allow":["GET"]}}],"collection":[{"href":"https:\/\/www.diarioimagen.net\/index.php?rest_route=\/wp\/v2\/posts"}],"about":[{"href":"https:\/\/www.diarioimagen.net\/index.php?rest_route=\/wp\/v2\/types\/post"}],"author":[{"embeddable":true,"href":"https:\/\/www.diarioimagen.net\/index.php?rest_route=\/wp\/v2\/users\/3"}],"replies":[{"embeddable":true,"href":"https:\/\/www.diarioimagen.net\/index.php?rest_route=%2Fwp%2Fv2%2Fcomments&post=318546"}],"version-history":[{"count":0,"href":"https:\/\/www.diarioimagen.net\/index.php?rest_route=\/wp\/v2\/posts\/318546\/revisions"}],"wp:featuredmedia":[{"embeddable":true,"href":"https:\/\/www.diarioimagen.net\/index.php?rest_route=\/wp\/v2\/media\/318665"}],"wp:attachment":[{"href":"https:\/\/www.diarioimagen.net\/index.php?rest_route=%2Fwp%2Fv2%2Fmedia&parent=318546"}],"wp:term":[{"taxonomy":"category","embeddable":true,"href":"https:\/\/www.diarioimagen.net\/index.php?rest_route=%2Fwp%2Fv2%2Fcategories&post=318546"},{"taxonomy":"post_tag","embeddable":true,"href":"https:\/\/www.diarioimagen.net\/index.php?rest_route=%2Fwp%2Fv2%2Ftags&post=318546"}],"curies":[{"name":"wp","href":"https:\/\/api.w.org\/{rel}","templated":true}]}}