{"id":318562,"date":"2017-03-27T00:04:15","date_gmt":"2017-03-27T06:04:15","guid":{"rendered":"http:\/\/www.diarioimagen.net\/?p=318562"},"modified":"2017-03-27T04:26:49","modified_gmt":"2017-03-27T10:26:49","slug":"arranca-reafiliacion-nacional-al-seguro-popular-2017-en-cuautitlan","status":"publish","type":"post","link":"https:\/\/www.diarioimagen.net\/?p=318562","title":{"rendered":"Arranca reafiliaci\u00f3n nacional al Seguro Popular 2017 en Cuautitl\u00e1n"},"content":{"rendered":"<p><a href=\"http:\/\/www.diarioimagen.net\/?attachment_id=318642\" rel=\"attachment wp-att-318642\"><img loading=\"lazy\" decoding=\"async\" class=\"aligncenter size-large wp-image-318642\" src=\"http:\/\/www.diarioimagen.net\/wp-content\/uploads\/2017\/03\/CUAUTITLAN-3086-460x259.jpg\" alt=\"\" width=\"460\" height=\"259\" srcset=\"https:\/\/www.diarioimagen.net\/wp-content\/uploads\/2017\/03\/CUAUTITLAN-3086-460x259.jpg 460w, https:\/\/www.diarioimagen.net\/wp-content\/uploads\/2017\/03\/CUAUTITLAN-3086-240x135.jpg 240w, https:\/\/www.diarioimagen.net\/wp-content\/uploads\/2017\/03\/CUAUTITLAN-3086-235x132.jpg 235w, https:\/\/www.diarioimagen.net\/wp-content\/uploads\/2017\/03\/CUAUTITLAN-3086-202x114.jpg 202w, https:\/\/www.diarioimagen.net\/wp-content\/uploads\/2017\/03\/CUAUTITLAN-3086-350x196.jpg 350w, https:\/\/www.diarioimagen.net\/wp-content\/uploads\/2017\/03\/CUAUTITLAN-3086-220x123.jpg 220w, https:\/\/www.diarioimagen.net\/wp-content\/uploads\/2017\/03\/CUAUTITLAN-3086-237x132.jpg 237w, https:\/\/www.diarioimagen.net\/wp-content\/uploads\/2017\/03\/CUAUTITLAN-3086.jpg 480w\" sizes=\"auto, (max-width: 460px) 100vw, 460px\" \/><\/a><\/p>\n<p>&nbsp;<\/p>\n<p><strong>Cuautitl\u00e1n, Estado de M\u00e9xico.-<\/strong> Con la presencia de los secretarios de\u00a0Salud\u00a0federal y estatal, Jos\u00e9 Narro y C\u00e9sar G\u00f3mez, respectivamente, dieron arranque formal a la\u00a0Reafiliaci\u00f3n Nacional de Seguro Popular, que este a\u00f1o pretende revalidar los servicios de salud de m\u00e1s 17 millones de mexicanos, de los cuales 2.1 son mexiquenses.<\/p>\n<p>En su oportunidad la presidenta por Ministerio de Ley Natalia L\u00f3pez V\u00e1zquez, se\u00f1al\u00f3 que la Jurisdicci\u00f3n Sanitaria ubicada en nuestro municipio cuenta con 462 mil beneficiados que representan el 6.44% del total del Estado de M\u00e9xico.<\/p>\n","protected":false},"excerpt":{"rendered":"<p>Con la presencia de los secretarios de Salud federal y estatal, Jos\u00e9 Narro y C\u00e9sar G\u00f3mez, respectivamente, dieron arranque formal a la Reafiliaci\u00f3n Nacional de Seguro Popular, que este a\u00f1o pretende revalidar los servicios de salud de m\u00e1s 17 millones de mexicanos, de los cuales 2.1 son mexiquenses.<\/p>\n","protected":false},"author":3,"featured_media":318642,"comment_status":"open","ping_status":"open","sticky":false,"template":"","format":"standard","meta":{"_monsterinsights_skip_tracking":false,"_monsterinsights_sitenote_active":false,"_monsterinsights_sitenote_note":"","_monsterinsights_sitenote_category":0,"footnotes":""},"categories":[35155],"tags":[681,43675,1725],"class_list":["post-318562","post","type-post","status-publish","format-standard","has-post-thumbnail","hentry","category-estado-de-mexico-estado-de-mexico","tag-cuautitlan","tag-estado-de-mexico","tag-seguro-popular"],"_links":{"self":[{"href":"https:\/\/www.diarioimagen.net\/index.php?rest_route=\/wp\/v2\/posts\/318562","targetHints":{"allow":["GET"]}}],"collection":[{"href":"https:\/\/www.diarioimagen.net\/index.php?rest_route=\/wp\/v2\/posts"}],"about":[{"href":"https:\/\/www.diarioimagen.net\/index.php?rest_route=\/wp\/v2\/types\/post"}],"author":[{"embeddable":true,"href":"https:\/\/www.diarioimagen.net\/index.php?rest_route=\/wp\/v2\/users\/3"}],"replies":[{"embeddable":true,"href":"https:\/\/www.diarioimagen.net\/index.php?rest_route=%2Fwp%2Fv2%2Fcomments&post=318562"}],"version-history":[{"count":0,"href":"https:\/\/www.diarioimagen.net\/index.php?rest_route=\/wp\/v2\/posts\/318562\/revisions"}],"wp:featuredmedia":[{"embeddable":true,"href":"https:\/\/www.diarioimagen.net\/index.php?rest_route=\/wp\/v2\/media\/318642"}],"wp:attachment":[{"href":"https:\/\/www.diarioimagen.net\/index.php?rest_route=%2Fwp%2Fv2%2Fmedia&parent=318562"}],"wp:term":[{"taxonomy":"category","embeddable":true,"href":"https:\/\/www.diarioimagen.net\/index.php?rest_route=%2Fwp%2Fv2%2Fcategories&post=318562"},{"taxonomy":"post_tag","embeddable":true,"href":"https:\/\/www.diarioimagen.net\/index.php?rest_route=%2Fwp%2Fv2%2Ftags&post=318562"}],"curies":[{"name":"wp","href":"https:\/\/api.w.org\/{rel}","templated":true}]}}