{"id":318566,"date":"2017-03-27T00:01:29","date_gmt":"2017-03-27T06:01:29","guid":{"rendered":"http:\/\/www.diarioimagen.net\/?p=318566"},"modified":"2017-03-27T23:07:01","modified_gmt":"2017-03-28T05:07:01","slug":"hoy-sera-inaugurado-el-tianguis-turistico-acapulco-2017-con-2600-expositores-y-900-empresas-compradores-confirmados","status":"publish","type":"post","link":"https:\/\/www.diarioimagen.net\/?p=318566","title":{"rendered":"Hoy ser\u00e1 inaugurado el Tianguis Tur\u00edstico Acapulco 2017, con 2,600 expositores y 900 empresas compradores confirmados"},"content":{"rendered":"<h2>De cinco estrellas<\/h2>\n<h5>Victoria Gonz\u00e1lez Prado<\/h5>\n<p>&nbsp;<\/p>\n<ul>\n<li><em><strong>Nombra la ALDF embajadores tur\u00edsticos a Carlos Slim Domit, Elena Poniatowska, Fidel Ovando Zavala, Miguel Alem\u00e1n Magnani, Susana Palazuelos, Jos\u00e9 Abed Rouanett y Alejandro Sober\u00f3n Kuri<\/strong><\/em><\/li>\n<\/ul>\n<p><strong>\u00a0<\/strong><\/p>\n<div id=\"attachment_318648\" style=\"width: 470px\" class=\"wp-caption aligncenter\"><a href=\"http:\/\/www.diarioimagen.net\/?attachment_id=318648\" rel=\"attachment wp-att-318648\"><img loading=\"lazy\" decoding=\"async\" aria-describedby=\"caption-attachment-318648\" class=\"size-large wp-image-318648\" src=\"http:\/\/www.diarioimagen.net\/wp-content\/uploads\/2017\/03\/turismo-3086-460x259.jpg\" alt=\"\" width=\"460\" height=\"259\" srcset=\"https:\/\/www.diarioimagen.net\/wp-content\/uploads\/2017\/03\/turismo-3086-460x259.jpg 460w, https:\/\/www.diarioimagen.net\/wp-content\/uploads\/2017\/03\/turismo-3086-240x135.jpg 240w, https:\/\/www.diarioimagen.net\/wp-content\/uploads\/2017\/03\/turismo-3086-235x132.jpg 235w, https:\/\/www.diarioimagen.net\/wp-content\/uploads\/2017\/03\/turismo-3086-202x114.jpg 202w, https:\/\/www.diarioimagen.net\/wp-content\/uploads\/2017\/03\/turismo-3086-350x196.jpg 350w, https:\/\/www.diarioimagen.net\/wp-content\/uploads\/2017\/03\/turismo-3086-220x123.jpg 220w, https:\/\/www.diarioimagen.net\/wp-content\/uploads\/2017\/03\/turismo-3086-237x132.jpg 237w, https:\/\/www.diarioimagen.net\/wp-content\/uploads\/2017\/03\/turismo-3086.jpg 480w\" sizes=\"auto, (max-width: 460px) 100vw, 460px\" \/><\/a><p id=\"caption-attachment-318648\" class=\"wp-caption-text\">La bah\u00eda de Santa Luc\u00eda.<\/p><\/div>\n<p>&nbsp;<\/p>\n<p><strong>Acapulco, Guerrero.-<\/strong> Ochenta y seis pa\u00edses, adem\u00e1s de M\u00e9xico, han confirmado en la 42 versi\u00f3n del Tianguis Tur\u00edstico que hoy regresa a la bah\u00eda que lo vio nacer hace exactamente 42 a\u00f1os.<\/p>\n<p>Se registraron ya 2,600 expositores y 900 empresas compradoras y se estima que podr\u00edan alcanzarse 37,000 citas de negocios.<\/p>\n<p>Retomando las cifras del Tianguis Tur\u00edstico que tuvo lugar el a\u00f1o pasado (2016), en Guadalajara, cont\u00f3 con 3,176 expositores (576\u00a0 m\u00e1s que en el Tianguis a inaugurarse hoy, 910 empresas (10 m\u00e1s) y 79 pa\u00edses participantes (seis menos que los que hay en Acapulco), y 37,022 citas de negocios, poco m\u00e1s de lo que se espera para el puerto.<\/p>\n<p>Para este a\u00f1o, se presentar\u00e1 como innovaci\u00f3n la organizaci\u00f3n de Encuentros de Negocios en el marco del programa \u201cCon\u00e9ctate al Turismo\u201d que incluye \u201cMejora tu Hotel\u201d y \u201cMejora tu Restaurante\u201d.<\/p>\n<p>El Tianguis tendr\u00e1 como sede la zona de Acapulco Diamante y ser\u00e1 en el Fuerte de San Diego se presentar\u00e1 el <em>videomaping<\/em>. En La Quebrada se develar\u00e1 una escultura del reci\u00e9n fallecido autor y cantante Juan Gabriel. Tambi\u00e9n se estrenar\u00e1 la tirolesa m\u00e1s larga sobre el mar, con una longitud de 1.4 km, y quiz\u00e1 se inaugure el t\u00fanel entre la zona Diamante y la zona de Acapulco Condesa.<\/p>\n<p>Mundo Imperial, en la zona Diamante, es uno de los atractivos m\u00e1s ambiciosos de Acapulco, integrado por F\u00f3rum Imperial, recinto con capacidad para m\u00e1s de 4,000 personas que ofrece lo mejor en tecnolog\u00eda de espect\u00e1culos; el centro de convenciones y exhibiciones llamado La Expo, \u00e1rea que contempla un total de 68,000 m2; el resort de 814 habitaciones que abri\u00f3 sus puertas a finales de 2014 y el <em>Promenade,<\/em> paseo cultural y gastron\u00f3mico. Adicionalmente, en 2015 Mundo Imperial adquiri\u00f3 los legendarios hoteles <em>Acapulco Princess &amp; Pierre Marqu\u00e9s<\/em>, incorpor\u00e1ndose a este magno complejo tur\u00edstico. <em>B Pichilingue<\/em> es otro importante desarrollo tur\u00edstico enclavado en la bah\u00eda de Puerto Marqu\u00e9s, con un concepto de vanguardia ofrece exclusividad total, amenidades, acceso controlado y servicio calificado. Un lugar original que ser\u00e1 el nuevo \u00edcono social y deportivo en el puerto.<\/p>\n<p>Por otra parte, Grupo Posadas ya inici\u00f3 la construcci\u00f3n de su nueva propiedad en Acapulco Diamante, <em>Fiesta Americana Grand<\/em>, un hotel de 350 habitaciones, tres albercas tem\u00e1ticas, \u00e1rea para congresos y convenciones y restaurantes de especialidades. Mientras que Grupo Vidanta inici\u00f3 la construcci\u00f3n de lujosas villas que funcionar\u00e1n de manera independiente al hotel.<\/p>\n<p>Finalmente, el Grupo OMA, operador del Aeropuerto Internacional de Acapulco, invertir\u00e1 en la construcci\u00f3n de una moderna terminal a\u00e9rea en este puerto, con la cual se incrementar\u00e1 la capacidad de recepci\u00f3n de pasajeros de un mill\u00f3n a 2 millones de personas anualmente.<\/p>\n<p>As\u00ed, Acapulco empieza a renovar su infraestructura y oferta tur\u00edstica, intentando mantenerse a la vanguardia y como uno de los destinos m\u00e1s reconocidos y visitados, por viajeros nacionales e extranjeros.<\/p>\n<p>\u2730\u2730\u2730\u2730\u2730 El pleno de la Asamblea Legislativa del Distrito Federal (ALDF), aprob\u00f3 por mayor\u00eda, la propuesta de la Comisi\u00f3n de Turismo, para nombrar embajadores tur\u00edsticos de la Ciudad de M\u00e9xico a <strong>Carlos Slim Domit<\/strong>, <strong>Elena Poniatowska<\/strong>, <strong>Fidel Ovando Zavala<\/strong>, <strong>Miguel Alem\u00e1n Magnani<\/strong>, <strong>Susana Palazuelos<\/strong>, <strong>Jos\u00e9 Abed Rouanett<\/strong> y <strong>Alejandro Sober\u00f3n Kuri<\/strong>, quienes han contribuido en el fomento del turismo en la capital del pa\u00eds, y con la intenci\u00f3n de que contin\u00faen difundiendo y promoviendo el patrimonio tur\u00edstico para incrementar la proyecci\u00f3n de la capital del pa\u00eds como uno de los mejores destinos del mundo.<\/p>\n<p>A nombre de la comisi\u00f3n, su presidenta, la diputada <strong>Luisa Alp\u00edzar Castellanos<\/strong> (PRD), present\u00f3 dicho punto de acuerdo, el cual pretende reconocer la labor y trayectoria de diversas personalidades, que con su labor han contribuido al fomento de la actividad tur\u00edstica en esta ciudad.<\/p>\n<p>De esta forma y al hacer uso de la palabra, Alp\u00edzar Castellanos indic\u00f3: \u201cla Ciudad de M\u00e9xico es el destino m\u00e1s visitado en el pa\u00eds, Centro y Sudam\u00e9rica con poco m\u00e1s de 13 millones de turistas que se hospedan en nuestros hoteles y los embajadores han ayudado en eso\u201d.<\/p>\n<p>Asimismo, destac\u00f3 que el cargo de embajador tur\u00edstico \u201cse concede a personalidades destacadas, que desde su \u00e1mbito de actividades e investidura, contribuyen al fomento y promoci\u00f3n del turismo en esta ciudad. Esta designaci\u00f3n\u00a0 es un ejemplo de reconocimiento a la importancia que tiene la actividad tur\u00edstica y una forma de estimular que se inviertan mayores esfuerzos en este sector\u201d.<\/p>\n<p><strong>Carlos Slim Domit<\/strong> es fundador de la Escuder\u00eda Telmex, de cuyas filas han salido importantes corredores de autos, fue el principal promotor para traer de regreso la F\u00f3rmula 1 a la Ciudad de M\u00e9xico en el a\u00f1o 2015, evento que se ha convertido en uno de los mayores atractivos tur\u00edsticos de la ciudad y seg\u00fan datos de la Secretar\u00eda de Turismo de la Ciudad de M\u00e9xico, en su edici\u00f3n 2016 dej\u00f3 una derrama econ\u00f3mica aproximada de 450 millones de d\u00f3lares.<\/p>\n<p><strong>Elena Poniatowska<\/strong>, reconocida en el mundo de las letras a nivel internacional, Premio Cervantes 2013, gran parte de su obra y trabajo period\u00edstico est\u00e1 inspirado en esta ciudad con t\u00edtulos como \u201cTodo empez\u00f3 el domingo\u201d, \u201cNada, nadie\u201d o \u201cPaseo de la Reforma\u201d, as\u00ed como en sus habitantes, tradiciones, s\u00edmbolos, historia, arquitectura; condiciones de clase y sus luchas sociales.<\/p>\n<p>Tambi\u00e9n, <strong>Fidel Ovando Zavala<\/strong>, presidente de la Asociaci\u00f3n Mexicana de Agencias de Viajes del Distrito Federal, quien ha promovido activamente la Ciudad de M\u00e9xico y su acervo hist\u00f3rico, cultural, gastron\u00f3mico, de infraestructura y tur\u00edstico, en los principales mercados internacionales, participando cada a\u00f1o en las ferias con m\u00e1s relevancia de la industria tur\u00edstica como el Tianguis Tur\u00edstico de M\u00e9xico, Fitur en Espa\u00f1a, WTM de Reino Unido, ITB de Alemania, y otras.<\/p>\n<p><strong>Miguel Alem\u00e1n Magnani<\/strong>, fundador y presidente ejecutivo de la aerol\u00ednea Interjet, quien ha manifestado su preocupaci\u00f3n por impulsar el turismo, as\u00ed como universalizar el acceso a la transportaci\u00f3n a\u00e9rea, incrementando las rutas que conectan a la Ciudad de M\u00e9xico con otras ciudades del pa\u00eds, Estados Unidos y Sudam\u00e9rica.<\/p>\n<p><strong>Jos\u00e9 Abed Rouanett<\/strong>, hombre sobresaliente en el \u00e1mbito empresarial, tur\u00edstico, econ\u00f3mico y deportivo. Vicepresidente de la Federaci\u00f3n Internacional del Automovilismo (FIA) y presidente de la Organizaci\u00f3n Mexicana del Deporte Automovil\u00edstico Internacional (Omdai), encabez\u00f3 las relaciones para convencer a <strong>Bernie Ecclestone<\/strong>, due\u00f1o del Gran Circo, de programar una fecha en el Aut\u00f3dromo Hermanos Rodr\u00edguez. Con gran experiencia en el automovilismo, no s\u00f3lo por tener a su cargo el circuito de Amozoc, pues en su curr\u00edculum destaca que fue organizador del Gran Premio de M\u00e9xico, entre 1986 y 1992.<\/p>\n<p><strong>Alejandro Sober\u00f3n Kuri<\/strong>, preside Corporaci\u00f3n Interamericana de Entretenimiento (CIE), compa\u00f1\u00eda que ofrece una gama diversa de opciones de entretenimiento: conciertos, producciones teatrales, eventos deportivos, familiares y culturales, entre otros. en ciudades grandes y medianas de alto potencial econ\u00f3mico y crecimiento poblacional del mercado mexicano, as\u00ed como en la regi\u00f3n centroamericana y Colombia. Tambi\u00e9n opera un parque de diversiones y un parque acu\u00e1tico, que conforman el desarrollo El Salitre, en Bogot\u00e1, Colombia.<\/p>\n<p>Finalmente, <strong>Susana Palazuelos<\/strong>, galardonada con m\u00e1s de 50 reconocimientos y 11 medallas a nivel mundial por su trabajo gastron\u00f3mico. La chef mexicana recibi\u00f3 el Premio Nacional y homenaje por ser pionera en promover el turismo y la gastronom\u00eda mexicana por parte del gobierno de esta ciudad y el Consejo Nacional de Cultura Gastron\u00f3mica.<\/p>\n<p><em><a href=\"mailto:victoriagprado@gmail.com\" target=\"_blank\">victoriagprado@gmail.com<\/a><\/em><br \/>\n<em>Twitter:\u00a0<a href=\"https:\/\/twitter.com\/victoriagprado\" target=\"_blank\">@victoriagprado<\/a><\/em><\/p>\n","protected":false},"excerpt":{"rendered":"<p>Ochenta y seis pa\u00edses, adem\u00e1s de M\u00e9xico, han confirmado en la 42 versi\u00f3n del Tianguis Tur\u00edstico que hoy regresa a la bah\u00eda que lo vio nacer hace exactamente 42 a\u00f1os.<\/p>\n","protected":false},"author":3,"featured_media":318648,"comment_status":"open","ping_status":"open","sticky":false,"template":"","format":"standard","meta":{"_monsterinsights_skip_tracking":false,"_monsterinsights_sitenote_active":false,"_monsterinsights_sitenote_note":"","_monsterinsights_sitenote_category":0,"footnotes":""},"categories":[11],"tags":[107,43674,43681,106],"class_list":["post-318566","post","type-post","status-publish","format-standard","has-post-thumbnail","hentry","category-turismo","tag-de-cinco-estrellas","tag-opinion","tag-turismo","tag-victoria-gonzalez-prado"],"_links":{"self":[{"href":"https:\/\/www.diarioimagen.net\/index.php?rest_route=\/wp\/v2\/posts\/318566","targetHints":{"allow":["GET"]}}],"collection":[{"href":"https:\/\/www.diarioimagen.net\/index.php?rest_route=\/wp\/v2\/posts"}],"about":[{"href":"https:\/\/www.diarioimagen.net\/index.php?rest_route=\/wp\/v2\/types\/post"}],"author":[{"embeddable":true,"href":"https:\/\/www.diarioimagen.net\/index.php?rest_route=\/wp\/v2\/users\/3"}],"replies":[{"embeddable":true,"href":"https:\/\/www.diarioimagen.net\/index.php?rest_route=%2Fwp%2Fv2%2Fcomments&post=318566"}],"version-history":[{"count":0,"href":"https:\/\/www.diarioimagen.net\/index.php?rest_route=\/wp\/v2\/posts\/318566\/revisions"}],"wp:featuredmedia":[{"embeddable":true,"href":"https:\/\/www.diarioimagen.net\/index.php?rest_route=\/wp\/v2\/media\/318648"}],"wp:attachment":[{"href":"https:\/\/www.diarioimagen.net\/index.php?rest_route=%2Fwp%2Fv2%2Fmedia&parent=318566"}],"wp:term":[{"taxonomy":"category","embeddable":true,"href":"https:\/\/www.diarioimagen.net\/index.php?rest_route=%2Fwp%2Fv2%2Fcategories&post=318566"},{"taxonomy":"post_tag","embeddable":true,"href":"https:\/\/www.diarioimagen.net\/index.php?rest_route=%2Fwp%2Fv2%2Ftags&post=318566"}],"curies":[{"name":"wp","href":"https:\/\/api.w.org\/{rel}","templated":true}]}}