{"id":319353,"date":"2017-03-31T00:08:17","date_gmt":"2017-03-31T06:08:17","guid":{"rendered":"http:\/\/www.diarioimagen.net\/?p=319353"},"modified":"2017-04-03T01:30:02","modified_gmt":"2017-04-03T06:30:02","slug":"entregan-angelica-rivera-y-eruviel-avila-universidad-de-la-experiencia","status":"publish","type":"post","link":"https:\/\/www.diarioimagen.net\/?p=319353","title":{"rendered":"Entregan Universidad de la Experiencia para adultos"},"content":{"rendered":"<ul>\n<li><em><strong>Ang\u00e9lica Rivera y Eruviel \u00c1vila<\/strong><\/em><\/li>\n<li><em><strong>Permitir\u00e1 a los ancianos mexiquenses seguirse preparando<\/strong><\/em><\/li>\n<\/ul>\n<p><strong>\u00a0<\/strong><\/p>\n<div id=\"attachment_319354\" style=\"width: 470px\" class=\"wp-caption aligncenter\"><a href=\"http:\/\/www.diarioimagen.net\/?attachment_id=319354\" rel=\"attachment wp-att-319354\"><img loading=\"lazy\" decoding=\"async\" aria-describedby=\"caption-attachment-319354\" class=\"wp-image-319354 size-large\" src=\"http:\/\/www.diarioimagen.net\/wp-content\/uploads\/2017\/03\/ARCO-31-portal-460x268.jpg\" alt=\"\" width=\"460\" height=\"268\" srcset=\"https:\/\/www.diarioimagen.net\/wp-content\/uploads\/2017\/03\/ARCO-31-portal-460x268.jpg 460w, https:\/\/www.diarioimagen.net\/wp-content\/uploads\/2017\/03\/ARCO-31-portal-240x140.jpg 240w, https:\/\/www.diarioimagen.net\/wp-content\/uploads\/2017\/03\/ARCO-31-portal.jpg 480w\" sizes=\"auto, (max-width: 460px) 100vw, 460px\" \/><\/a><p id=\"caption-attachment-319354\" class=\"wp-caption-text\">Eruviel \u00c1vila y Ang\u00e9lica Rivera atestiguaron los convenios del DIF nacional con la Universidad Aut\u00f3noma del Estado de M\u00e9xico para prevenir la violencia escolar.<\/p><\/div>\n<p>&nbsp;<\/p>\n<p><strong>Tec\u00e1mac, Estado de M\u00e9xico<\/strong>.- Ang\u00e9lica Rivera de Pe\u00f1a, presidenta del Consejo Ciudadano Consultivo del Sistema DIF nacional y el gobernador Eruviel \u00c1vila Villegas, entregaron la Unidad de Estudios Superiores para Adultos Mayores de Ecatepec, en la que las personas de la tercera edad pueden prepararse acad\u00e9micamente en carreras como Derecho y Administraci\u00f3n, teniendo la oportunidad de seguir desarroll\u00e1ndose y con ello contribuir a su crecimiento personal.<\/p>\n<p>\u201cEste es un compromiso presidencial, es un compromiso que hizo el presidente Enrique Pe\u00f1a Nieto, en su momento, siendo candidato, y hoy es una realidad, y esta universidad va a permitir que nuestros adultos mayores se puedan formar, puedan estudiar carreras como las de Derecho, carreras como la de Administraci\u00f3n, porque nunca es tarde para estudiar, nunca es tarde para prepararse\u201d, manifest\u00f3 Eruviel \u00c1vila.<\/p>\n<p>En el Auditorio Metropolitano del Valle de M\u00e9xico, la se\u00f1ora Ang\u00e9lica Rivera destac\u00f3 el trabajo que se realiza en el Edomex a favor de la mujeres, los estudiantes y los sectores vulnerables, e indic\u00f3 que la Universidad de la Experiencia es un ejemplo a nivel nacional, ya que es un proyecto que permitir\u00e1 que las personas de la tercera edad se capaciten y sobre todo, brindarles una gran motivaci\u00f3n en su vida.<\/p>\n<p>\u201cJuntos, tenemos que seguir trabajando con sensibilidad, con entrega, con todo nuestro amor para las familias mexiquenses y sobre todo para nuestro M\u00e9xico. Estas no son promesas, son realidades y aqu\u00ed se va a seguir trabajando en el Estado de M\u00e9xico para toda esta gente bella\u201d, se\u00f1al\u00f3.<\/p>\n<p>La Unidad de Estudios Superiores para Adultos Mayores de Ecatepec pertenece a la Universidad Mexiquense del Bicentenario, y ofrecer\u00e1 formaci\u00f3n en \u00e1reas como Derecho, Lenguaje y Cultura, Tecnolog\u00edas de la Informaci\u00f3n y Comunicaci\u00f3n, Administraci\u00f3n, Econom\u00eda, Finanzas, Desarrollo Humano, Derechos Humanos y Cultura para la Paz.<\/p>\n<p>Ante 12 mil mujeres de Ecatepec, Tec\u00e1mac y Tultitl\u00e1n, y teniendo como testigos al gobernador Eruviel \u00c1vila y Ang\u00e9lica Rivera, el Sistema DIF nacional firm\u00f3 convenios con la Universidad Aut\u00f3noma del Estado de M\u00e9xico para prevenir la violencia escolar, as\u00ed como con el DIF estatal para destinar recursos a cinco municipios con la finalidad de mejorar el equipamiento en sus unidades de rehabilitaci\u00f3n; adem\u00e1s de apoyar a la Cl\u00ednica de Salud Mental en Toluca donde se da atenci\u00f3n psicol\u00f3gica y psiqui\u00e1trica.<\/p>\n","protected":false},"excerpt":{"rendered":"<p>Ang\u00e9lica Rivera de Pe\u00f1a, presidenta del Consejo Ciudadano Consultivo del Sistema DIF nacional y el gobernador Eruviel \u00c1vila Villegas, entregaron la Unidad de Estudios Superiores para Adultos Mayores de Ecatepec, en la que las personas de la tercera edad pueden prepararse acad\u00e9micamente en carreras como Derecho y Administraci\u00f3n, teniendo la oportunidad de seguir desarroll\u00e1ndose y con ello contribuir a su crecimiento personal.<\/p>\n","protected":false},"author":5,"featured_media":319354,"comment_status":"open","ping_status":"open","sticky":false,"template":"","format":"standard","meta":{"_monsterinsights_skip_tracking":false,"_monsterinsights_sitenote_active":false,"_monsterinsights_sitenote_note":"","_monsterinsights_sitenote_category":0,"footnotes":""},"categories":[5],"tags":[43675,8026],"class_list":["post-319353","post","type-post","status-publish","format-standard","has-post-thumbnail","hentry","category-estado-de-mexico","tag-estado-de-mexico","tag-tecamac"],"_links":{"self":[{"href":"https:\/\/www.diarioimagen.net\/index.php?rest_route=\/wp\/v2\/posts\/319353","targetHints":{"allow":["GET"]}}],"collection":[{"href":"https:\/\/www.diarioimagen.net\/index.php?rest_route=\/wp\/v2\/posts"}],"about":[{"href":"https:\/\/www.diarioimagen.net\/index.php?rest_route=\/wp\/v2\/types\/post"}],"author":[{"embeddable":true,"href":"https:\/\/www.diarioimagen.net\/index.php?rest_route=\/wp\/v2\/users\/5"}],"replies":[{"embeddable":true,"href":"https:\/\/www.diarioimagen.net\/index.php?rest_route=%2Fwp%2Fv2%2Fcomments&post=319353"}],"version-history":[{"count":0,"href":"https:\/\/www.diarioimagen.net\/index.php?rest_route=\/wp\/v2\/posts\/319353\/revisions"}],"wp:featuredmedia":[{"embeddable":true,"href":"https:\/\/www.diarioimagen.net\/index.php?rest_route=\/wp\/v2\/media\/319354"}],"wp:attachment":[{"href":"https:\/\/www.diarioimagen.net\/index.php?rest_route=%2Fwp%2Fv2%2Fmedia&parent=319353"}],"wp:term":[{"taxonomy":"category","embeddable":true,"href":"https:\/\/www.diarioimagen.net\/index.php?rest_route=%2Fwp%2Fv2%2Fcategories&post=319353"},{"taxonomy":"post_tag","embeddable":true,"href":"https:\/\/www.diarioimagen.net\/index.php?rest_route=%2Fwp%2Fv2%2Ftags&post=319353"}],"curies":[{"name":"wp","href":"https:\/\/api.w.org\/{rel}","templated":true}]}}