{"id":319396,"date":"2017-03-31T00:07:23","date_gmt":"2017-03-31T06:07:23","guid":{"rendered":"http:\/\/www.diarioimagen.net\/?p=319396"},"modified":"2017-03-31T03:16:02","modified_gmt":"2017-03-31T09:16:02","slug":"oportunidad-de-desarrollo-para-abuelitos","status":"publish","type":"post","link":"https:\/\/www.diarioimagen.net\/?p=319396","title":{"rendered":"Oportunidad de desarrollo para abuelitos"},"content":{"rendered":"<h2>Arco Norte<\/h2>\n<h5>Jos\u00e9 Luis Monta\u00f1ez Aguilar<\/h5>\n<p>&nbsp;<\/p>\n<p><a href=\"http:\/\/www.diarioimagen.net\/?attachment_id=319495\" rel=\"attachment wp-att-319495\"><img loading=\"lazy\" decoding=\"async\" class=\"aligncenter size-large wp-image-319495\" src=\"http:\/\/www.diarioimagen.net\/wp-content\/uploads\/2017\/03\/arco-3090-460x259.jpg\" alt=\"\" width=\"460\" height=\"259\" srcset=\"https:\/\/www.diarioimagen.net\/wp-content\/uploads\/2017\/03\/arco-3090-460x259.jpg 460w, https:\/\/www.diarioimagen.net\/wp-content\/uploads\/2017\/03\/arco-3090-240x135.jpg 240w, https:\/\/www.diarioimagen.net\/wp-content\/uploads\/2017\/03\/arco-3090-235x132.jpg 235w, https:\/\/www.diarioimagen.net\/wp-content\/uploads\/2017\/03\/arco-3090-202x114.jpg 202w, https:\/\/www.diarioimagen.net\/wp-content\/uploads\/2017\/03\/arco-3090-350x196.jpg 350w, https:\/\/www.diarioimagen.net\/wp-content\/uploads\/2017\/03\/arco-3090-220x123.jpg 220w, https:\/\/www.diarioimagen.net\/wp-content\/uploads\/2017\/03\/arco-3090-237x132.jpg 237w, https:\/\/www.diarioimagen.net\/wp-content\/uploads\/2017\/03\/arco-3090.jpg 480w\" sizes=\"auto, (max-width: 460px) 100vw, 460px\" \/><\/a><\/p>\n<p>&nbsp;<\/p>\n<p>La se\u00f1ora Ang\u00e9lica Rivera de Pe\u00f1a, presidenta del Consejo Ciudadano Consultivo del Sistema DIF nacional, y el gobernador Eruviel \u00c1vila, entregaron la Unidad de Estudios Superiores para Adultos Mayores de Ecatepec, en la cual los abuelitos podr\u00e1n prepararse acad\u00e9micamente en carreras como Derecho y Administraci\u00f3n, teniendo la oportunidad de seguir desarroll\u00e1ndose y contribuir a su crecimiento personal.<\/p>\n<p>Por ello, Ang\u00e9lica Rivera destac\u00f3 el trabajo que se realiza en el Estado de M\u00e9xico a favor de la mujeres, los estudiantes y los sectores vulnerables, e indic\u00f3 que la Universidad de la Experiencia es un ejemplo a nivel nacional, ya que es un proyecto que permitir\u00e1 que las personas de la tercera edad se capaciten y les brindar\u00e1 una motivaci\u00f3n en su vida.<\/p>\n<p>Adem\u00e1s, Eruviel \u00c1vila inform\u00f3 que a trav\u00e9s del DIF nacional se destinaron 65 millones de pesos para la rehabilitaci\u00f3n y modernizaci\u00f3n, por primera ocasi\u00f3n, del Centro de Rehabilitaci\u00f3n y Educaci\u00f3n Especial (CREE) de Toluca, en las \u00e1reas de rehabilitaci\u00f3n f\u00edsica, terapia ocupacional y de lenguaje.<\/p>\n<p>Por ello, el Sistema DIF nacional firm\u00f3 convenios con la Universidad Aut\u00f3noma del Estado de M\u00e9xico (UAEM) para prevenir la violencia escolar, as\u00ed como con el DIF estatal para destinar recursos a cinco municipios para mejorar el equipamiento en sus unidades de rehabilitaci\u00f3n; adem\u00e1s de apoyar a la Cl\u00ednica de Salud Mental en Toluca.<\/p>\n<p style=\"text-align: center;\"><strong>Otorgar\u00e1 Comecyt 360 becas a estudiantes de licenciatura y posgrado<\/strong><\/p>\n<p>Con el objetivo de incrementar el inter\u00e9s de los estudiantes a realizar proyectos de investigaci\u00f3n cient\u00edfica y el desarrollo tecnol\u00f3gico en la entidad, el Consejo Mexiquense de Ciencia y Tecnolog\u00eda (Comecyt) otorgar\u00e1 360 becas para tesis de licenciatura y posgrado. Silvia Cristina Manzur Quiroga, directora general del Comecyt, indic\u00f3 que para este programa de becas, se ejercer\u00e1n 6 millones de pesos durante el segundo semestre del 2017, y destac\u00f3 que el objetivo del programa es apoyar a los estudiantes de nivel licenciatura, especialidad, maestr\u00eda y doctorado que realicen su tesis para la obtenci\u00f3n del grado acad\u00e9mico en materia de ciencia y tecnolog\u00eda.<\/p>\n<p>Detall\u00f3 que la beca consiste en un apoyo \u00fanico que va desde los 10 mil hasta los 30 mil pesos, dependiendo del grado acad\u00e9mico que pretendan obtener los solicitantes. Desde el a\u00f1o 2004, cuando inici\u00f3 este programa, el Comecyt ha beneficiado con becas a 3 mil 970 estudiantes, con una inversi\u00f3n superior a los 64 millones de pesos.<\/p>\n<p><em><a href=\"mailto:montanezaguilar@gmail.com\" target=\"_blank\">montanezaguilar@gmail.com<\/a><\/em><\/p>\n","protected":false},"excerpt":{"rendered":"<p><span style=\"color: #005497;\">Jos\u00e9 Luis Monta\u00f1ez Aguilar<\/span><br \/>\n<br \/>\nLa se\u00f1ora Ang\u00e9lica Rivera de Pe\u00f1a, presidenta del Consejo Ciudadano Consultivo del Sistema DIF nacional, y el gobernador Eruviel \u00c1vila, entregaron la Unidad de Estudios Superiores para Adultos Mayores de Ecatepec, en la cual los abuelitos podr\u00e1n prepararse acad\u00e9micamente en carreras como Derecho y Administraci\u00f3n, teniendo la oportunidad de seguir desarroll\u00e1ndose y contribuir a su crecimiento personal.<\/p>\n","protected":false},"author":3,"featured_media":319495,"comment_status":"open","ping_status":"open","sticky":false,"template":"","format":"standard","meta":{"_monsterinsights_skip_tracking":false,"_monsterinsights_sitenote_active":false,"_monsterinsights_sitenote_note":"","_monsterinsights_sitenote_category":0,"footnotes":""},"categories":[35155],"tags":[13284,43704,43674],"class_list":["post-319396","post","type-post","status-publish","format-standard","has-post-thumbnail","hentry","category-estado-de-mexico-estado-de-mexico","tag-arco-norte","tag-jose-luis-montanez-aguilar","tag-opinion"],"_links":{"self":[{"href":"https:\/\/www.diarioimagen.net\/index.php?rest_route=\/wp\/v2\/posts\/319396","targetHints":{"allow":["GET"]}}],"collection":[{"href":"https:\/\/www.diarioimagen.net\/index.php?rest_route=\/wp\/v2\/posts"}],"about":[{"href":"https:\/\/www.diarioimagen.net\/index.php?rest_route=\/wp\/v2\/types\/post"}],"author":[{"embeddable":true,"href":"https:\/\/www.diarioimagen.net\/index.php?rest_route=\/wp\/v2\/users\/3"}],"replies":[{"embeddable":true,"href":"https:\/\/www.diarioimagen.net\/index.php?rest_route=%2Fwp%2Fv2%2Fcomments&post=319396"}],"version-history":[{"count":0,"href":"https:\/\/www.diarioimagen.net\/index.php?rest_route=\/wp\/v2\/posts\/319396\/revisions"}],"wp:featuredmedia":[{"embeddable":true,"href":"https:\/\/www.diarioimagen.net\/index.php?rest_route=\/wp\/v2\/media\/319495"}],"wp:attachment":[{"href":"https:\/\/www.diarioimagen.net\/index.php?rest_route=%2Fwp%2Fv2%2Fmedia&parent=319396"}],"wp:term":[{"taxonomy":"category","embeddable":true,"href":"https:\/\/www.diarioimagen.net\/index.php?rest_route=%2Fwp%2Fv2%2Fcategories&post=319396"},{"taxonomy":"post_tag","embeddable":true,"href":"https:\/\/www.diarioimagen.net\/index.php?rest_route=%2Fwp%2Fv2%2Ftags&post=319396"}],"curies":[{"name":"wp","href":"https:\/\/api.w.org\/{rel}","templated":true}]}}